{"id":100963,"date":"2020-10-06T05:06:27","date_gmt":"2020-10-06T09:06:27","guid":{"rendered":"https:\/\/linitiative.ca\/International\/letat-a-consenti-dimportants-efforts-pour-desenclaver-les-zones-dombre\/"},"modified":"2020-10-06T05:06:27","modified_gmt":"2020-10-06T09:06:27","slug":"letat-a-consenti-dimportants-efforts-pour-desenclaver-les-zones-dombre","status":"publish","type":"post","link":"https:\/\/linitiative.ca\/International\/letat-a-consenti-dimportants-efforts-pour-desenclaver-les-zones-dombre\/","title":{"rendered":"L\u2019Etat a consenti d&rsquo;importants efforts pour d\u00e9senclaver les zones d&rsquo;ombre"},"content":{"rendered":"<div readability=\"35\">\n<p><strong>MASCARA &#8211; Le ministre des Travaux publics, Farouk Chiali a affirm\u00e9 lundi depuis Mascara que l\u2019Etat avait consenti d\u2019importants efforts pour le d\u00e9senclavement des zones d\u2019ombre \u00e0 la faveur de plusieurs programmes dont les r\u00e9sultats commencent d\u00e9j\u00e0 \u00e0 se faire sentir.<\/strong><\/p>\n<\/div>\n<div readability=\"91.015940488842\">\n<p>S&rsquo;exprimant dans une d\u00e9claration \u00e0 la presse en marge d&rsquo;une visite de travail dans la wilaya, le ministre a soulign\u00e9 que l&rsquo;Etat \u00ab\u00a0a mobilis\u00e9, au cours des derniers mois, d\u2019importantes enveloppes budg\u00e9taires, \u00e0 travers un nombre de programmes de d\u00e9veloppement d\u00e9di\u00e9s notamment \u00e0 l\u2019ouverture, l\u2019am\u00e9nagement et l\u2019entretien des routes rurales, de chemins communaux, et de pistes foresti\u00e8res\u00a0\u00bb.<\/p>\n<blockquote readability=\"10\">\n<p><em><strong>Un bon nombre de ces routes a \u00e9t\u00e9 achev\u00e9, contribuant ainsi au d\u00e9senclavement et \u00e0 la relance de l\u2019activit\u00e9 \u00e9conomique dans plusieurs r\u00e9gions du pays, s\u2019est r\u00e9joui le ministre qui a \u00e9galement fait part de sa satisfaction quant \u00e0 la cadence de la r\u00e9alisation des routes dans la wilaya de Mascara.<\/strong><\/em><\/p>\n<\/blockquote>\n<p>A noter qu&rsquo;une enveloppe de 1.470.000.000 Da mobilis\u00e9e au titre de la Caisse de garantie et de solidarit\u00e9 des collectivit\u00e9s locales a \u00e9t\u00e9 d\u00e9gag\u00e9e pour le projet d&rsquo;ouverture et d\u2019am\u00e9nagement de chemins ruraux et de pistes foresti\u00e8res qui a permis le d\u00e9senclavement de 53 zones d&rsquo;ombre dans la wilaya.<\/p>\n<p>Le ministre a supervis\u00e9, dans le cadre de sa visite, la mise en service d\u2019un nombre de projets de routes communales, de wilaya et de routes rurales, ayant fait l\u2019objet soit d\u2019ouverture, d\u2019am\u00e9nagement ou d\u2019entretien.<\/p>\n<hr\/>\n<h3>Lire aussi:\u00a0<a href=\"http:\/\/www.aps.dz\/regions\/110449-mobilisation-d-importantes-affectations-financieres-en-faveur-des-zones-d-ombre-en-2021\" target=\"_blank\" rel=\"noopener noreferrer\">D&rsquo;importantes affectations financi\u00e8res en faveur des zones d&rsquo;ombre en 2021<\/a><\/h3>\n<hr\/>\n<p>M. Chiali a \u00e9galement \u00e9cout\u00e9 les pr\u00e9occupations des habitants qui ont fait part de leur satisfaction suite au d\u00e9senclavement de leurs r\u00e9gions.<\/p>\n<p>Par ailleurs, le ministre qui s\u2019enqu\u00e9rait de l\u2019avancement des travaux de la route reliant la ville de Mascara \u00e0 l\u2019autoroute est-ouest, a appel\u00e9 les entreprises r\u00e9alisatrices \u00e0 collaborer entre en vue d\u2019assurer la livraison, fin 2020, d\u2019un tron\u00e7on de la route sur une longueur de 3 km et la livraison d\u2019un 2e tron\u00e7on, vers la fin du 1e semestre 2021.<\/p>\n<blockquote readability=\"9\">\n<p><em><strong>Le m\u00eame responsable a relev\u00e9 l\u2019importance de cette p\u00e9n\u00e9trante de 43 km dans la facilitation du d\u00e9placement des citoyens entre la partie ouest du pays, y compris les wilayas du Sud-Ouest et son r\u00f4le dans la relance de la dynamique \u00e9conomique et de l\u2019\u00e9change commercial entre les wilayas du Nord-Ouest et les wilayas du Sud-Ouest.<\/strong><\/em><\/p>\n<\/blockquote>\n<p>M. Chiali a, d\u2019autre part, salu\u00e9 \u00ab\u00a0l\u2019expertise acquise par les entreprises alg\u00e9riennes publiques et priv\u00e9es sp\u00e9cialis\u00e9es dans les Travaux publics, d\u2019autant plus qu\u2019un important plan de charges les attend, avec le lancement prochainement de grands projets et d\u2019une strat\u00e9gie en mati\u00e8re de routes et de voies ferr\u00e9es\u00a0\u00bb.<\/p>\n<p>Le ministre des Travaux public a soulign\u00e9, une nouvelle fois, l&rsquo;importance pour les entreprises alg\u00e9riennes sp\u00e9cialis\u00e9es dans les travaux publics d\u2019acc\u00e9der aux march\u00e9s internationaux, \u00e0 leur t\u00eate, le march\u00e9 africain, en vue de la r\u00e9alisation de projets dans le secteur.<\/p>\n<\/div>\n<p>Auteur:<br \/>\n<a href=\"http:\/\/www.aps.dz\/regions\/110615-l-etat-a-consenti-d-importants-efforts-pour-le-desenclavement-des-zones-d-ombre\">Cliquez ici pour lire l&rsquo;article depuis sa source.<\/a><\/p>\n","protected":false},"excerpt":{"rendered":"<p>MASCARA &#8211; Le ministre des Travaux publics, Farouk Chiali a affirm\u00e9 lundi depuis Mascara que l\u2019Etat avait consenti d\u2019importants efforts pour le d\u00e9senclavement des zones d\u2019ombre \u00e0 la faveur de plusieurs programmes dont les r\u00e9sultats commencent d\u00e9j\u00e0 \u00e0 se faire sentir. S&rsquo;exprimant dans une d\u00e9claration \u00e0 la presse en marge d&rsquo;une visite de travail dans [&hellip;]<\/p>\n","protected":false},"author":1790,"featured_media":0,"comment_status":"closed","ping_status":"closed","sticky":false,"template":"","format":"standard","meta":{"fifu_image_url":"","fifu_image_alt":"","footnotes":""},"categories":[53,76],"tags":[],"class_list":["post-100963","post","type-post","status-publish","format-standard","hentry","category-algerie","category-regions"],"_links":{"self":[{"href":"https:\/\/linitiative.ca\/International\/wp-json\/wp\/v2\/posts\/100963","targetHints":{"allow":["GET"]}}],"collection":[{"href":"https:\/\/linitiative.ca\/International\/wp-json\/wp\/v2\/posts"}],"about":[{"href":"https:\/\/linitiative.ca\/International\/wp-json\/wp\/v2\/types\/post"}],"author":[{"embeddable":true,"href":"https:\/\/linitiative.ca\/International\/wp-json\/wp\/v2\/users\/1790"}],"replies":[{"embeddable":true,"href":"https:\/\/linitiative.ca\/International\/wp-json\/wp\/v2\/comments?post=100963"}],"version-history":[{"count":0,"href":"https:\/\/linitiative.ca\/International\/wp-json\/wp\/v2\/posts\/100963\/revisions"}],"wp:attachment":[{"href":"https:\/\/linitiative.ca\/International\/wp-json\/wp\/v2\/media?parent=100963"}],"wp:term":[{"taxonomy":"category","embeddable":true,"href":"https:\/\/linitiative.ca\/International\/wp-json\/wp\/v2\/categories?post=100963"},{"taxonomy":"post_tag","embeddable":true,"href":"https:\/\/linitiative.ca\/International\/wp-json\/wp\/v2\/tags?post=100963"}],"curies":[{"name":"wp","href":"https:\/\/api.w.org\/{rel}","templated":true}]}}