{"id":100968,"date":"2020-10-06T13:11:28","date_gmt":"2020-10-06T17:11:28","guid":{"rendered":"https:\/\/linitiative.ca\/International\/les-mesures-restrictives-anti-covid-maintenues-jusquau-13-octobre\/"},"modified":"2020-10-06T13:11:28","modified_gmt":"2020-10-06T17:11:28","slug":"les-mesures-restrictives-anti-covid-maintenues-jusquau-13-octobre","status":"publish","type":"post","link":"https:\/\/linitiative.ca\/International\/les-mesures-restrictives-anti-covid-maintenues-jusquau-13-octobre\/","title":{"rendered":"Les mesures restrictives anti-Covid maintenues jusqu\u2019au 13 octobre"},"content":{"rendered":"<p class=\"c4\">Les autorit\u00e9s provinciales de Jerada ont d\u00e9cid\u00e9 le maintien jusqu\u2019au 13 octobre courant des mesures restrictives visant \u00e0 interrompre la cha\u00eene de propagation de la pand\u00e9mie du nouveau coronavirus (Covid-19).<\/p>\n<p class=\"c4\">Sur la base du suivi quotidien de la situation \u00e9pid\u00e9miologique au niveau de la province et des recommandations de la r\u00e9union du comit\u00e9 provincial de vigilance, tenue lundi, il a \u00e9t\u00e9 d\u00e9cid\u00e9 la prolongation, pour une semaine renouvelable (jusqu\u2019au 13 octobre \u00e0 18H), de l\u2019application des mesures exceptionnelles anti-Covid mises en place depuis le 22 septembre dernier.<\/p>\n<p class=\"c4\">Dans un communiqu\u00e9, les autorit\u00e9s provinciales expliquent que ces mesures concernent l\u2019imposition d\u2019un permis exceptionnel pour se d\u00e9placer de et vers les villes de Jerada et A\u00efn B\u00e9ni Mathar, d\u00e9livr\u00e9 par les autorit\u00e9s comp\u00e9tentes, l\u2019interdiction des rassemblements dans les espaces publics, ainsi que des f\u00eates, des c\u00e9r\u00e9monies de mariage, des fun\u00e9railles et des r\u00e9unions familiales.<\/p>\n<p class=\"c4\">Il s\u2019agit aussi de la fermeture des salles de jeux, des salles de sport, des terrains de proximit\u00e9 et des parcs publics, en plus de la fermeture des commerces, caf\u00e9s, restaurants et snacks \u00e0 22H et la r\u00e9duction de la capacit\u00e9 des transports publics (taxis et bus) \u00e0 50 pc.<\/p>\n<p class=\"c4\">Le communiqu\u00e9 met \u00e9galement l\u2019accent sur le contr\u00f4le strict du d\u00e9placement de et vers les villes de Jerada et de A\u00efn B\u00e9ni Mathar, et sur le respect total du port de masque et la distanciation sociale, avec la r\u00e9pression de toutes les contraventions aux mesures de pr\u00e9vention sanitaire, conform\u00e9ment aux dispositions juridiques en vigueur.<\/p>\n<p class=\"c4\">Il a \u00e9t\u00e9 aussi d\u00e9cid\u00e9 le maintien de la fermeture partielle, au niveau de la ville de Jerada, des quartiers \u00abAl Mjahaz\u00bb, \u00abOulad Sidi Ali\u00bb et \u00abAl Massira\u00bb qui constituent encore des foyers \u00e9pid\u00e9miques, en plus de la fermeture partielle du quartier \u00abZiani\u00bb \u00e0 A\u00efn B\u00e9ni Mathar, avec la prise d\u2019un ensemble de mesures exceptionnelles portant sur l\u2019interdiction des d\u00e9placements de et vers les quatre quartiers concern\u00e9s par la fermeture, sauf \u00e0 des fins professionnelles, humanitaires ou sanitaires.<\/p>\n<p class=\"c4\">Le communiqu\u00e9 annonce de m\u00eame la fermeture des hammams, salons de coiffure et salles de sport situ\u00e9s dans ces quatre quartiers, et la fermeture \u00e0 20H des commerces, restaurants et snacks.<\/p>\n<p class=\"c4\">Toutes les mesures pr\u00e9cit\u00e9es restent en vigueur pendant une semaine et pourraient \u00eatre prolong\u00e9es en fonction de l\u2019\u00e9volution de la situation \u00e9pid\u00e9miologique et son \u00e9valuation par le comit\u00e9 provincial de vigilance, insiste la m\u00eame source.<\/p>\n<p class=\"c4\">Par ailleurs, ces m\u00eames mesures pourraient \u00eatre appliqu\u00e9es dans les diff\u00e9rentes localit\u00e9s de la province suivant la situation \u00e9pid\u00e9miologique, rel\u00e8ve-t-on, tout en soulignant la possibilit\u00e9 de lever ces restrictions en fonction de l\u2019am\u00e9lioration des indicateurs li\u00e9s \u00e0 cette pand\u00e9mie.<\/p>\n<p class=\"c4\">Les autorit\u00e9s provinciales, qui rappellent que les f\u00eates, c\u00e9r\u00e9monies de mariage et r\u00e9unions familiales \u00e9taient \u00e0 l\u2019origine de la hausse du nombre des cas de contamination au coronavirus dans la province, r\u00e9it\u00e8rent leur appel aux citoyens pour faire preuve de vigilance et d\u2019esprit de responsabilit\u00e9 partag\u00e9e, et \u00e0 respecter scrupuleusement les mesures pr\u00e9ventives qui demeurent l\u2019unique moyen efficace pour lutter contre le Covid-19.<\/p>\n<p>Auteur: Soufiane ELAHMAR<br \/>\n<a href=\"http:\/\/www.mapoujda.ma\/fr\/les-mesures-restrictives-anti-covid-maintenues-jusquau-13-octobre\/\">Cliquez ici pour lire l&rsquo;article depuis sa source.<\/a><\/p>\n","protected":false},"excerpt":{"rendered":"<p>Les autorit\u00e9s provinciales de Jerada ont d\u00e9cid\u00e9 le maintien jusqu\u2019au 13 octobre courant des mesures restrictives visant \u00e0 interrompre la cha\u00eene de propagation de la pand\u00e9mie du nouveau coronavirus (Covid-19). Sur la base du suivi quotidien de la situation \u00e9pid\u00e9miologique au niveau de la province et des recommandations de la r\u00e9union du comit\u00e9 provincial de [&hellip;]<\/p>\n","protected":false},"author":1788,"featured_media":0,"comment_status":"closed","ping_status":"closed","sticky":false,"template":"","format":"standard","meta":{"fifu_image_url":"","fifu_image_alt":"","footnotes":""},"categories":[54,76],"tags":[],"class_list":["post-100968","post","type-post","status-publish","format-standard","hentry","category-maroc","category-regions"],"_links":{"self":[{"href":"https:\/\/linitiative.ca\/International\/wp-json\/wp\/v2\/posts\/100968","targetHints":{"allow":["GET"]}}],"collection":[{"href":"https:\/\/linitiative.ca\/International\/wp-json\/wp\/v2\/posts"}],"about":[{"href":"https:\/\/linitiative.ca\/International\/wp-json\/wp\/v2\/types\/post"}],"author":[{"embeddable":true,"href":"https:\/\/linitiative.ca\/International\/wp-json\/wp\/v2\/users\/1788"}],"replies":[{"embeddable":true,"href":"https:\/\/linitiative.ca\/International\/wp-json\/wp\/v2\/comments?post=100968"}],"version-history":[{"count":0,"href":"https:\/\/linitiative.ca\/International\/wp-json\/wp\/v2\/posts\/100968\/revisions"}],"wp:attachment":[{"href":"https:\/\/linitiative.ca\/International\/wp-json\/wp\/v2\/media?parent=100968"}],"wp:term":[{"taxonomy":"category","embeddable":true,"href":"https:\/\/linitiative.ca\/International\/wp-json\/wp\/v2\/categories?post=100968"},{"taxonomy":"post_tag","embeddable":true,"href":"https:\/\/linitiative.ca\/International\/wp-json\/wp\/v2\/tags?post=100968"}],"curies":[{"name":"wp","href":"https:\/\/api.w.org\/{rel}","templated":true}]}}