{"id":100969,"date":"2020-10-06T07:02:38","date_gmt":"2020-10-06T11:02:38","guid":{"rendered":"https:\/\/linitiative.ca\/International\/cdm-sallie-a-reseau-entreprendre-maroc\/"},"modified":"2020-10-06T07:02:38","modified_gmt":"2020-10-06T11:02:38","slug":"cdm-sallie-a-reseau-entreprendre-maroc","status":"publish","type":"post","link":"https:\/\/linitiative.ca\/International\/cdm-sallie-a-reseau-entreprendre-maroc\/","title":{"rendered":"CDM s\u2019allie \u00e0 R\u00e9seau Entreprendre Maroc"},"content":{"rendered":"<div class=\"body\">\n<div class=\"field field-name-body field-type-text-with-summary field-label-hidden\">\n<div class=\"field-items\" readability=\"9.5\">\n<div class=\"field-item even\" property=\"content:encoded\" readability=\"14\">\n<p class=\"rtejustify\">Cr\u00e9dit du Maroc apporte son soutien aux jeunes porteurs de projets. La banque vient de signer une convention de partenariat avec R\u00e9seau Entreprendre Maroc. Par ce biais, les porteurs de projet b\u00e9n\u00e9ficieront, d\u2019un acc\u00e8s au financement, d\u2019un suivi personnalis\u00e9, d\u2019un accompagnement humain gratuit en plus d\u2019un acc\u00e8s \u00e0 un large r\u00e9seau de chefs d\u2019entreprises.<br \/><em>M.A.B.<\/em><\/p>\n<\/div>\n<\/div>\n<\/div>\n<\/div>\n<div class=\"eco-conseil\">\n<div class=\"view view-eco-conseil-16 view-id-eco_conseil_16 view-display-id-cookies view-dom-id-71bd11fdd7476c55ea4f39611037db96\">\n<div class=\"view-content\">\n<div id=\"views-bootstrap-grid-1\" class=\"views-bootstrap-grid-plugin-style\">\n<div class=\"row\">\n<div class=\" col-xs-12 col-lg-4\">\n<div class=\"row\">\n<div class=\"col col-xs-12 col-lg-12\">\n<div class=\"field-content\"><a href=\"\/article\/1068075-statut-ecosoc-pour-l-aered\"><img loading=\"lazy\" decoding=\"async\" class=\"img-responsive\" typeof=\"foaf:Image\" src=\"https:\/\/www.leconomiste.com\/sites\/default\/files\/eco7\/public\/styles\/800x400\/public\/default_images\/default_une.jpg?itok=4jZlgnIZ\" width=\"660\" height=\"330\" alt=\"\"\/><\/a><\/div>\n<\/div>\n<div class=\" title_suite_2 col col-xs-12 col-lg-12\"> <a href=\"\/article\/1068075-statut-ecosoc-pour-l-aered\"\/><span class=\"field-content\">Article 1068075<\/span><\/div>\n<\/div>\n<\/div>\n<div class=\" col-xs-12 col-lg-4\">\n<div class=\"row\">\n<div class=\"col col-xs-12 col-lg-12\">\n<div class=\"field-content\"><a href=\"\/article\/1068074-planeta-formation-accorde-4-bourses-d-etudes-rabat\"><img loading=\"lazy\" decoding=\"async\" class=\"img-responsive\" typeof=\"foaf:Image\" src=\"https:\/\/www.leconomiste.com\/sites\/default\/files\/eco7\/public\/styles\/800x400\/public\/default_images\/default_une.jpg?itok=4jZlgnIZ\" width=\"660\" height=\"330\" alt=\"\"\/><\/a><\/div>\n<\/div>\n<div class=\" title_suite_2 col col-xs-12 col-lg-12\"> <a href=\"\/article\/1068074-planeta-formation-accorde-4-bourses-d-etudes-rabat\"\/><span class=\"field-content\">Planeta formation accorde 4 bourses d\u2019\u00e9tudes \u00e0 Rabat<\/span><\/div>\n<\/div>\n<\/div>\n<div class=\" col-xs-12 col-lg-4\">\n<div class=\"row\">\n<div class=\"col col-xs-12 col-lg-12\">\n<div class=\"field-content\"><a href=\"\/article\/1068073-kia-lance-sa-gamme-hybride\"><img loading=\"lazy\" decoding=\"async\" class=\"img-responsive\" typeof=\"foaf:Image\" src=\"https:\/\/www.leconomiste.com\/sites\/default\/files\/eco7\/public\/styles\/800x400\/public\/default_images\/default_une.jpg?itok=4jZlgnIZ\" width=\"660\" height=\"330\" alt=\"\"\/><\/a><\/div>\n<\/div>\n<div class=\" title_suite_2 col col-xs-12 col-lg-12\"> <a href=\"\/article\/1068073-kia-lance-sa-gamme-hybride\"\/><span class=\"field-content\">Kia lance sa gamme hybride<\/span><\/div>\n<\/div>\n<\/div>\n<\/div>\n<\/div>\n<\/div>\n<\/div>\n<\/div>\n<p>Auteur: hlafriqi<br \/>\n<a href=\"https:\/\/www.leconomiste.com\/article\/1068071-cdm-s-allie-reseau-entreprendre-maroc\">Cliquez ici pour lire l&rsquo;article depuis sa source.<\/a><\/p>\n","protected":false},"excerpt":{"rendered":"<p>Cr\u00e9dit du Maroc apporte son soutien aux jeunes porteurs de projets. La banque vient de signer une convention de partenariat avec R\u00e9seau Entreprendre Maroc. Par ce biais, les porteurs de projet b\u00e9n\u00e9ficieront, d\u2019un acc\u00e8s au financement, d\u2019un suivi personnalis\u00e9, d\u2019un accompagnement humain gratuit en plus d\u2019un acc\u00e8s \u00e0 un large r\u00e9seau de chefs d\u2019entreprises.M.A.B. Article [&hellip;]<\/p>\n","protected":false},"author":1763,"featured_media":0,"comment_status":"closed","ping_status":"closed","sticky":false,"template":"","format":"standard","meta":{"fifu_image_url":"","fifu_image_alt":"","footnotes":""},"categories":[78,54],"tags":[],"class_list":["post-100969","post","type-post","status-publish","format-standard","hentry","category-economie","category-maroc"],"_links":{"self":[{"href":"https:\/\/linitiative.ca\/International\/wp-json\/wp\/v2\/posts\/100969","targetHints":{"allow":["GET"]}}],"collection":[{"href":"https:\/\/linitiative.ca\/International\/wp-json\/wp\/v2\/posts"}],"about":[{"href":"https:\/\/linitiative.ca\/International\/wp-json\/wp\/v2\/types\/post"}],"author":[{"embeddable":true,"href":"https:\/\/linitiative.ca\/International\/wp-json\/wp\/v2\/users\/1763"}],"replies":[{"embeddable":true,"href":"https:\/\/linitiative.ca\/International\/wp-json\/wp\/v2\/comments?post=100969"}],"version-history":[{"count":0,"href":"https:\/\/linitiative.ca\/International\/wp-json\/wp\/v2\/posts\/100969\/revisions"}],"wp:attachment":[{"href":"https:\/\/linitiative.ca\/International\/wp-json\/wp\/v2\/media?parent=100969"}],"wp:term":[{"taxonomy":"category","embeddable":true,"href":"https:\/\/linitiative.ca\/International\/wp-json\/wp\/v2\/categories?post=100969"},{"taxonomy":"post_tag","embeddable":true,"href":"https:\/\/linitiative.ca\/International\/wp-json\/wp\/v2\/tags?post=100969"}],"curies":[{"name":"wp","href":"https:\/\/api.w.org\/{rel}","templated":true}]}}