{"id":100970,"date":"2020-10-06T07:03:27","date_gmt":"2020-10-06T11:03:27","guid":{"rendered":"https:\/\/linitiative.ca\/International\/entrepreneuriat-un-nouveau-programme-voit-le-jour\/"},"modified":"2020-10-06T07:03:27","modified_gmt":"2020-10-06T11:03:27","slug":"entrepreneuriat-un-nouveau-programme-voit-le-jour","status":"publish","type":"post","link":"https:\/\/linitiative.ca\/International\/entrepreneuriat-un-nouveau-programme-voit-le-jour\/","title":{"rendered":"Entrepreneuriat: Un nouveau programme voit le jour"},"content":{"rendered":"<div class=\"body\">\n<div class=\"field field-name-body field-type-text-with-summary field-label-hidden\">\n<div class=\"field-items\" readability=\"10.5\">\n<div class=\"field-item even\" property=\"content:encoded\" readability=\"16\">\n<p class=\"rtejustify\">La Cit\u00e9 de l\u2019Innovation de l\u2019Universit\u00e9 Hassan Premier de Settat et Maroc Numeric Cluster viennent de sceller un partenariat visant \u00e0 promouvoir l\u2019entrepreneuriat innovant. Cette alliance aura pour but de soutenir les porteurs de projets, la pr\u00e9paration des jeunes aux besoins du march\u00e9 du travail et la formation aux m\u00e9tiers du digital. Entreprises, \u00e9tablissements acad\u00e9miques, centres de recherche, \u00e9tudiants, enseignants seront impliqu\u00e9s dans la r\u00e9alisation de projets collaboratifs, innovants et \u00e0 forte valeur ajout\u00e9e.<br \/><em>T.E.G.<\/em><\/p>\n<\/div>\n<\/div>\n<\/div>\n<\/div>\n<div class=\"eco-conseil\">\n<div class=\"view view-eco-conseil-16 view-id-eco_conseil_16 view-display-id-cookies view-dom-id-1b22eacd73b74d28ea75ff09dde0346b\">\n<div class=\"view-content\">\n<div id=\"views-bootstrap-grid-1\" class=\"views-bootstrap-grid-plugin-style\">\n<div class=\"row\">\n<div class=\" col-xs-12 col-lg-4\">\n<div class=\"row\">\n<div class=\"col col-xs-12 col-lg-12\">\n<div class=\"field-content\"><a href=\"\/article\/1068075-statut-ecosoc-pour-l-aered\"><img loading=\"lazy\" decoding=\"async\" class=\"img-responsive\" typeof=\"foaf:Image\" src=\"https:\/\/www.leconomiste.com\/sites\/default\/files\/eco7\/public\/styles\/800x400\/public\/default_images\/default_une.jpg?itok=4jZlgnIZ\" width=\"660\" height=\"330\" alt=\"\"\/><\/a><\/div>\n<\/div>\n<div class=\" title_suite_2 col col-xs-12 col-lg-12\"> <a href=\"\/article\/1068075-statut-ecosoc-pour-l-aered\"\/><span class=\"field-content\">Article 1068075<\/span><\/div>\n<\/div>\n<\/div>\n<div class=\" col-xs-12 col-lg-4\">\n<div class=\"row\">\n<div class=\"col col-xs-12 col-lg-12\">\n<div class=\"field-content\"><a href=\"\/article\/1068074-planeta-formation-accorde-4-bourses-d-etudes-rabat\"><img loading=\"lazy\" decoding=\"async\" class=\"img-responsive\" typeof=\"foaf:Image\" src=\"https:\/\/www.leconomiste.com\/sites\/default\/files\/eco7\/public\/styles\/800x400\/public\/default_images\/default_une.jpg?itok=4jZlgnIZ\" width=\"660\" height=\"330\" alt=\"\"\/><\/a><\/div>\n<\/div>\n<div class=\" title_suite_2 col col-xs-12 col-lg-12\"> <a href=\"\/article\/1068074-planeta-formation-accorde-4-bourses-d-etudes-rabat\"\/><span class=\"field-content\">Planeta formation accorde 4 bourses d\u2019\u00e9tudes \u00e0 Rabat<\/span><\/div>\n<\/div>\n<\/div>\n<div class=\" col-xs-12 col-lg-4\">\n<div class=\"row\">\n<div class=\"col col-xs-12 col-lg-12\">\n<div class=\"field-content\"><a href=\"\/article\/1068073-kia-lance-sa-gamme-hybride\"><img loading=\"lazy\" decoding=\"async\" class=\"img-responsive\" typeof=\"foaf:Image\" src=\"https:\/\/www.leconomiste.com\/sites\/default\/files\/eco7\/public\/styles\/800x400\/public\/default_images\/default_une.jpg?itok=4jZlgnIZ\" width=\"660\" height=\"330\" alt=\"\"\/><\/a><\/div>\n<\/div>\n<div class=\" title_suite_2 col col-xs-12 col-lg-12\"> <a href=\"\/article\/1068073-kia-lance-sa-gamme-hybride\"\/><span class=\"field-content\">Kia lance sa gamme hybride<\/span><\/div>\n<\/div>\n<\/div>\n<\/div>\n<\/div>\n<\/div>\n<\/div>\n<\/div>\n<p>Auteur: hlafriqi<br \/>\n<a href=\"https:\/\/www.leconomiste.com\/article\/1068072-entrepreneuriat-un-nouveau-programme-voit-le-jour\">Cliquez ici pour lire l&rsquo;article depuis sa source.<\/a><\/p>\n","protected":false},"excerpt":{"rendered":"<p>La Cit\u00e9 de l\u2019Innovation de l\u2019Universit\u00e9 Hassan Premier de Settat et Maroc Numeric Cluster viennent de sceller un partenariat visant \u00e0 promouvoir l\u2019entrepreneuriat innovant. Cette alliance aura pour but de soutenir les porteurs de projets, la pr\u00e9paration des jeunes aux besoins du march\u00e9 du travail et la formation aux m\u00e9tiers du digital. Entreprises, \u00e9tablissements acad\u00e9miques, [&hellip;]<\/p>\n","protected":false},"author":1763,"featured_media":0,"comment_status":"closed","ping_status":"closed","sticky":false,"template":"","format":"standard","meta":{"fifu_image_url":"","fifu_image_alt":"","footnotes":""},"categories":[78,54],"tags":[],"class_list":["post-100970","post","type-post","status-publish","format-standard","hentry","category-economie","category-maroc"],"_links":{"self":[{"href":"https:\/\/linitiative.ca\/International\/wp-json\/wp\/v2\/posts\/100970","targetHints":{"allow":["GET"]}}],"collection":[{"href":"https:\/\/linitiative.ca\/International\/wp-json\/wp\/v2\/posts"}],"about":[{"href":"https:\/\/linitiative.ca\/International\/wp-json\/wp\/v2\/types\/post"}],"author":[{"embeddable":true,"href":"https:\/\/linitiative.ca\/International\/wp-json\/wp\/v2\/users\/1763"}],"replies":[{"embeddable":true,"href":"https:\/\/linitiative.ca\/International\/wp-json\/wp\/v2\/comments?post=100970"}],"version-history":[{"count":0,"href":"https:\/\/linitiative.ca\/International\/wp-json\/wp\/v2\/posts\/100970\/revisions"}],"wp:attachment":[{"href":"https:\/\/linitiative.ca\/International\/wp-json\/wp\/v2\/media?parent=100970"}],"wp:term":[{"taxonomy":"category","embeddable":true,"href":"https:\/\/linitiative.ca\/International\/wp-json\/wp\/v2\/categories?post=100970"},{"taxonomy":"post_tag","embeddable":true,"href":"https:\/\/linitiative.ca\/International\/wp-json\/wp\/v2\/tags?post=100970"}],"curies":[{"name":"wp","href":"https:\/\/api.w.org\/{rel}","templated":true}]}}