{"id":100971,"date":"2020-10-06T07:04:14","date_gmt":"2020-10-06T11:04:14","guid":{"rendered":"https:\/\/linitiative.ca\/International\/kia-lance-sa-gamme-hybride\/"},"modified":"2020-10-06T07:04:14","modified_gmt":"2020-10-06T11:04:14","slug":"kia-lance-sa-gamme-hybride","status":"publish","type":"post","link":"https:\/\/linitiative.ca\/International\/kia-lance-sa-gamme-hybride\/","title":{"rendered":"Kia lance sa gamme hybride"},"content":{"rendered":"<div class=\"body\">\n<div class=\"field field-name-body field-type-text-with-summary field-label-hidden\">\n<div class=\"field-items\" readability=\"9\">\n<div class=\"field-item even\" property=\"content:encoded\" readability=\"13\">\n<p class=\"rtejustify\">Elle a \u00e9t\u00e9 l\u2019une des marques automobiles les plus actives pendant cette p\u00e9riode avec des lancements de mod\u00e8les, de l\u2019activit\u00e9 VO, des ouvertures de succursales\u2026 Kia Maroc continue sur sa lanc\u00e9e. Repr\u00e9sent\u00e9e au Royaume par le groupe GBH, la marque pr\u00e9sente ce mercredi 7 octobre sa gamme de v\u00e9hicules hybrides.<br \/><em>M.A.B.\u00a0 <\/em><\/p>\n<\/div>\n<\/div>\n<\/div>\n<\/div>\n<div class=\"eco-conseil\">\n<div class=\"view view-eco-conseil-16 view-id-eco_conseil_16 view-display-id-cookies view-dom-id-e6ec93298aa3d42aeb7765e489dd85f4\">\n<div class=\"view-content\">\n<div id=\"views-bootstrap-grid-1\" class=\"views-bootstrap-grid-plugin-style\">\n<div class=\"row\">\n<div class=\" col-xs-12 col-lg-4\">\n<div class=\"row\">\n<div class=\"col col-xs-12 col-lg-12\">\n<div class=\"field-content\"><a href=\"\/article\/1068075-statut-ecosoc-pour-l-aered\"><img loading=\"lazy\" decoding=\"async\" class=\"img-responsive\" typeof=\"foaf:Image\" src=\"https:\/\/www.leconomiste.com\/sites\/default\/files\/eco7\/public\/styles\/800x400\/public\/default_images\/default_une.jpg?itok=4jZlgnIZ\" width=\"660\" height=\"330\" alt=\"\"\/><\/a><\/div>\n<\/div>\n<div class=\" title_suite_2 col col-xs-12 col-lg-12\"> <a href=\"\/article\/1068075-statut-ecosoc-pour-l-aered\"\/><span class=\"field-content\">Article 1068075<\/span><\/div>\n<\/div>\n<\/div>\n<div class=\" col-xs-12 col-lg-4\">\n<div class=\"row\">\n<div class=\"col col-xs-12 col-lg-12\">\n<div class=\"field-content\"><a href=\"\/article\/1068074-planeta-formation-accorde-4-bourses-d-etudes-rabat\"><img loading=\"lazy\" decoding=\"async\" class=\"img-responsive\" typeof=\"foaf:Image\" src=\"https:\/\/www.leconomiste.com\/sites\/default\/files\/eco7\/public\/styles\/800x400\/public\/default_images\/default_une.jpg?itok=4jZlgnIZ\" width=\"660\" height=\"330\" alt=\"\"\/><\/a><\/div>\n<\/div>\n<div class=\" title_suite_2 col col-xs-12 col-lg-12\"> <a href=\"\/article\/1068074-planeta-formation-accorde-4-bourses-d-etudes-rabat\"\/><span class=\"field-content\">Planeta formation accorde 4 bourses d\u2019\u00e9tudes \u00e0 Rabat<\/span><\/div>\n<\/div>\n<\/div>\n<div class=\" col-xs-12 col-lg-4\">\n<div class=\"row\">\n<div class=\"col col-xs-12 col-lg-12\">\n<div class=\"field-content\"><a href=\"\/article\/1068072-entrepreneuriat-un-nouveau-programme-voit-le-jour\"><img loading=\"lazy\" decoding=\"async\" class=\"img-responsive\" typeof=\"foaf:Image\" src=\"https:\/\/www.leconomiste.com\/sites\/default\/files\/eco7\/public\/styles\/800x400\/public\/default_images\/default_une.jpg?itok=4jZlgnIZ\" width=\"660\" height=\"330\" alt=\"\"\/><\/a><\/div>\n<\/div>\n<div class=\" title_suite_2 col col-xs-12 col-lg-12\"> <a href=\"\/article\/1068072-entrepreneuriat-un-nouveau-programme-voit-le-jour\"\/><span class=\"field-content\">Entrepreneuriat: Un nouveau programme voit le jour<\/span><\/div>\n<\/div>\n<\/div>\n<\/div>\n<\/div>\n<\/div>\n<\/div>\n<\/div>\n<p>Auteur: hlafriqi<br \/>\n<a href=\"https:\/\/www.leconomiste.com\/article\/1068073-kia-lance-sa-gamme-hybride\">Cliquez ici pour lire l&rsquo;article depuis sa source.<\/a><\/p>\n","protected":false},"excerpt":{"rendered":"<p>Elle a \u00e9t\u00e9 l\u2019une des marques automobiles les plus actives pendant cette p\u00e9riode avec des lancements de mod\u00e8les, de l\u2019activit\u00e9 VO, des ouvertures de succursales\u2026 Kia Maroc continue sur sa lanc\u00e9e. Repr\u00e9sent\u00e9e au Royaume par le groupe GBH, la marque pr\u00e9sente ce mercredi 7 octobre sa gamme de v\u00e9hicules hybrides.M.A.B.\u00a0 Article 1068075 Planeta formation accorde [&hellip;]<\/p>\n","protected":false},"author":1763,"featured_media":0,"comment_status":"closed","ping_status":"closed","sticky":false,"template":"","format":"standard","meta":{"fifu_image_url":"","fifu_image_alt":"","footnotes":""},"categories":[78,54],"tags":[],"class_list":["post-100971","post","type-post","status-publish","format-standard","hentry","category-economie","category-maroc"],"_links":{"self":[{"href":"https:\/\/linitiative.ca\/International\/wp-json\/wp\/v2\/posts\/100971","targetHints":{"allow":["GET"]}}],"collection":[{"href":"https:\/\/linitiative.ca\/International\/wp-json\/wp\/v2\/posts"}],"about":[{"href":"https:\/\/linitiative.ca\/International\/wp-json\/wp\/v2\/types\/post"}],"author":[{"embeddable":true,"href":"https:\/\/linitiative.ca\/International\/wp-json\/wp\/v2\/users\/1763"}],"replies":[{"embeddable":true,"href":"https:\/\/linitiative.ca\/International\/wp-json\/wp\/v2\/comments?post=100971"}],"version-history":[{"count":0,"href":"https:\/\/linitiative.ca\/International\/wp-json\/wp\/v2\/posts\/100971\/revisions"}],"wp:attachment":[{"href":"https:\/\/linitiative.ca\/International\/wp-json\/wp\/v2\/media?parent=100971"}],"wp:term":[{"taxonomy":"category","embeddable":true,"href":"https:\/\/linitiative.ca\/International\/wp-json\/wp\/v2\/categories?post=100971"},{"taxonomy":"post_tag","embeddable":true,"href":"https:\/\/linitiative.ca\/International\/wp-json\/wp\/v2\/tags?post=100971"}],"curies":[{"name":"wp","href":"https:\/\/api.w.org\/{rel}","templated":true}]}}