{"id":100979,"date":"2020-10-06T15:13:09","date_gmt":"2020-10-06T19:13:09","guid":{"rendered":"https:\/\/linitiative.ca\/International\/equipe-dalgerie-les-verts-debutent-les-entrainements-en-autriche\/"},"modified":"2020-10-06T15:13:09","modified_gmt":"2020-10-06T19:13:09","slug":"equipe-dalgerie-les-verts-debutent-les-entrainements-en-autriche","status":"publish","type":"post","link":"https:\/\/linitiative.ca\/International\/equipe-dalgerie-les-verts-debutent-les-entrainements-en-autriche\/","title":{"rendered":"Equipe d&rsquo;Alg\u00e9rie : Les Verts d\u00e9butent les entrainements en Autriche"},"content":{"rendered":"<div readability=\"32\">\n<p>Auteur : <span class=\"time\">mardi 06 octobre 2020 12:42<\/span><\/p>\n<\/div>\n<div id=\"post_core\" readability=\"42\">\n<p>Comme expliqu\u00e9 par le site de la FAF, une vingtaine de joueurs ont entam\u00e9 la pr\u00e9paration des deux prochains matchs amicaux, \u00e0 commencer par celui face au Nig\u00e9ria ce vendredi.<\/p>\n<p>Apr\u00e8s une causerie du s\u00e9lectionneur national, la s\u00e9ance a d\u00e9but\u00e9 par le traditionnel \u00e9chauffement avec ballon puis des tours de piste avant de passer \u00e0 des ateliers suivant les instructions des membres du staff.<\/p>\n<p>La deuxi\u00e8me s\u00e9ance d&rsquo;entrainement est pr\u00e9vue pour aujourd&rsquo;hui \u00e0 partir de 16h30.<\/p>\n<p><img decoding=\"async\" alt=\"\" src=\"http:\/\/www.faf.dz\/wp-content\/uploads\/2020\/10\/IMG_4151-750x430.jpg\" class=\"c1\" \/><\/p>\n<p><img decoding=\"async\" alt=\"\" src=\"http:\/\/www.faf.dz\/wp-content\/uploads\/2020\/10\/Belmadi-et-ses-poulains-750x430.jpg\" class=\"c1\" \/><\/p>\n<p><img decoding=\"async\" alt=\"\" src=\"http:\/\/www.faf.dz\/wp-content\/uploads\/2020\/10\/IMG_4164-750x430.jpg\" class=\"c1\" \/><\/p>\n<p><strong>Publi\u00e9 dans :<\/strong> <span>algerie<\/span><\/p>\n<\/div>\n<p>Auteur:<br \/>\n<a href=\"http:\/\/www.lebuteur.com\/article\/detail?titre=les-verts-debutent-les-entrainements-en-autriche&#038;id=97522&#038;utm_source=feedburner&#038;utm_medium=feed&#038;utm_campaign=Feed%3A+GalerieFArtciles+%28Les+derniers+articles++-+lebuteur.com%29\">Cliquez ici pour lire l&rsquo;article depuis sa source.<\/a><\/p>\n","protected":false},"excerpt":{"rendered":"<p>Auteur : mardi 06 octobre 2020 12:42 Comme expliqu\u00e9 par le site de la FAF, une vingtaine de joueurs ont entam\u00e9 la pr\u00e9paration des deux prochains matchs amicaux, \u00e0 commencer par celui face au Nig\u00e9ria ce vendredi. Apr\u00e8s une causerie du s\u00e9lectionneur national, la s\u00e9ance a d\u00e9but\u00e9 par le traditionnel \u00e9chauffement avec ballon puis des [&hellip;]<\/p>\n","protected":false},"author":1738,"featured_media":100980,"comment_status":"closed","ping_status":"closed","sticky":false,"template":"","format":"standard","meta":{"fifu_image_url":"","fifu_image_alt":"","footnotes":""},"categories":[53,75],"tags":[],"class_list":["post-100979","post","type-post","status-publish","format-standard","has-post-thumbnail","hentry","category-algerie","category-sport"],"_links":{"self":[{"href":"https:\/\/linitiative.ca\/International\/wp-json\/wp\/v2\/posts\/100979","targetHints":{"allow":["GET"]}}],"collection":[{"href":"https:\/\/linitiative.ca\/International\/wp-json\/wp\/v2\/posts"}],"about":[{"href":"https:\/\/linitiative.ca\/International\/wp-json\/wp\/v2\/types\/post"}],"author":[{"embeddable":true,"href":"https:\/\/linitiative.ca\/International\/wp-json\/wp\/v2\/users\/1738"}],"replies":[{"embeddable":true,"href":"https:\/\/linitiative.ca\/International\/wp-json\/wp\/v2\/comments?post=100979"}],"version-history":[{"count":0,"href":"https:\/\/linitiative.ca\/International\/wp-json\/wp\/v2\/posts\/100979\/revisions"}],"wp:featuredmedia":[{"embeddable":true,"href":"https:\/\/linitiative.ca\/International\/wp-json\/"}],"wp:attachment":[{"href":"https:\/\/linitiative.ca\/International\/wp-json\/wp\/v2\/media?parent=100979"}],"wp:term":[{"taxonomy":"category","embeddable":true,"href":"https:\/\/linitiative.ca\/International\/wp-json\/wp\/v2\/categories?post=100979"},{"taxonomy":"post_tag","embeddable":true,"href":"https:\/\/linitiative.ca\/International\/wp-json\/wp\/v2\/tags?post=100979"}],"curies":[{"name":"wp","href":"https:\/\/api.w.org\/{rel}","templated":true}]}}