{"id":100993,"date":"2020-10-05T20:00:00","date_gmt":"2020-10-06T00:00:00","guid":{"rendered":"https:\/\/linitiative.ca\/International\/pretendue-presence-des-elements-de-lanp-dans-une-localite-malienne-le-mdn-dement-des-allegations-tendancieuses\/"},"modified":"2020-10-05T20:00:00","modified_gmt":"2020-10-06T00:00:00","slug":"pretendue-presence-des-elements-de-lanp-dans-une-localite-malienne-le-mdn-dement-des-allegations-tendancieuses","status":"publish","type":"post","link":"https:\/\/linitiative.ca\/International\/pretendue-presence-des-elements-de-lanp-dans-une-localite-malienne-le-mdn-dement-des-allegations-tendancieuses\/","title":{"rendered":"Pr\u00e9tendue pr\u00e9sence des \u00e9l\u00e9ments de l\u2019ANP dans une localit\u00e9 malienne  :  Le MDN d\u00e9ment des all\u00e9gations tendancieuses"},"content":{"rendered":"<p>Le minist\u00e8re de la D\u00e9fense nationale (MDN) a apport\u00e9, hier, dans un communiqu\u00e9, un d\u00e9menti \u00abformel\u00bb \u00e0 certaines \u00aball\u00e9gations tendancieuses\u00bb formul\u00e9es par des parties maliennes et reprises par certains m\u00e9dias maliens, faisant \u00e9tat d&rsquo;une pr\u00e9tendue pr\u00e9sence des \u00e9l\u00e9ments de l&rsquo;Arm\u00e9e nationale populaire (ANP) dans la localit\u00e9 frontali\u00e8re malienne d&rsquo;In Khalil.<\/p>\n<p>\u00abSuite \u00e0 certaines all\u00e9gations formul\u00e9es par des parties maliennes et reprises par certains m\u00e9dias maliens, faisant \u00e9tat d&rsquo;une pr\u00e9tendue pr\u00e9sence des \u00e9l\u00e9ments de l&rsquo;Arm\u00e9e nationale populaire dans la localit\u00e9 frontali\u00e8re malienne d&rsquo;In Khalil et qu&rsquo;une partie du territoire malien a \u00e9t\u00e9 annex\u00e9e par l&rsquo;Arm\u00e9e alg\u00e9rienne, le minist\u00e8re de la D\u00e9fense nationale tient \u00e0 apporter un d\u00e9menti formel \u00e0 ces all\u00e9gations tendancieuses\u00bb, indique la m\u00eame source. A ce titre, le MDN souligne que \u00abces all\u00e9gations font suite \u00e0 une mission technique, conduite par des experts relevant du Service g\u00e9ographique et de t\u00e9l\u00e9d\u00e9tection de l&rsquo;Arm\u00e9e nationale populaire accompagn\u00e9s par un d\u00e9tachement de s\u00e9curisation et de protection, \u00e0 l&rsquo;int\u00e9rieur du territoire national pour effectuer des travaux de v\u00e9rification des bornes du trac\u00e9 frontalier alg\u00e9ro-malien,\u00a0 \u00e0 proximit\u00e9 de la localit\u00e9 frontali\u00e8re malienne d&rsquo;In Khalil, et que cette mission technique a achev\u00e9 ses travaux en date du 21 septembre 2020 avant de quitter les lieux sans enregistrer aucun incident\u00bb.<\/p>\n<p>\u00abIl convient de pr\u00e9ciser que l&rsquo;Alg\u00e9rie, qui a toujours veill\u00e9 \u00e0 la s\u00e9curisation de ses fronti\u00e8res nationales, notamment \u00e0 l&rsquo;ombre du climat d&rsquo;instabilit\u00e9 pr\u00e9valant dans la r\u00e9gion du Sahel, r\u00e9it\u00e8re son total engagement \u00e0 respecter la souverainet\u00e9 des Etats et le principe de l&rsquo;intangibilit\u00e9 des fronti\u00e8res, notamment avec un pays fr\u00e8re en l&rsquo;occurrence le Mali, et ce, conform\u00e9ment aux dispositions de la Convention de bornage du 8 mai 1983, sign\u00e9e entre les deux pays, et r\u00e9affirme \u00e9galement son attachement \u00e0 asseoir les principes de bon voisinage et \u00e0 apporter aide et assistance aux pays voisins lorsque le besoin se fait ressentir\u00bb, conclut le communiqu\u00e9.<\/p>\n<p>Auteur: elmoudjahid<br \/>\n<a href=\"http:\/\/www.elmoudjahid.com\/fr\/actualites\/160570\">Cliquez ici pour lire l&rsquo;article depuis sa source.<\/a><\/p>\n","protected":false},"excerpt":{"rendered":"<p>Le minist\u00e8re de la D\u00e9fense nationale (MDN) a apport\u00e9, hier, dans un communiqu\u00e9, un d\u00e9menti \u00abformel\u00bb \u00e0 certaines \u00aball\u00e9gations tendancieuses\u00bb formul\u00e9es par des parties maliennes et reprises par certains m\u00e9dias maliens, faisant \u00e9tat d&rsquo;une pr\u00e9tendue pr\u00e9sence des \u00e9l\u00e9ments de l&rsquo;Arm\u00e9e nationale populaire (ANP) dans la localit\u00e9 frontali\u00e8re malienne d&rsquo;In Khalil. \u00abSuite \u00e0 certaines all\u00e9gations formul\u00e9es [&hellip;]<\/p>\n","protected":false},"author":1744,"featured_media":0,"comment_status":"closed","ping_status":"closed","sticky":false,"template":"","format":"standard","meta":{"fifu_image_url":"","fifu_image_alt":"","footnotes":""},"categories":[73,53],"tags":[],"class_list":["post-100993","post","type-post","status-publish","format-standard","hentry","category-actualite","category-algerie"],"_links":{"self":[{"href":"https:\/\/linitiative.ca\/International\/wp-json\/wp\/v2\/posts\/100993","targetHints":{"allow":["GET"]}}],"collection":[{"href":"https:\/\/linitiative.ca\/International\/wp-json\/wp\/v2\/posts"}],"about":[{"href":"https:\/\/linitiative.ca\/International\/wp-json\/wp\/v2\/types\/post"}],"author":[{"embeddable":true,"href":"https:\/\/linitiative.ca\/International\/wp-json\/wp\/v2\/users\/1744"}],"replies":[{"embeddable":true,"href":"https:\/\/linitiative.ca\/International\/wp-json\/wp\/v2\/comments?post=100993"}],"version-history":[{"count":0,"href":"https:\/\/linitiative.ca\/International\/wp-json\/wp\/v2\/posts\/100993\/revisions"}],"wp:attachment":[{"href":"https:\/\/linitiative.ca\/International\/wp-json\/wp\/v2\/media?parent=100993"}],"wp:term":[{"taxonomy":"category","embeddable":true,"href":"https:\/\/linitiative.ca\/International\/wp-json\/wp\/v2\/categories?post=100993"},{"taxonomy":"post_tag","embeddable":true,"href":"https:\/\/linitiative.ca\/International\/wp-json\/wp\/v2\/tags?post=100993"}],"curies":[{"name":"wp","href":"https:\/\/api.w.org\/{rel}","templated":true}]}}