{"id":100995,"date":"2020-10-06T07:58:45","date_gmt":"2020-10-06T11:58:45","guid":{"rendered":"https:\/\/linitiative.ca\/International\/110624-foot-mercato-du-nouveau-pour-benlamri-ounas-et-ghezzal-avant-le-gong-final\/"},"modified":"2020-10-06T07:58:45","modified_gmt":"2020-10-06T11:58:45","slug":"110624-foot-mercato-du-nouveau-pour-benlamri-ounas-et-ghezzal-avant-le-gong-final","status":"publish","type":"post","link":"https:\/\/linitiative.ca\/International\/110624-foot-mercato-du-nouveau-pour-benlamri-ounas-et-ghezzal-avant-le-gong-final\/","title":{"rendered":"Foot-Mercato: du nouveau pour Benlamri, Ounas et Ghezzal avant le gong final"},"content":{"rendered":"<div readability=\"36\">\n<p><strong>ALGER &#8211; Les internationaux alg\u00e9riens Djamel-Eddine Benlamri, Adam Ounas et Rachid Ghezzal ont attendu les derniers instants du mercato estival dans les grands championnats pour trouver une nouvelle destination avec l&rsquo;objectif de relancer leur carri\u00e8re professionnelle et retrouver l&rsquo;\u00e9quipe nationale.<\/strong><\/p>\n<\/div>\n<div readability=\"131.2627883651\">\n<p>D&rsquo;abord l&rsquo;un des piliers des \u00ab\u00a0Verts\u00a0\u00bb champions d&rsquo;Afrique-2019, Benlamri, qui a pass\u00e9 lundi matin sa visite m\u00e9dicale \u00e0 Lyon avec succ\u00e8s. Le club fran\u00e7ais a attendu jusqu&rsquo;\u00e0 tard dans la soir\u00e9e pour annoncer le transfert.<\/p>\n<blockquote readability=\"13\">\n<p><em><strong>\u00ab\u00a0L\u2019Olympique Lyonnais informe de l\u2019arriv\u00e9e du d\u00e9fenseur international alg\u00e9rien et vainqueur de la Coupe d\u2019Afrique des Nations 2019, Djamel Benlamri, en provenance du club saoudien d\u2019Al Shabab. Le d\u00e9fenseur central, lib\u00e9r\u00e9 de sa derni\u00e8re ann\u00e9e de contrat, s\u2019est engag\u00e9 pour une ann\u00e9e minimum plus une ann\u00e9e optionnelle\u00a0\u00bb, ont \u00e9crit les \u00ab\u00a0Gones\u00a0\u00bb sur leur site internet.<\/strong><\/em><\/p>\n<\/blockquote>\n<p>En rupture de ban avec les dirigeants d&rsquo;Al Shabab, l&rsquo;ancien joueur du NA Husse\u00efn-Dey, de la JS Kabylie et de l&rsquo;ES S\u00e9tif a d\u00fb racheter sa derni\u00e8re ann\u00e9e de contrat pour obtenir sa lettre de lib\u00e9ration.<\/p>\n<p>Le joueur de 30 ans devient le 10e international alg\u00e9rien \u00e0 rejoindre les rangs de l&rsquo;OL et vient compenser le d\u00e9part du Danois Joachim Andersen \u00e0 Fulham (Angleterre), explique le club fran\u00e7ais, absent cette saison des comp\u00e9titions europ\u00e9ennes.<\/p>\n<hr\/>\n<h3>Lire aussi:\u00a0<a href=\"http:\/\/www.aps.dz\/sport\/110594-equipe-nationale-de-football-belaili-et-benlamri-les-principaux-absents\" target=\"_blank\" rel=\"noopener noreferrer\">Foot-Equipe nationale: Bela\u00efli et Benlamri, les principaux absents<\/a><\/h3>\n<hr\/>\n<p>En Italie, le milieu de terrain offensif Adam Ounas (24 ans), qui n&rsquo;entre plus dans les plans de Naples, a \u00e9t\u00e9 c\u00e9d\u00e9 \u00e0 Cagliari (Serie A) \u00e0 titre de pr\u00eat avec option d&rsquo;achat.<\/p>\n<blockquote readability=\"8\">\n<p><em><strong>\u00ab\u00a0Cagliari communique avoir acquis les droits de prestation sportifs du footballeur Adam Ounas en provenance de Naples avec la formule de pr\u00eat avec option d&rsquo;achat\u00a0\u00bb, a annonc\u00e9 le club sarde sur ses diff\u00e9rents supports m\u00e9diatiques.<\/strong><\/em><\/p>\n<\/blockquote>\n<p>A Naples, Ounas a disput\u00e9 39 matchs et marqu\u00e9 5 buts, toutes comp\u00e9titions confondues. Apr\u00e8s deux saisons dans le Sud de l&rsquo;Italie, il a \u00e9t\u00e9 pr\u00eat\u00e9 l&rsquo;ann\u00e9e derni\u00e8re \u00e0 Nice (France), o\u00f9 il a jou\u00e9 19 matchs et sign\u00e9 4 buts.<\/p>\n<p>M\u00eame si Ounas a constitu\u00e9 un plan B pour Cagliari qui a vir\u00e9 sur l&rsquo;Alg\u00e9rien apr\u00e8s avoir \u00e9chou\u00e9 \u00e0 r\u00e9cup\u00e9rer le Belge Radja Nainggolan, les Sardes ne tarissent pas d&rsquo;\u00e9loges sur le joueur des \u00ab\u00a0Verts\u00a0\u00bb : \u00ab\u00a0Technicit\u00e9, rapidit\u00e9, sens du but : Ounas est capable d&rsquo;occuper tous les postes de l&rsquo;attaque. Il peut m\u00eame partir de la droite pour ensuite aller plein axe et tirer au but avec son pied pr\u00e9f\u00e9r\u00e9, le gauche. (&#8230;) L\u00e9tal dans le un contre un, sa grande habilit\u00e9 \u00e0 dribbler lui permet d&rsquo;effacer facilement son adversaire direct et cr\u00e9er ainsi une sup\u00e9riorit\u00e9 num\u00e9rique \u00e0 l&rsquo;avantage de ses co\u00e9quipiers. Il y a une nouvelle fl\u00e8che pour l&rsquo;attaque de Cagliari\u00a0\u00bb.<\/p>\n<p class=\"c30\"><strong>Ghezzal file en Turquie<\/strong><\/p>\n<p>De son c\u00f4t\u00e9, et apr\u00e8s un pr\u00eat \u00e0 la Fiorentina o\u00f9 il a souffl\u00e9 le chaud et le froid, Rachid Ghezzal a opt\u00e9 pour la Turquie et le g\u00e9ant stambouliote Besiktas \u00e0 titre de pr\u00eat pour une saison sans option d&rsquo;achat.<\/p>\n<blockquote readability=\"14\">\n<p><em><strong>\u00ab\u00a0Notre club a sign\u00e9 un contrat de transfert temporaire avec le milieu de terrain alg\u00e9rien Rachid Ghezzal, en provenance de Leicester City. Nous souhaitons la bienvenue \u00e0 Rachid Ghezzal, qui, selon nous, fournira des services importants \u00e0 Besiktas, \u00e0 la famille Besiktas et lui souhaitons plein succ\u00e8s\u00a0\u00bb, a indiqu\u00e9 le 3e du championnat turc la saison derni\u00e8re.<\/strong><\/em><\/p>\n<\/blockquote>\n<p>Ghezzal (28 ans) avait rejoint Leicester en 2018 en provenance de l\u2019AS Monaco contre un ch\u00e8que de 14 millions d\u2019euros, mais n&rsquo;a jou\u00e9 que 23 matchs sous le maillot des \u00ab\u00a0Foxes\u00a0\u00bb, pour seulement 3 buts.<\/p>\n<p>Pr\u00eat\u00e9 la saison pass\u00e9e \u00e0 la Fiorentina, l&rsquo;ancien soci\u00e9taire de l\u2019Olympique Lyonnais a connu des premiers mois difficiles avant de devenir l&rsquo;un des meilleurs joueurs de la \u00ab\u00a0Viola\u00a0\u00bb depuis la reprise post-Covid, gr\u00e2ce \u00e0 un repositionnement en 8 dans le 3-5-2 mis en place par Giuseppe Iachini.<\/p>\n<hr\/>\n<h3>Lire aussi:\u00a0<a href=\"http:\/\/www.aps.dz\/sport\/107826-equipe-nationale-belmadi-a-decline-des-projets-tres-interessants\" target=\"_blank\" rel=\"noopener noreferrer\">Equipe nationale: Belmadi a d\u00e9clin\u00e9 \u00ab\u00a0des projets tr\u00e8s int\u00e9ressants\u00a0\u00bb<\/a><\/h3>\n<hr\/>\n<p>Par la suite, le club anglais aurait refus\u00e9 de pr\u00eater de nouveau l\u2019ailier international alg\u00e9rien \u00e0 la Fiorentina, pr\u00e9f\u00e9rant l\u2019option de vendre d\u00e9finitivement son contrat contre un ch\u00e8que de 10 millions d\u2019euros, selon la presse locale, ce qu&rsquo;il n&rsquo;a visiblement pas r\u00e9ussi \u00e0 faire lors d&rsquo;un mercato plomb\u00e9 par la crise sanitaire.<\/p>\n<p>Quant \u00e0 Youcef Bela\u00efli (Al-Ahly\/Arabie saoudite) et Islam Slimani (Leicester\/Angleterre), ils peuvent \u00eatre consid\u00e9r\u00e9s comme les grands perdants du march\u00e9 des transferts, m\u00eame si le mercato n&rsquo;a pas encore ferm\u00e9 ses portes dans certains pays, o\u00f9 ils peuvent trouver preneur afin de revenir au premier plan.<\/p>\n<blockquote readability=\"15\">\n<p><em><strong>Parmi les solutions encore disponibles, il y a les Pays-Bas (cl\u00f4ture du mercato mardi), le Portugal (mardi), la Suisse (12 octobre), l&rsquo;Angleterre (16 octobre), la Russie (17 octobre), la Croatie (19 octobre), le Qatar (25 octobre), le Canada (29 octobre) et les Etats-Unis (29 octobre).<\/strong><\/em><\/p>\n<\/blockquote>\n<p>Si c&rsquo;est le cas, Bela\u00efli et Slimani peuvent esp\u00e9rer revenir parmi les \u00ab\u00a0Verts\u00a0\u00bb \u00e0 l&rsquo;occasion de la prochaine double confrontation contre le Zimbabwe en novembre, dans le cadre des 3e et 4e journ\u00e9es des \u00e9liminatoires de la Coupe d&rsquo;Afrique des Nations-2021 (CAN-2021), d\u00e9cal\u00e9e \u00e0 2022 au Cameroun, en raison de la pand\u00e9mie du nouveau coronavirus.<\/p>\n<\/div>\n<p>Auteur:<br \/>\n<a href=\"http:\/\/www.aps.dz\/sport\/110624-foot-mercato-du-nouveau-pour-benlamri-ounas-et-ghezzal-avant-le-gong-final?utm_source=feedburner&#038;utm_medium=feed&#038;utm_campaign=Feed%3A+aps-sport+%28APS+-+SPORT%29\">Cliquez ici pour lire l&rsquo;article depuis sa source.<\/a><\/p>\n","protected":false},"excerpt":{"rendered":"<p>ALGER &#8211; Les internationaux alg\u00e9riens Djamel-Eddine Benlamri, Adam Ounas et Rachid Ghezzal ont attendu les derniers instants du mercato estival dans les grands championnats pour trouver une nouvelle destination avec l&rsquo;objectif de relancer leur carri\u00e8re professionnelle et retrouver l&rsquo;\u00e9quipe nationale. D&rsquo;abord l&rsquo;un des piliers des \u00ab\u00a0Verts\u00a0\u00bb champions d&rsquo;Afrique-2019, Benlamri, qui a pass\u00e9 lundi matin sa [&hellip;]<\/p>\n","protected":false},"author":1790,"featured_media":0,"comment_status":"closed","ping_status":"closed","sticky":false,"template":"","format":"standard","meta":{"fifu_image_url":"","fifu_image_alt":"","footnotes":""},"categories":[53,75],"tags":[],"class_list":["post-100995","post","type-post","status-publish","format-standard","hentry","category-algerie","category-sport"],"_links":{"self":[{"href":"https:\/\/linitiative.ca\/International\/wp-json\/wp\/v2\/posts\/100995","targetHints":{"allow":["GET"]}}],"collection":[{"href":"https:\/\/linitiative.ca\/International\/wp-json\/wp\/v2\/posts"}],"about":[{"href":"https:\/\/linitiative.ca\/International\/wp-json\/wp\/v2\/types\/post"}],"author":[{"embeddable":true,"href":"https:\/\/linitiative.ca\/International\/wp-json\/wp\/v2\/users\/1790"}],"replies":[{"embeddable":true,"href":"https:\/\/linitiative.ca\/International\/wp-json\/wp\/v2\/comments?post=100995"}],"version-history":[{"count":0,"href":"https:\/\/linitiative.ca\/International\/wp-json\/wp\/v2\/posts\/100995\/revisions"}],"wp:attachment":[{"href":"https:\/\/linitiative.ca\/International\/wp-json\/wp\/v2\/media?parent=100995"}],"wp:term":[{"taxonomy":"category","embeddable":true,"href":"https:\/\/linitiative.ca\/International\/wp-json\/wp\/v2\/categories?post=100995"},{"taxonomy":"post_tag","embeddable":true,"href":"https:\/\/linitiative.ca\/International\/wp-json\/wp\/v2\/tags?post=100995"}],"curies":[{"name":"wp","href":"https:\/\/api.w.org\/{rel}","templated":true}]}}