{"id":100997,"date":"2020-10-06T11:23:00","date_gmt":"2020-10-06T15:23:00","guid":{"rendered":"https:\/\/linitiative.ca\/International\/ehs-emir-abdelkader-del-hassi-oran-pas-de-medicaments-et-appareil-de-radiologie-en-panne\/"},"modified":"2020-10-06T11:23:00","modified_gmt":"2020-10-06T15:23:00","slug":"ehs-emir-abdelkader-del-hassi-oran-pas-de-medicaments-et-appareil-de-radiologie-en-panne","status":"publish","type":"post","link":"https:\/\/linitiative.ca\/International\/ehs-emir-abdelkader-del-hassi-oran-pas-de-medicaments-et-appareil-de-radiologie-en-panne\/","title":{"rendered":"EHS EMIR ABDELKADER D\u2019EL HASSI (ORAN) : Pas de m\u00e9dicaments et appareil de radiologie en panne"},"content":{"rendered":"<p><br id=\"sep_para_1\" class=\"sep_para access\"\/><\/p>\n<div id=\"para_1\" class=\"para_38902111 resize\">\n<div class=\"texte access firstletter\">Ce probl\u00e8me s\u2019est a aggrav\u00e9 depuis 2019, ce qui a engendr\u00e9 une vaste campagne de lutte contre la corruption sold\u00e9e par l\u2019incarc\u00e9ration de l\u2019importateur exclusif et le charg\u00e9 de la pi\u00e8ce et de la maintenance de ces appareils, qui n\u2019est autre que l\u2019ex-richissime Ali Haddad, actuellement incarc\u00e9r\u00e9 \u00e0\u00a0 la prison d\u2019El Harrach \u00e0 Alger pour corruption et enrichissement illicite. L\u2019accord sign\u00e9 consistait en l\u2019acquisition par la SIAL Pharma filiale du groupe ETRHB de syst\u00e8mes de radioth\u00e9rapie destin\u00e9s au traitement des maladies du cancer. De plus, SIAL Pharma a eu l\u2019exclusivit\u00e9 de la maintenance de ce mat\u00e9riel import\u00e9. La chute de l\u2019empire Haddad a impact\u00e9 l\u2019op\u00e9ration d\u2019acquisition de ces appareils et en cons\u00e9quence, la qualit\u00e9 de la prise en charge des canc\u00e9reux. C\u2019est le cas \u00e0 l\u2019EHS sp\u00e9cialis\u00e9 en Oncologie \u00e0 El Hassi dont les enfants malades souffrent de la maladie et encore plus du manque de moyens de prise en charge. R\u00e9sultat, les canc\u00e9reux ne peuvent plus surmonter les attaques de cette maladie mortelle. Pour les majeurs, c\u2019est le grand p\u00e9riple \u00e0 travers les wilayas de l\u2019ouest notamment, Sidi Bel Abb\u00e8s et Tlemcen o\u00f9 les appareils sont en marche et les rendez-vous sont accessibles. Pour un m\u00e9decin de l\u2019\u00e9tablissement d\u2019El Hassi, \u00ab la main d\u2019\u0153uvre ainsi que les pi\u00e8ces de rechange p\u00e9nalisent notre travail, du coup, on est oblig\u00e9 \u00e0 espacer les s\u00e9ances de traitement, les services habilit\u00e9s devraient acc\u00e9l\u00e9rer les choses en paraphant un nouveau contrat ou continuer \u00e0 importer des Etats-Unis, l\u2019essentiel est de mettre \u00e0 notre disposition le mat\u00e9riel pour mieux prendre en charge les patients \u00bb. La soci\u00e9t\u00e9 d\u2019oncologie m\u00e9dicale, par le biais du professeur Kamel Bouzid, a appel\u00e9 \u00e0 une \u00ab r\u00e9action urgente \u00bb des pouvoirs publics quant \u00e0 la question de la maintenance du mat\u00e9riel de radiologie des centres anti-cancer ouverts \u00e0 travers le territoire national. Le professeur Kamel Bouzid a soulev\u00e9 la probl\u00e9matique de la maintenance des \u00e9quipements des 20 centres anti-cancer r\u00e9partis \u00e0 travers le territoire national, faisant \u00e9tat de d\u00e9lais longs allant jusqu\u2019\u00e0 six mois pour la r\u00e9paration du mat\u00e9riel en panne.<\/div>\n<\/div>\n<p>Auteur: Medjadji Habib<br \/>\n<a href=\"https:\/\/www.reflexiondz.net\/EHS-EMIR-ABDELKADER-D-EL-HASSI-ORAN-Pas-de-medicaments-et-appareil-de-radiologie-en-panne_a65621.html\">Cliquez ici pour lire l&rsquo;article depuis sa source.<\/a><\/p>\n","protected":false},"excerpt":{"rendered":"<p>Ce probl\u00e8me s\u2019est a aggrav\u00e9 depuis 2019, ce qui a engendr\u00e9 une vaste campagne de lutte contre la corruption sold\u00e9e par l\u2019incarc\u00e9ration de l\u2019importateur exclusif et le charg\u00e9 de la pi\u00e8ce et de la maintenance de ces appareils, qui n\u2019est autre que l\u2019ex-richissime Ali Haddad, actuellement incarc\u00e9r\u00e9 \u00e0\u00a0 la prison d\u2019El Harrach \u00e0 Alger pour [&hellip;]<\/p>\n","protected":false},"author":1740,"featured_media":0,"comment_status":"closed","ping_status":"closed","sticky":false,"template":"","format":"standard","meta":{"fifu_image_url":"","fifu_image_alt":"","footnotes":""},"categories":[53,76],"tags":[],"class_list":["post-100997","post","type-post","status-publish","format-standard","hentry","category-algerie","category-regions"],"_links":{"self":[{"href":"https:\/\/linitiative.ca\/International\/wp-json\/wp\/v2\/posts\/100997","targetHints":{"allow":["GET"]}}],"collection":[{"href":"https:\/\/linitiative.ca\/International\/wp-json\/wp\/v2\/posts"}],"about":[{"href":"https:\/\/linitiative.ca\/International\/wp-json\/wp\/v2\/types\/post"}],"author":[{"embeddable":true,"href":"https:\/\/linitiative.ca\/International\/wp-json\/wp\/v2\/users\/1740"}],"replies":[{"embeddable":true,"href":"https:\/\/linitiative.ca\/International\/wp-json\/wp\/v2\/comments?post=100997"}],"version-history":[{"count":0,"href":"https:\/\/linitiative.ca\/International\/wp-json\/wp\/v2\/posts\/100997\/revisions"}],"wp:attachment":[{"href":"https:\/\/linitiative.ca\/International\/wp-json\/wp\/v2\/media?parent=100997"}],"wp:term":[{"taxonomy":"category","embeddable":true,"href":"https:\/\/linitiative.ca\/International\/wp-json\/wp\/v2\/categories?post=100997"},{"taxonomy":"post_tag","embeddable":true,"href":"https:\/\/linitiative.ca\/International\/wp-json\/wp\/v2\/tags?post=100997"}],"curies":[{"name":"wp","href":"https:\/\/api.w.org\/{rel}","templated":true}]}}