{"id":100998,"date":"2020-10-06T11:23:00","date_gmt":"2020-10-06T15:23:00","guid":{"rendered":"https:\/\/linitiative.ca\/International\/sidi-bel-abbes-premiere-visite-du-wali-a-merine\/"},"modified":"2020-10-06T11:23:00","modified_gmt":"2020-10-06T15:23:00","slug":"sidi-bel-abbes-premiere-visite-du-wali-a-merine","status":"publish","type":"post","link":"https:\/\/linitiative.ca\/International\/sidi-bel-abbes-premiere-visite-du-wali-a-merine\/","title":{"rendered":"SIDI BEL ABBES : Premi\u00e8re visite  du wali \u00e0 M\u00e9rine"},"content":{"rendered":"<p><br id=\"sep_para_1\" class=\"sep_para access\"\/><\/p>\n<div id=\"para_1\" class=\"para_38902104 resize\">\n<div class=\"texte access firstletter\">Dans le cadre de ses sorties officielles sur le terrain, \u00e0 travers les communes de la wilaya, Mr. Limani Mustapha, wali de Sidi Bel Abb\u00e8s, accompagn\u00e9 d&rsquo;une forte d\u00e9l\u00e9gation, s&rsquo;est rendu ce lundi 5 octobre 2020\u00a0 dans la da\u00efra de M\u00e9rine, 60 km au sud du chef-lieu de wilaya, dans sa premi\u00e8re visite d&rsquo;inscription, depuis son installation \u00e0 la t\u00eate de la wilaya de la Mekerra, il ya 10 mois. Cette visite aurait \u00e9t\u00e9 programm\u00e9e pour aller s&rsquo;enqu\u00e9rir de l&rsquo;\u00e9tat du taux d&rsquo;avancement des travaux de plusieurs projets encore en cours et rencontrer les habitants\u00a0 des zones d&rsquo;ombre. Mr Limani a effectu\u00e9 un long p\u00e9riple, \u00e0 travers les quatre communes, \u00e0 savoir : Oued Taourira, Taoudmout,\u00a0 T\u00e9fessour et le chef-lieu de da\u00efra. Le premier responsable de l&rsquo;ex\u00e9cutif de la wilaya\u00a0 s&rsquo;est enquis des travaux de r\u00e9alisation de divers projets de logements sociaux, cantines scolaires, d\u2019infrastructures administratives et sportives et de r\u00e9fection d&rsquo;AEP. N\u00e9anmoins, il se serait\u00a0 rendu compte que la plupart des chantiers visit\u00e9s\u00a0 accusent un retard flagrant. Le wali a termin\u00e9\u00a0 sa visite de travail par une rencontre avec la soci\u00e9t\u00e9 civile, tenue dans la salle des f\u00eates, de la da\u00efra de\u00a0 M\u00e9rine.\u00a0\u00a0\u00a0\u00a0\u00a0\u00a0\u00a0\u00a0\u00a0\u00a0\u00a0\u00a0\u00a0\u00a0\u00a0\u00a0\u00a0\u00a0\u00a0\u00a0\u00a0\u00a0\u00a0\u00a0\u00a0<\/div>\n<\/div>\n<p>Auteur: Noui Moussa<br \/>\n<a href=\"https:\/\/www.reflexiondz.net\/SIDI-BEL-ABBES-Premiere-visite-du-wali-a-Merine_a65620.html\">Cliquez ici pour lire l&rsquo;article depuis sa source.<\/a><\/p>\n","protected":false},"excerpt":{"rendered":"<p>Dans le cadre de ses sorties officielles sur le terrain, \u00e0 travers les communes de la wilaya, Mr. Limani Mustapha, wali de Sidi Bel Abb\u00e8s, accompagn\u00e9 d&rsquo;une forte d\u00e9l\u00e9gation, s&rsquo;est rendu ce lundi 5 octobre 2020\u00a0 dans la da\u00efra de M\u00e9rine, 60 km au sud du chef-lieu de wilaya, dans sa premi\u00e8re visite d&rsquo;inscription, depuis [&hellip;]<\/p>\n","protected":false},"author":1740,"featured_media":0,"comment_status":"closed","ping_status":"closed","sticky":false,"template":"","format":"standard","meta":{"fifu_image_url":"","fifu_image_alt":"","footnotes":""},"categories":[53,76],"tags":[],"class_list":["post-100998","post","type-post","status-publish","format-standard","hentry","category-algerie","category-regions"],"_links":{"self":[{"href":"https:\/\/linitiative.ca\/International\/wp-json\/wp\/v2\/posts\/100998","targetHints":{"allow":["GET"]}}],"collection":[{"href":"https:\/\/linitiative.ca\/International\/wp-json\/wp\/v2\/posts"}],"about":[{"href":"https:\/\/linitiative.ca\/International\/wp-json\/wp\/v2\/types\/post"}],"author":[{"embeddable":true,"href":"https:\/\/linitiative.ca\/International\/wp-json\/wp\/v2\/users\/1740"}],"replies":[{"embeddable":true,"href":"https:\/\/linitiative.ca\/International\/wp-json\/wp\/v2\/comments?post=100998"}],"version-history":[{"count":0,"href":"https:\/\/linitiative.ca\/International\/wp-json\/wp\/v2\/posts\/100998\/revisions"}],"wp:attachment":[{"href":"https:\/\/linitiative.ca\/International\/wp-json\/wp\/v2\/media?parent=100998"}],"wp:term":[{"taxonomy":"category","embeddable":true,"href":"https:\/\/linitiative.ca\/International\/wp-json\/wp\/v2\/categories?post=100998"},{"taxonomy":"post_tag","embeddable":true,"href":"https:\/\/linitiative.ca\/International\/wp-json\/wp\/v2\/tags?post=100998"}],"curies":[{"name":"wp","href":"https:\/\/api.w.org\/{rel}","templated":true}]}}