{"id":101001,"date":"2020-10-06T11:42:00","date_gmt":"2020-10-06T15:42:00","guid":{"rendered":"https:\/\/linitiative.ca\/International\/en-visite-inopinee-a-saf-saf-le-wali-de-mostaganem-fait-le-buzz\/"},"modified":"2020-10-06T11:42:00","modified_gmt":"2020-10-06T15:42:00","slug":"en-visite-inopinee-a-saf-saf-le-wali-de-mostaganem-fait-le-buzz","status":"publish","type":"post","link":"https:\/\/linitiative.ca\/International\/en-visite-inopinee-a-saf-saf-le-wali-de-mostaganem-fait-le-buzz\/","title":{"rendered":"EN VISITE INOPINEE A SAF-SAF    : Le wali de Mostaganem  fait le buzz"},"content":{"rendered":"<p><br id=\"sep_para_1\" class=\"sep_para access\"\/><\/p>\n<div id=\"para_1\" class=\"para_38902495 resize\">\n<div class=\"photo shadow left\"><a href=\"javascript:void(0)\" rel=\"https:\/\/www.reflexiondz.net\/photo\/art\/grande\/50378774-38902495.jpg?v=1602000407&amp;ibox\" title=\"EN VISITE INOPINEE A SAF-SAF : Le wali de Mostaganem fait le buzz\"><img decoding=\"async\" class=\"responsive c9\" src=\"https:\/\/www.reflexiondz.net\/photo\/art\/grande\/50378774-38902495.jpg?v=1602000407\" alt=\"EN VISITE INOPINEE A SAF-SAF : Le wali de Mostaganem fait le buzz\" title=\"EN VISITE INOPINEE A SAF-SAF : Le wali de Mostaganem fait le buzz\"\/><img decoding=\"async\" class=\"not-responsive\" src=\"https:\/\/www.reflexiondz.net\/photo\/art\/default\/50378774-38902495.jpg?v=1602000408\" alt=\"EN VISITE INOPINEE A SAF-SAF : Le wali de Mostaganem fait le buzz\" title=\"EN VISITE INOPINEE A SAF-SAF : Le wali de Mostaganem fait le buzz\"\/><\/a><\/div>\n<div class=\"texte access firstletter\">C\u2019est dans ce contexte que le wali de Mostaganem, M. Aissa Boulahia s\u2019est rendu ce lundi, sans pr\u00e9venir\u00a0 \u00e0 la commune de \u2018\u2019Safsaf\u2019\u2019 et\u00a0 plus exactement au douar \u2019\u2019Mkahlia\u2019\u2019,\u00a0 pour constater de visu sur le terrain, les projets en cours de r\u00e9alisation dans cette localit\u00e9.\u00a0 Dans ses diff\u00e9rentes haltes, au niveau de ce douar,\u00a0 des groupes de citoyens\u00a0 lui faisaient\u00a0 part de leurs pr\u00e9occupations principales, qui tournent toujours autour de commodit\u00e9s de base : \u00e0 savoir l\u2019eau potable, l\u2019\u00e9lectricit\u00e9, l\u2019assainissement, le logement rural, l\u2019ouverture de sentiers et le gaz de ville. Lors de cette visite inopin\u00e9e,\u00a0 le wali a certainement mesur\u00e9 la souffrance des riverains, avec lesquels il a consacr\u00e9\u00a0 de son temps pour jouer une partie du jeu\u00a0 \u2018\u2019Damier\u2019\u2019, tout en \u00e9coutant leurs dol\u00e9ances dans cette r\u00e9gion qui vit\u00a0 presque \u00e0 l\u2019\u00e8re coloniale. En effet, la vid\u00e9o diffus\u00e9e sur les r\u00e9seaux sociaux a fait le buzz. Les internautes et toute la population mostagan\u00e9moise ont appr\u00e9ci\u00e9 cette derni\u00e8re sortie de M. le wali, qui va certainement donner un nouveau souffle \u00e0 Mostaganem. Pour rappel, M. Boulahia, a entam\u00e9 samedi dernier une visite de travail dans les zones d\u2019ombre, au cours de laquelle il a inspect\u00e9 plusieurs projets en cours de r\u00e9alisation et il a pris connaissance des pr\u00e9occupations des citoyens des douars des communes de Mostaganem ! Le d\u00e9but de ce wali semble rassurant pour un bon manager, et surtout en cette p\u00e9riode actuelle de l&rsquo;\u00e9pid\u00e9mie de Coronavirus, ce qui n\u2019est pas donn\u00e9 \u00e0 tout le monde. Mais se doter des comp\u00e9tences essentielles n\u2019est pas suffisant, si la soci\u00e9t\u00e9 civile de Mostaganem ne l\u2019accompagne pas dans sa mission. C\u2019est pourquoi, il est essentiel pour la soci\u00e9t\u00e9 mostagan\u00e9moise de g\u00e9rer ses \u00e9motions et ses diff\u00e9rends et s\u2019unir autour du nouveau wali en un seul homme pour d\u00e9fendre l\u2019int\u00e9r\u00eat de Mostaganem.\u00a0<\/div>\n<\/div>\n<p>Auteur: A.Lachlak<br \/>\n<a href=\"https:\/\/www.reflexiondz.net\/EN-VISITE-INOPINEE-A-SAF-SAF-Le-wali-de-Mostaganem-fait-le-buzz_a65641.html\">Cliquez ici pour lire l&rsquo;article depuis sa source.<\/a><\/p>\n","protected":false},"excerpt":{"rendered":"<p>C\u2019est dans ce contexte que le wali de Mostaganem, M. Aissa Boulahia s\u2019est rendu ce lundi, sans pr\u00e9venir\u00a0 \u00e0 la commune de \u2018\u2019Safsaf\u2019\u2019 et\u00a0 plus exactement au douar \u2019\u2019Mkahlia\u2019\u2019,\u00a0 pour constater de visu sur le terrain, les projets en cours de r\u00e9alisation dans cette localit\u00e9.\u00a0 Dans ses diff\u00e9rentes haltes, au niveau de ce douar,\u00a0 des [&hellip;]<\/p>\n","protected":false},"author":1740,"featured_media":0,"comment_status":"closed","ping_status":"closed","sticky":false,"template":"","format":"standard","meta":{"fifu_image_url":"","fifu_image_alt":"","footnotes":""},"categories":[53,76],"tags":[],"class_list":["post-101001","post","type-post","status-publish","format-standard","hentry","category-algerie","category-regions"],"_links":{"self":[{"href":"https:\/\/linitiative.ca\/International\/wp-json\/wp\/v2\/posts\/101001","targetHints":{"allow":["GET"]}}],"collection":[{"href":"https:\/\/linitiative.ca\/International\/wp-json\/wp\/v2\/posts"}],"about":[{"href":"https:\/\/linitiative.ca\/International\/wp-json\/wp\/v2\/types\/post"}],"author":[{"embeddable":true,"href":"https:\/\/linitiative.ca\/International\/wp-json\/wp\/v2\/users\/1740"}],"replies":[{"embeddable":true,"href":"https:\/\/linitiative.ca\/International\/wp-json\/wp\/v2\/comments?post=101001"}],"version-history":[{"count":0,"href":"https:\/\/linitiative.ca\/International\/wp-json\/wp\/v2\/posts\/101001\/revisions"}],"wp:attachment":[{"href":"https:\/\/linitiative.ca\/International\/wp-json\/wp\/v2\/media?parent=101001"}],"wp:term":[{"taxonomy":"category","embeddable":true,"href":"https:\/\/linitiative.ca\/International\/wp-json\/wp\/v2\/categories?post=101001"},{"taxonomy":"post_tag","embeddable":true,"href":"https:\/\/linitiative.ca\/International\/wp-json\/wp\/v2\/tags?post=101001"}],"curies":[{"name":"wp","href":"https:\/\/api.w.org\/{rel}","templated":true}]}}