{"id":101006,"date":"2020-10-06T07:48:00","date_gmt":"2020-10-06T11:48:00","guid":{"rendered":"https:\/\/linitiative.ca\/International\/la-conference-inaugurale-de-lannee-academique-2020-2021-beit-al-hikma-a-octroye-a-loccasion-le-prix-jeune-chercheur-2020-album-photos\/"},"modified":"2020-10-06T07:48:00","modified_gmt":"2020-10-06T11:48:00","slug":"la-conference-inaugurale-de-lannee-academique-2020-2021-beit-al-hikma-a-octroye-a-loccasion-le-prix-jeune-chercheur-2020-album-photos","status":"publish","type":"post","link":"https:\/\/linitiative.ca\/International\/la-conference-inaugurale-de-lannee-academique-2020-2021-beit-al-hikma-a-octroye-a-loccasion-le-prix-jeune-chercheur-2020-album-photos\/","title":{"rendered":"La conf\u00e9rence inaugurale de l\u2019ann\u00e9e acad\u00e9mique 2020-2021: Beit al-Hikma a octroy\u00e9, \u00e0 l\u2019occasion, le prix Jeune chercheur 2020 (Album photos)"},"content":{"rendered":"<p>L\u2019Acad\u00e9mie Tunisienne des sciences, des lettres et des arts \u00abBe\u00eft al-Hikma\u00bb, a organis\u00e9 le samedi 03 octobre 2020, la conf\u00e9rence inaugurale de l\u2019ann\u00e9e acad\u00e9mique 2020-2021, sur le th\u00e8me \u00ab\u00c9lites et masses dans le discours de\u00a0 l\u2019orthodoxie sunnite\u00bb, la conf\u00e9rence a \u00e9t\u00e9 donn\u00e9e par le Professeur Yadh Ibn Achour.<\/p>\n<p>L\u2019Acad\u00e9mie a octroy\u00e9, \u00e0 l\u2019occasion, le prix Jeune chercheur2020.<\/p>\n<p><span class=\"c4\"><span class=\"c3\"><strong>Laur\u00e9ats du Prix jeune chercheur 2020<\/strong><\/span><\/span><\/p>\n<table width=\"100%\" cellspacing=\"1\" cellpadding=\"1\" border=\"1\">\n<tbody>\n<tr>\n<td><span class=\"c5\"><strong>Sp\u00e9cialit\u00e9<\/strong><\/span><\/td>\n<td><span class=\"c5\"><strong>Laur\u00e9at(e)<\/strong><\/span><\/td>\n<\/tr>\n<tr>\n<td>Math\u00e9matiques<\/td>\n<td>Najmeddine Attia<\/td>\n<\/tr>\n<tr>\n<td>Biologie<\/td>\n<td>Mourad Jridi<\/td>\n<\/tr>\n<tr>\n<td>Informatique<\/td>\n<td>Ryma Abassi<\/td>\n<\/tr>\n<tr>\n<td>Physique<\/td>\n<td>Ramzi Khiari<\/td>\n<\/tr>\n<tr>\n<td>Histoire<\/td>\n<td>Houssem Eddine Chachia<\/td>\n<\/tr>\n<tr>\n<td>G\u00e9ographie<\/td>\n<td>Wafa Nasrallah<\/td>\n<\/tr>\n<tr>\n<td>Histoire<\/td>\n<td>Aroua Labidi<\/td>\n<\/tr>\n<tr>\n<td>Arts<\/td>\n<td>Mariem Guellouz<\/td>\n<\/tr>\n<tr>\n<td>Informatique<\/td>\n<td>Ala Mhalla<\/td>\n<\/tr>\n<\/tbody>\n<\/table>\n<p>Auteur:<br \/>\n<a href=\"https:\/\/www.leaders.com.tn\/article\/30697-la-conference-inaugurale-de-l-annee-academique-2020-2021-beit-al-hikma-a-octroye-a-l-occasion-le-prix-jeune-chercheur2020\">Cliquez ici pour lire l&rsquo;article depuis sa source.<\/a><\/p>\n","protected":false},"excerpt":{"rendered":"<p>L\u2019Acad\u00e9mie Tunisienne des sciences, des lettres et des arts \u00abBe\u00eft al-Hikma\u00bb, a organis\u00e9 le samedi 03 octobre 2020, la conf\u00e9rence inaugurale de l\u2019ann\u00e9e acad\u00e9mique 2020-2021, sur le th\u00e8me \u00ab\u00c9lites et masses dans le discours de\u00a0 l\u2019orthodoxie sunnite\u00bb, la conf\u00e9rence a \u00e9t\u00e9 donn\u00e9e par le Professeur Yadh Ibn Achour. L\u2019Acad\u00e9mie a octroy\u00e9, \u00e0 l\u2019occasion, le prix [&hellip;]<\/p>\n","protected":false},"author":1772,"featured_media":0,"comment_status":"closed","ping_status":"closed","sticky":false,"template":"","format":"standard","meta":{"fifu_image_url":"","fifu_image_alt":"","footnotes":""},"categories":[73,55],"tags":[],"class_list":["post-101006","post","type-post","status-publish","format-standard","hentry","category-actualite","category-tunisie"],"_links":{"self":[{"href":"https:\/\/linitiative.ca\/International\/wp-json\/wp\/v2\/posts\/101006","targetHints":{"allow":["GET"]}}],"collection":[{"href":"https:\/\/linitiative.ca\/International\/wp-json\/wp\/v2\/posts"}],"about":[{"href":"https:\/\/linitiative.ca\/International\/wp-json\/wp\/v2\/types\/post"}],"author":[{"embeddable":true,"href":"https:\/\/linitiative.ca\/International\/wp-json\/wp\/v2\/users\/1772"}],"replies":[{"embeddable":true,"href":"https:\/\/linitiative.ca\/International\/wp-json\/wp\/v2\/comments?post=101006"}],"version-history":[{"count":0,"href":"https:\/\/linitiative.ca\/International\/wp-json\/wp\/v2\/posts\/101006\/revisions"}],"wp:attachment":[{"href":"https:\/\/linitiative.ca\/International\/wp-json\/wp\/v2\/media?parent=101006"}],"wp:term":[{"taxonomy":"category","embeddable":true,"href":"https:\/\/linitiative.ca\/International\/wp-json\/wp\/v2\/categories?post=101006"},{"taxonomy":"post_tag","embeddable":true,"href":"https:\/\/linitiative.ca\/International\/wp-json\/wp\/v2\/tags?post=101006"}],"curies":[{"name":"wp","href":"https:\/\/api.w.org\/{rel}","templated":true}]}}