{"id":101015,"date":"2020-10-06T06:00:00","date_gmt":"2020-10-06T10:00:00","guid":{"rendered":"https:\/\/linitiative.ca\/International\/maman-quand-lecole-va-t-elle-enfin-rouvrir-ses-portes\/"},"modified":"2020-10-06T06:00:00","modified_gmt":"2020-10-06T10:00:00","slug":"maman-quand-lecole-va-t-elle-enfin-rouvrir-ses-portes","status":"publish","type":"post","link":"https:\/\/linitiative.ca\/International\/maman-quand-lecole-va-t-elle-enfin-rouvrir-ses-portes\/","title":{"rendered":"Maman, quand l\u2019\u00e9cole va-t-elle enfin rouvrir ses portes ?"},"content":{"rendered":"<p class=\"c4\">\u00c7a y est ! Ils sont \u00e0 bout. Pass\u00e9 l\u2019euphorie des premi\u00e8res semaines de ces vacances impromptues, les \u00e9coliers veulent reprendre le chemin de l\u2019\u00e9cole. Apr\u00e8s une overdose de jeux vid\u00e9o, PlayStation, puzzles, s\u00e9ries t\u00e9l\u00e9 et autres loisirs, ils r\u00e9clament un retour \u00e0 la \u00ab normale \u00bb. Ces potaches n\u2019en peuvent plus de ces longues journ\u00e9es sans classe, sans leurs camarades et sans profs !<\/p>\n<p class=\"c4\">Au mois de mars dernier, quand ils ont appris qu\u2019ils ne retourneront pas \u00e0 l\u2019\u00e9cole \u00e0 la fin des vacances de printemps, ils se sont r\u00e9jouis d\u2019avoir une rallonge providentielle pour s\u2019amuser, se reposer, sortir. Cela devait durer quelques petites semaines \u00e0 peine. Mais devant la virulence du Covid-19, les \u00e9tablissements scolaires ont gard\u00e9 leurs portes closes. L\u2019\u00e9t\u00e9 est pass\u00e9, l\u2019automne s\u2019est install\u00e9 mais la cloche n\u2019a pas sonn\u00e9. Cartables et tabliers sont rest\u00e9s au placard.\u00a0<br \/>Une situation in\u00e9dite dans la vie de tous ces \u00e9coliers, coll\u00e9giens et lyc\u00e9ens dont le moral commence \u00e0 flancher tout autant que celui de leurs parents qui se demandent \u00e0 quelle date leurs enfants vont enfin pouvoir se replonger dans leurs livres et cahiers.<\/p>\n<p class=\"c4\"><strong>Basta la maison !<\/strong><br \/>Des vacances, ils en ont eu plus que de raison. Apr\u00e8s 7 mois \u00e0 la maison, les potaches ont h\u00e2te de franchir \u00e0 nouveau le seuil de leur \u00e9tablissement.<br \/>Manil, 10 ans, est tr\u00e8s mature pour son \u00e2ge. \u00ab Cette ann\u00e9e, je passe l\u2019examen de la 5e pour aller au coll\u00e8ge, dit-il. Je n\u2019en peux plus de rester \u00e0 la maison. Mes parents ont repris le travail et je suis confin\u00e9 entre quatre murs avec ma s\u0153ur et mon fr\u00e8re. On est les uns sur les autres \u00e0 se chamailler \u00e0 longueur de journ\u00e9e.\u00a0 Je ne pensais pas dire cela un jour, mais l\u2019ambiance de l\u2019\u00e9cole me manque. Mes camarades de classe et nos petites b\u00eatises rigolotes aussi \u00bb.<br \/>La peur de voir leurs enfants d\u00e9crocher compl\u00e8tement et se d\u00e9sint\u00e9resser de leurs \u00e9tudes hante de nombreux parents. Certains avouent avoir tent\u00e9, d\u00e8s le d\u00e9but du confinement, de faire travailler leurs enfants sans grand succ\u00e8s. \u00ab Mis \u00e0 part un peu de lecture, mes enfants refusent de faire des r\u00e9visions, nous confie Badia, 32 ans. Cela fait 7 mois qu\u2019ils ne sont pas retourn\u00e9s en classe et la coupure se ressent. Hier, je leur ai fait une dict\u00e9e. J\u2019\u00e9tais choqu\u00e9e par le nombre de fautes que j\u2019ai d\u00fb corriger. Et puis, \u00e0 force de tourner en rond, \u00e0 ne rien faire mis \u00e0 part regarder la t\u00e9l\u00e9vision ou faire des jeux sur l\u2019ordinateur, je sens qu\u2019ils s\u2019abrutissent. Je suis impuissante \u00e0 g\u00e9rer cette situation. J\u2019ai h\u00e2te que la rentr\u00e9e scolaire soit enfin annonc\u00e9e. \u00bb<\/p>\n<p class=\"c4\"><strong>Peur de la d\u00e9perdition\u00a0scolaire<\/strong><br \/>Pas \u00e9vident de se substituer \u00e0 un instituteur ou \u00e0 une institutrice lorsqu\u2019on est parent. \u00ab Quand j\u2019essaye de faire r\u00e9viser ma fille, nous dit R\u00e9da, 40 ans, je perds rapidement patience. Apr\u00e8s ces longs mois sans classe, nous nous sommes organis\u00e9s, avec d\u2019autres parents, pour confier nos enfants \u00e0 des enseignants, dans la cit\u00e9 o\u00f9 nous habitons. Ils prennent des cours en petits groupes. Cela leur permet de se replonger dans le bain des \u00e9tudes avant la rentr\u00e9e. Il y a des \u00e9l\u00e8ves qui risquent de d\u00e9crocher compl\u00e8tement \u00e0 cause de cette pand\u00e9mie. Les parents doivent rester extr\u00eamement vigilants. \u00bb\u00a0<br \/>Kenza, 14 ans, coll\u00e9gienne, ronge son frein en attendant la reprise \u00ab La vie scolaire donnait un rythme \u00e0 notre vie. Il y avait les cours, le sport le mardi apr\u00e8s-midi, les r\u00e9visions entre copines \u00e0 l\u2019approche des compositions, les fous rires, l\u2019amiti\u00e9. Et l\u00e0, plus rien ! Le confinement nous a coup\u00e9s de tout. En ce moment, les journ\u00e9es sont monotones. Cela fait plus de six mois que je suis en vacances et je n\u2019arrive pas \u00e0 programmer des r\u00e9visions. Je n\u2019ai aucune motivation ! Mes profs me manquent, mes camarades aussi. Je me sens compl\u00e8tement d\u00e9boussol\u00e9e tellement cette d\u00e9scolarisation pour cause de coronavirus me semble \u00e9trange. J\u2019envie les enfants qui ont repris les cours dans d\u2019autres pays. Et je m\u2019inqui\u00e8te aussi du retard que nous allons accuser dans le programme .\u00bb<\/p>\n<p class=\"c4\"><strong>Enseignement\u00a0\u00e0 distance<\/strong><br \/>La reprise des cours a pu s\u2019effectuer \u00e0 distance, d\u00e9but septembre, pour les enfants scolaris\u00e9s au LIAD (Lyc\u00e9e international Alexandre-Dumas).\u00a0<br \/>\u00abC\u2019est un jour de cours en pr\u00e9sentiel et un autre par visioconf\u00e9rence \u00e0 domicile\u00bb, nous informe Hanane, 45 ans, dont la fille est scolaris\u00e9e dans cet \u00e9tablissement. D\u2019autres enfants inscrits dans des \u00e9coles priv\u00e9es ont \u00e9galement repris les cours \u00e0 distance, comme nous le confirme Nazim, 43 ans. \u00abMes enfants au coll\u00e8ge suivent les cours de leurs enseignants sur internet mais ils se plaignent de ne pas \u00eatre aussi concentr\u00e9s que s\u2019ils \u00e9taient en classe, tranche-t-il. Personnellement, je suis plus pour cette m\u00e9thode. Tant que des garanties sanitaires ne sont pas disponibles, l\u2019enseignement \u00e0 distance est recommand\u00e9\u00bb.<br \/>En attendant de reprendre le chemin de l\u2019\u00e9cole et de retrouver l\u2019ambiance des franches camaraderies ch\u00e8re \u00e0 tous les \u00e9l\u00e8ves, parents et enfants lorgnent vers les pouvoirs publics, seuls habilit\u00e9s \u00e0 d\u00e9cider d\u2019une reprise, dans le respect des mesures sanitaires exig\u00e9es par cette pand\u00e9mie sans pr\u00e9c\u00e9dent.<br \/><em><strong>Soraya Naili<\/strong><\/em><\/p>\n<p>Auteur:<br \/>\n<a href=\"https:\/\/www.lesoirdalgerie.com\/societe\/maman-quand-lecole-va-t-elle-enfin-rouvrir-ses-portes-49227\">Cliquez ici pour lire l&rsquo;article depuis sa source.<\/a><\/p>\n","protected":false},"excerpt":{"rendered":"<p>\u00c7a y est ! Ils sont \u00e0 bout. Pass\u00e9 l\u2019euphorie des premi\u00e8res semaines de ces vacances impromptues, les \u00e9coliers veulent reprendre le chemin de l\u2019\u00e9cole. Apr\u00e8s une overdose de jeux vid\u00e9o, PlayStation, puzzles, s\u00e9ries t\u00e9l\u00e9 et autres loisirs, ils r\u00e9clament un retour \u00e0 la \u00ab normale \u00bb. Ces potaches n\u2019en peuvent plus de ces longues [&hellip;]<\/p>\n","protected":false},"author":1741,"featured_media":0,"comment_status":"closed","ping_status":"closed","sticky":false,"template":"","format":"standard","meta":{"fifu_image_url":"","fifu_image_alt":"","footnotes":""},"categories":[73,53],"tags":[],"class_list":["post-101015","post","type-post","status-publish","format-standard","hentry","category-actualite","category-algerie"],"_links":{"self":[{"href":"https:\/\/linitiative.ca\/International\/wp-json\/wp\/v2\/posts\/101015","targetHints":{"allow":["GET"]}}],"collection":[{"href":"https:\/\/linitiative.ca\/International\/wp-json\/wp\/v2\/posts"}],"about":[{"href":"https:\/\/linitiative.ca\/International\/wp-json\/wp\/v2\/types\/post"}],"author":[{"embeddable":true,"href":"https:\/\/linitiative.ca\/International\/wp-json\/wp\/v2\/users\/1741"}],"replies":[{"embeddable":true,"href":"https:\/\/linitiative.ca\/International\/wp-json\/wp\/v2\/comments?post=101015"}],"version-history":[{"count":0,"href":"https:\/\/linitiative.ca\/International\/wp-json\/wp\/v2\/posts\/101015\/revisions"}],"wp:attachment":[{"href":"https:\/\/linitiative.ca\/International\/wp-json\/wp\/v2\/media?parent=101015"}],"wp:term":[{"taxonomy":"category","embeddable":true,"href":"https:\/\/linitiative.ca\/International\/wp-json\/wp\/v2\/categories?post=101015"},{"taxonomy":"post_tag","embeddable":true,"href":"https:\/\/linitiative.ca\/International\/wp-json\/wp\/v2\/tags?post=101015"}],"curies":[{"name":"wp","href":"https:\/\/api.w.org\/{rel}","templated":true}]}}