{"id":101016,"date":"2020-10-06T10:03:16","date_gmt":"2020-10-06T14:03:16","guid":{"rendered":"https:\/\/linitiative.ca\/International\/hcp-remontee-des-prix-a-la-consommation-au-maroc\/"},"modified":"2020-10-06T10:03:16","modified_gmt":"2020-10-06T14:03:16","slug":"hcp-remontee-des-prix-a-la-consommation-au-maroc","status":"publish","type":"post","link":"https:\/\/linitiative.ca\/International\/hcp-remontee-des-prix-a-la-consommation-au-maroc\/","title":{"rendered":"HCP : remont\u00e9e des prix \u00e0 la consommation au Maroc"},"content":{"rendered":"<p><strong>Les prix \u00e0 la consommation se seraient redress\u00e9s de 0,7% au troisi\u00e8me trimestre 2020, apr\u00e8s avoir quasiment stagn\u00e9 un trimestre auparavant, selon le Haut-Commissariat au Plan (HCP).<\/strong><\/p>\n<div class=\"c10\"\/>\n<p>Cette \u00e9volution aurait r\u00e9sult\u00e9 d\u2019une augmentation de 0,9% des prix des produits alimentaires, refl\u00e9tant la hausse des prix des produits frais et, dans une moindre mesure, de l\u2019augmentation de ceux des tabacs, intervenue au mois d\u2019ao\u00fbt 2020, \u00e0 la suite de la hausse des droits d\u2019importation, explique le HCP dans sa note de conjoncture du T3 et perspectives pour le T4.<\/p>\n<p>Elle aurait r\u00e9sult\u00e9, \u00e9galement, d\u2019un retournement \u00e0 la hausse de 0,4% des prix des produits non-alimentaires au T3, apr\u00e8s une baisse de 0,2% un trimestre auparavant, suite notamment \u00e0 l\u2019accroissement des prix des services, particuli\u00e8rement ceux des transports et des services dentaires, ajoute le HCP.<\/p>\n<p><strong>Lire aussi|\u00a0<a href=\"https:\/\/www.challenge.ma\/tres-lourde-perte-pour-la-banque-populaire-fes-meknes-159873\/\">Tr\u00e8s lourde perte pour la Banque Populaire F\u00e8s-Mekn\u00e8s<\/a><\/strong><\/p>\n<p>En revanche, le rythme de croissance de l\u2019inflation sous-jacente aurait diminu\u00e9 \u00e0 +0,6%, apr\u00e8s +0,8%, un trimestre auparavant, en lien avec la d\u00e9c\u00e9l\u00e9ration de ses composantes alimentaire et manufacturi\u00e8re. La note fait ressortir que sur l\u2019ensemble de l\u2019ann\u00e9e 2020, l\u2019inflation s\u2019\u00e9tablirait \u00e0 +0,8%, apr\u00e8s +0,2% en 2019, alors que sa composante sous-jacente se maintiendrait \u00e0 +0,6%.<\/p>\n<p><strong>Lire aussi|\u00a0<a href=\"https:\/\/www.challenge.ma\/la-cgem-et-la-cnss-creent-un-corridor-159820\/\">La CGEM et la CNSS cr\u00e9ent un corridor<\/a><\/strong><\/p>\n<p>Avec MAP<\/p>\n<p>Auteur: challenge<br \/>\n<a href=\"https:\/\/www.challenge.ma\/hcp-remontee-des-prix-a-la-consommation-au-maroc-159950\/\">Cliquez ici pour lire l&rsquo;article depuis sa source.<\/a><\/p>\n","protected":false},"excerpt":{"rendered":"<p>Les prix \u00e0 la consommation se seraient redress\u00e9s de 0,7% au troisi\u00e8me trimestre 2020, apr\u00e8s avoir quasiment stagn\u00e9 un trimestre auparavant, selon le Haut-Commissariat au Plan (HCP). Cette \u00e9volution aurait r\u00e9sult\u00e9 d\u2019une augmentation de 0,9% des prix des produits alimentaires, refl\u00e9tant la hausse des prix des produits frais et, dans une moindre mesure, de l\u2019augmentation [&hellip;]<\/p>\n","protected":false},"author":1787,"featured_media":0,"comment_status":"closed","ping_status":"closed","sticky":false,"template":"","format":"standard","meta":{"fifu_image_url":"","fifu_image_alt":"","footnotes":""},"categories":[78,54],"tags":[],"class_list":["post-101016","post","type-post","status-publish","format-standard","hentry","category-economie","category-maroc"],"_links":{"self":[{"href":"https:\/\/linitiative.ca\/International\/wp-json\/wp\/v2\/posts\/101016","targetHints":{"allow":["GET"]}}],"collection":[{"href":"https:\/\/linitiative.ca\/International\/wp-json\/wp\/v2\/posts"}],"about":[{"href":"https:\/\/linitiative.ca\/International\/wp-json\/wp\/v2\/types\/post"}],"author":[{"embeddable":true,"href":"https:\/\/linitiative.ca\/International\/wp-json\/wp\/v2\/users\/1787"}],"replies":[{"embeddable":true,"href":"https:\/\/linitiative.ca\/International\/wp-json\/wp\/v2\/comments?post=101016"}],"version-history":[{"count":0,"href":"https:\/\/linitiative.ca\/International\/wp-json\/wp\/v2\/posts\/101016\/revisions"}],"wp:attachment":[{"href":"https:\/\/linitiative.ca\/International\/wp-json\/wp\/v2\/media?parent=101016"}],"wp:term":[{"taxonomy":"category","embeddable":true,"href":"https:\/\/linitiative.ca\/International\/wp-json\/wp\/v2\/categories?post=101016"},{"taxonomy":"post_tag","embeddable":true,"href":"https:\/\/linitiative.ca\/International\/wp-json\/wp\/v2\/tags?post=101016"}],"curies":[{"name":"wp","href":"https:\/\/api.w.org\/{rel}","templated":true}]}}