{"id":101022,"date":"2020-10-06T12:18:59","date_gmt":"2020-10-06T16:18:59","guid":{"rendered":"https:\/\/linitiative.ca\/International\/france-nicolas-sarkozy-entendu-par-les-juges-dinstruction\/"},"modified":"2020-10-06T12:18:59","modified_gmt":"2020-10-06T16:18:59","slug":"france-nicolas-sarkozy-entendu-par-les-juges-dinstruction","status":"publish","type":"post","link":"https:\/\/linitiative.ca\/International\/france-nicolas-sarkozy-entendu-par-les-juges-dinstruction\/","title":{"rendered":"France : Nicolas Sarkozy entendu par les juges d\u2019instruction"},"content":{"rendered":"<div class=\"post-cont-in left relative\">\n<div id=\"post-info-wrap\" class=\"left relative post-info-out\">\n<div class=\"post-info-img left relative\"><img loading=\"lazy\" decoding=\"async\" alt=\"\" src=\"https:\/\/secure.gravatar.com\/avatar\/fcfc8756b867fa25ee52606a26837128?s=50&amp;d=mm&amp;r=g\" srcset=\"https:\/\/secure.gravatar.com\/avatar\/fcfc8756b867fa25ee52606a26837128?s=100&amp;d=mm&amp;r=g 2x\" class=\"avatar avatar-50 photo\" height=\"50\" width=\"50\"\/><\/div>\n<div class=\"post-info-in\">\n<div class=\"post-info-right left relative post-info-name left relative\"><span itemprop=\"author\" itemscope=\"\" itemtype=\"https:\/\/schema.org\/Person\"><span class=\"post-info-text\">Par<\/span> <span class=\"author-name vcard fn author\" itemprop=\"name\"><a href=\"https:\/\/www.tunisienumerique.com\/author\/myriam-mbarek\/\" title=\"Articles par myriam mbarek\" rel=\"author\">myriam mbarek<\/a><\/span><\/span> <span class=\"post-date updated\"><time class=\"post-date updated\" itemprop=\"datePublished\" datetime=\"2020-10-06\">\u00a0| Il y a 4 heures<\/time><\/span><\/div>\n<div class=\"left relative\"><button id=\"listenButton1\" class=\"responsivevoice-button\" type=\"button\" value=\"Play\" title=\"&#xC9;coutez l'article\"><span>\ud83d\udd0a \u00c9coutez l&rsquo;article<\/span><\/button> <\/div>\n<\/div>\n<\/div>\n<p>L\u2019ancien chef de l\u2019Etat fran\u00e7ais, Nicolas Sarkozy a \u00e9t\u00e9 entendu une nouvelle fois, ce mardi 6 octobre 2020, \u00e0 Paris par les juges d\u2019instruction en charge de l\u2019enqu\u00eate sur des soup\u00e7ons de financement libyen, de sa campagne pr\u00e9sidentielle de 2007, selon l\u2019AFP.<\/p>\n<div class=\"code-block code-block-1 c4\"><ins class=\"adsbygoogle c3\" data-ad-layout=\"in-article\" data-ad-format=\"fluid\" data-ad-client=\"ca-pub-2102118777505746\" data-ad-slot=\"7301775417\"\/> <\/div>\n<p>Sarkozy n\u2019avait plus \u00e9t\u00e9 entendu par les juges, depuis juin 2019, interrogatoire au cours duquel il avait dit \u00eatre \u00abtotalement innocent dans cette affaire\u00bb, d\u00e9nonc\u00e9 un \u00abcomplot\u00bb<em>,<\/em> puis refus\u00e9 de r\u00e9pondre aux questions des juges, le temps de l\u2019examen de recours visant \u00e0 faire annuler l\u2019enqu\u00eate.<\/p>\n<div class=\"swp_social_panel swp_horizontal_panel swp_flat_fresh swp_default_full_color swp_individual_full_color swp_other_full_color scale-100 scale-\" data-min-width=\"1100\" data-float-color=\"#ffffff\" data-float=\"bottom\" data-float-mobile=\"bottom\" data-transition=\"slide\">\n<div class=\"nc_tweetContainer swp_share_button total_shares total_sharesalt\"><span class=\"swp_count\">10 <span class=\"swp_label\">Partages<\/span><\/span><\/div>\n<\/div>\n<p><strong>Que se passe-t-il en Tunisie?<\/strong><br \/>Nous expliquons sur notre <a href=\"https:\/\/www.youtube.com\/channel\/UCRzypVq0B_yBad5eGrwBx0Q?sub_confirmation=1\" target=\"_blank\" rel=\"noopener noreferrer\">cha\u00eene YouTube<\/a> . <a href=\"https:\/\/www.youtube.com\/channel\/UCRzypVq0B_yBad5eGrwBx0Q?sub_confirmation=1\" target=\"_blank\" rel=\"noopener noreferrer\">Abonnez-vous!<\/a><\/p>\n<div class=\"mvp-org-wrap mvp-org-logo\" itemprop=\"publisher\" itemscope=\"\" itemtype=\"https:\/\/schema.org\/Organization\"><img decoding=\"async\" src=\"https:\/\/www.tunisienumerique.com\/wp-content\/uploads\/2017\/02\/logo_tunisie_numerique.png\"\/><\/div>\n<div class=\"mvp-related-posts left relative\">\n<h4 class=\"post-header\"><span class=\"post-header\">Lire aussi<\/span><\/h4>\n<\/div>\n<div id=\"article-ad\"><ins class=\"adsbygoogle c5\" data-ad-client=\"ca-pub-2102118777505746\" data-ad-slot=\"6513972734\" data-ad-format=\"auto\" data-full-width-responsive=\"true\"\/> <\/div>\n<\/div>\n<div id=\"post-sidebar-wrap\"><ins class=\"adsbygoogle c5\" data-ad-client=\"ca-pub-2102118777505746\" data-ad-slot=\"6168283410\" data-ad-format=\"auto\" data-full-width-responsive=\"true\"\/> <\/div>\n<p>Auteur: myriam mbarek<br \/>\n<a href=\"https:\/\/www.tunisienumerique.com\/france-nicolas-sarkozy-entendu-par-les-juges-dinstruction\/\">Cliquez ici pour lire l&rsquo;article depuis sa source.<\/a><\/p>\n","protected":false},"excerpt":{"rendered":"<p>Par myriam mbarek \u00a0| Il y a 4 heures \ud83d\udd0a \u00c9coutez l&rsquo;article L\u2019ancien chef de l\u2019Etat fran\u00e7ais, Nicolas Sarkozy a \u00e9t\u00e9 entendu une nouvelle fois, ce mardi 6 octobre 2020, \u00e0 Paris par les juges d\u2019instruction en charge de l\u2019enqu\u00eate sur des soup\u00e7ons de financement libyen, de sa campagne pr\u00e9sidentielle de 2007, selon l\u2019AFP. Sarkozy [&hellip;]<\/p>\n","protected":false},"author":1789,"featured_media":0,"comment_status":"closed","ping_status":"closed","sticky":false,"template":"","format":"standard","meta":{"fifu_image_url":"","fifu_image_alt":"","footnotes":""},"categories":[73,55],"tags":[],"class_list":["post-101022","post","type-post","status-publish","format-standard","hentry","category-actualite","category-tunisie"],"_links":{"self":[{"href":"https:\/\/linitiative.ca\/International\/wp-json\/wp\/v2\/posts\/101022","targetHints":{"allow":["GET"]}}],"collection":[{"href":"https:\/\/linitiative.ca\/International\/wp-json\/wp\/v2\/posts"}],"about":[{"href":"https:\/\/linitiative.ca\/International\/wp-json\/wp\/v2\/types\/post"}],"author":[{"embeddable":true,"href":"https:\/\/linitiative.ca\/International\/wp-json\/wp\/v2\/users\/1789"}],"replies":[{"embeddable":true,"href":"https:\/\/linitiative.ca\/International\/wp-json\/wp\/v2\/comments?post=101022"}],"version-history":[{"count":0,"href":"https:\/\/linitiative.ca\/International\/wp-json\/wp\/v2\/posts\/101022\/revisions"}],"wp:attachment":[{"href":"https:\/\/linitiative.ca\/International\/wp-json\/wp\/v2\/media?parent=101022"}],"wp:term":[{"taxonomy":"category","embeddable":true,"href":"https:\/\/linitiative.ca\/International\/wp-json\/wp\/v2\/categories?post=101022"},{"taxonomy":"post_tag","embeddable":true,"href":"https:\/\/linitiative.ca\/International\/wp-json\/wp\/v2\/tags?post=101022"}],"curies":[{"name":"wp","href":"https:\/\/api.w.org\/{rel}","templated":true}]}}