{"id":101023,"date":"2020-10-06T12:33:17","date_gmt":"2020-10-06T16:33:17","guid":{"rendered":"https:\/\/linitiative.ca\/International\/tunisie-penurie-de-certains-medicaments-explications-de-jawhar-mezayed\/"},"modified":"2020-10-06T12:33:17","modified_gmt":"2020-10-06T16:33:17","slug":"tunisie-penurie-de-certains-medicaments-explications-de-jawhar-mezayed","status":"publish","type":"post","link":"https:\/\/linitiative.ca\/International\/tunisie-penurie-de-certains-medicaments-explications-de-jawhar-mezayed\/","title":{"rendered":"Tunisie: P\u00e9nurie de certains m\u00e9dicaments, explications de Jawhar Mezayed"},"content":{"rendered":"<div class=\"post-cont-in left relative\">\n<div id=\"post-info-wrap\" class=\"left relative post-info-out\">\n<div class=\"post-info-img left relative\"><img loading=\"lazy\" decoding=\"async\" alt=\"\" src=\"https:\/\/secure.gravatar.com\/avatar\/f24e22b5a9537dca3d2931b75362afa3?s=50&amp;d=mm&amp;r=g\" srcset=\"https:\/\/secure.gravatar.com\/avatar\/f24e22b5a9537dca3d2931b75362afa3?s=100&amp;d=mm&amp;r=g 2x\" class=\"avatar avatar-50 photo\" height=\"50\" width=\"50\"\/><\/div>\n<div class=\"post-info-in\">\n<div class=\"post-info-right left relative post-info-name left relative\"><span itemprop=\"author\" itemscope=\"\" itemtype=\"https:\/\/schema.org\/Person\"><span class=\"post-info-text\">Par<\/span> <span class=\"author-name vcard fn author\" itemprop=\"name\"><a href=\"https:\/\/www.tunisienumerique.com\/author\/youeesf-b\/\" title=\"Articles par Mourad S\" rel=\"author\">Mourad S<\/a><\/span><\/span> <span class=\"post-date updated\"><time class=\"post-date updated\" itemprop=\"datePublished\" datetime=\"2020-10-06\">\u00a0| Il y a 4 heures<\/time><\/span><\/div>\n<div class=\"left relative\"><button id=\"listenButton1\" class=\"responsivevoice-button\" type=\"button\" value=\"Play\" title=\"&#xC9;coutez l'article\"><span>\ud83d\udd0a \u00c9coutez l&rsquo;article<\/span><\/button> <\/div>\n<\/div>\n<\/div>\n<p>Le pr\u00e9sident de l\u2019Association tunisienne pour la d\u00e9fense du service public et des droits des utilisateurs, Jawhar Mezayed a r\u00e9v\u00e9l\u00e9, mardi 6 octobre 2020, que des dizaines de m\u00e9dicaments sont manquants dans les centres de sant\u00e9 primaires (et les h\u00f4pitaux locaux) depuis d\u00e9but mai.<\/p>\n<div class=\"code-block code-block-1 c4\"><ins class=\"adsbygoogle c3\" data-ad-layout=\"in-article\" data-ad-format=\"fluid\" data-ad-client=\"ca-pub-2102118777505746\" data-ad-slot=\"7301775417\"\/> <\/div>\n<p>Il a ajout\u00e9 qu\u2019ils ont \u00e9t\u00e9 plac\u00e9s sur une liste nominale de 50 types et plupart sont des m\u00e9dicaments locaux et g\u00e9n\u00e9riques contre les maladies de la pression art\u00e9rielle et du diab\u00e8te, \u00e0 l\u2019exception de l\u2019insuline et autres.<\/p>\n<p>Jawhar Mezayed a expliqu\u00e9 que la pharmacie centrale a lanc\u00e9 des appels d\u2019offres \u00e0 ce sujet, mais que les fabricants de m\u00e9dicaments locaux ont refus\u00e9 de lui fournir et n\u2019ont pas rempli leurs obligations l\u00e9gales, bien qu\u2019ils aient obtenu les appels d\u2019offres, afin de r\u00e9aliser de plus grands profits.<\/p>\n<p>Il a ni\u00e9 que le manque de m\u00e9dicaments sur le march\u00e9 tunisien soit li\u00e9 au manque de la mati\u00e8re de base pour sa fabrication, soulignant que 47 associations ont fait appel au minist\u00e8re de la Sant\u00e9 au sujet de cette p\u00e9nurie sans recevoir de r\u00e9ponse, indiquant qu\u2019il y a environ 12 rem\u00e8des et environ 30 autres qui ont disparus \u00e0 ce jour, en plus de la perte d\u2019autres m\u00e9dicaments pendant le mois de septembre.<\/p>\n<p>Il a appel\u00e9 le minist\u00e8re de la Sant\u00e9 \u00e0 prendre des mesures fermes et efficaces pour faire en sorte que la pharmacie centrale soit approvisionn\u00e9e en besoins des structures de sant\u00e9 publique en m\u00e9dicaments, en plus de la n\u00e9cessit\u00e9 de les fournir.<\/p>\n<p>Il a demand\u00e9 une plus grande s\u00e9v\u00e9rit\u00e9 dans la distribution et la lutte contre la corruption, indiquant que la mauvaise gestion des m\u00e9dicaments dans les centres de sant\u00e9 de base ne d\u00e9passe pas 2 \u00e0 4%, selon une \u00e9tude de l\u2019observatoire sur le d\u00e9veloppement des m\u00e9dicaments dans les structures de sant\u00e9.<\/p>\n<div class=\"swp_social_panel swp_horizontal_panel swp_flat_fresh swp_default_full_color swp_individual_full_color swp_other_full_color scale-100 scale-\" data-min-width=\"1100\" data-float-color=\"#ffffff\" data-float=\"bottom\" data-float-mobile=\"bottom\" data-transition=\"slide\">\n<div class=\"nc_tweetContainer swp_share_button total_shares total_sharesalt\"><span class=\"swp_count\">14 <span class=\"swp_label\">Partages<\/span><\/span><\/div>\n<\/div>\n<p><strong>Que se passe-t-il en Tunisie?<\/strong><br \/>Nous expliquons sur notre <a href=\"https:\/\/www.youtube.com\/channel\/UCRzypVq0B_yBad5eGrwBx0Q?sub_confirmation=1\" target=\"_blank\" rel=\"noopener noreferrer\">cha\u00eene YouTube<\/a> . <a href=\"https:\/\/www.youtube.com\/channel\/UCRzypVq0B_yBad5eGrwBx0Q?sub_confirmation=1\" target=\"_blank\" rel=\"noopener noreferrer\">Abonnez-vous!<\/a><\/p>\n<div class=\"mvp-org-wrap mvp-org-logo\" itemprop=\"publisher\" itemscope=\"\" itemtype=\"https:\/\/schema.org\/Organization\"><img decoding=\"async\" src=\"https:\/\/www.tunisienumerique.com\/wp-content\/uploads\/2017\/02\/logo_tunisie_numerique.png\"\/><\/div>\n<div class=\"mvp-related-posts left relative\">\n<h4 class=\"post-header\"><span class=\"post-header\">Lire aussi<\/span><\/h4>\n<\/div>\n<div id=\"article-ad\"><ins class=\"adsbygoogle c5\" data-ad-client=\"ca-pub-2102118777505746\" data-ad-slot=\"6513972734\" data-ad-format=\"auto\" data-full-width-responsive=\"true\"\/> <\/div>\n<\/div>\n<div id=\"post-sidebar-wrap\"><ins class=\"adsbygoogle c5\" data-ad-client=\"ca-pub-2102118777505746\" data-ad-slot=\"6168283410\" data-ad-format=\"auto\" data-full-width-responsive=\"true\"\/> <\/div>\n<p>Auteur: Mourad S<br \/>\n<a href=\"https:\/\/www.tunisienumerique.com\/tunisie-penurie-de-certains-medicaments-explications-de-jawhar-mezayed\/\">Cliquez ici pour lire l&rsquo;article depuis sa source.<\/a><\/p>\n","protected":false},"excerpt":{"rendered":"<p>Par Mourad S \u00a0| Il y a 4 heures \ud83d\udd0a \u00c9coutez l&rsquo;article Le pr\u00e9sident de l\u2019Association tunisienne pour la d\u00e9fense du service public et des droits des utilisateurs, Jawhar Mezayed a r\u00e9v\u00e9l\u00e9, mardi 6 octobre 2020, que des dizaines de m\u00e9dicaments sont manquants dans les centres de sant\u00e9 primaires (et les h\u00f4pitaux locaux) depuis d\u00e9but [&hellip;]<\/p>\n","protected":false},"author":1789,"featured_media":0,"comment_status":"closed","ping_status":"closed","sticky":false,"template":"","format":"standard","meta":{"fifu_image_url":"","fifu_image_alt":"","footnotes":""},"categories":[73,55],"tags":[],"class_list":["post-101023","post","type-post","status-publish","format-standard","hentry","category-actualite","category-tunisie"],"_links":{"self":[{"href":"https:\/\/linitiative.ca\/International\/wp-json\/wp\/v2\/posts\/101023","targetHints":{"allow":["GET"]}}],"collection":[{"href":"https:\/\/linitiative.ca\/International\/wp-json\/wp\/v2\/posts"}],"about":[{"href":"https:\/\/linitiative.ca\/International\/wp-json\/wp\/v2\/types\/post"}],"author":[{"embeddable":true,"href":"https:\/\/linitiative.ca\/International\/wp-json\/wp\/v2\/users\/1789"}],"replies":[{"embeddable":true,"href":"https:\/\/linitiative.ca\/International\/wp-json\/wp\/v2\/comments?post=101023"}],"version-history":[{"count":0,"href":"https:\/\/linitiative.ca\/International\/wp-json\/wp\/v2\/posts\/101023\/revisions"}],"wp:attachment":[{"href":"https:\/\/linitiative.ca\/International\/wp-json\/wp\/v2\/media?parent=101023"}],"wp:term":[{"taxonomy":"category","embeddable":true,"href":"https:\/\/linitiative.ca\/International\/wp-json\/wp\/v2\/categories?post=101023"},{"taxonomy":"post_tag","embeddable":true,"href":"https:\/\/linitiative.ca\/International\/wp-json\/wp\/v2\/tags?post=101023"}],"curies":[{"name":"wp","href":"https:\/\/api.w.org\/{rel}","templated":true}]}}