{"id":101024,"date":"2020-10-06T13:11:17","date_gmt":"2020-10-06T17:11:17","guid":{"rendered":"https:\/\/linitiative.ca\/International\/par-hadi-sraieb-niaiseries-indecentes-du-discours-economique-dominant\/"},"modified":"2020-10-06T13:11:17","modified_gmt":"2020-10-06T17:11:17","slug":"par-hadi-sraieb-niaiseries-indecentes-du-discours-economique-dominant","status":"publish","type":"post","link":"https:\/\/linitiative.ca\/International\/par-hadi-sraieb-niaiseries-indecentes-du-discours-economique-dominant\/","title":{"rendered":"Par Hadi Sra\u00efeb \u2013 Niaiseries ind\u00e9centes du discours \u00e9conomique dominant !"},"content":{"rendered":"<div class=\"post-cont-in left relative\">\n<div id=\"post-info-wrap\" class=\"left relative post-info-out\">\n<div class=\"post-info-img left relative\"><img loading=\"lazy\" decoding=\"async\" alt=\"\" src=\"https:\/\/secure.gravatar.com\/avatar\/a7e75e0c16e9602e565db12073033813?s=50&amp;d=mm&amp;r=g\" srcset=\"https:\/\/secure.gravatar.com\/avatar\/a7e75e0c16e9602e565db12073033813?s=100&amp;d=mm&amp;r=g 2x\" class=\"avatar avatar-50 photo\" height=\"50\" width=\"50\"\/><\/div>\n<div class=\"post-info-in\">\n<div class=\"post-info-right left relative post-info-name left relative\"><span itemprop=\"author\" itemscope=\"\" itemtype=\"https:\/\/schema.org\/Person\"><span class=\"post-info-text\">Par<\/span> <span class=\"author-name vcard fn author\" itemprop=\"name\"><a href=\"https:\/\/www.tunisienumerique.com\/author\/wk\/\" title=\"Articles par w k\" rel=\"author\">w k<\/a><\/span><\/span> <span class=\"post-date updated\"><time class=\"post-date updated\" itemprop=\"datePublished\" datetime=\"2020-10-06\">\u00a0| Il y a 3 heures<\/time><\/span><\/div>\n<div class=\"left relative\"><button id=\"listenButton1\" class=\"responsivevoice-button\" type=\"button\" value=\"Play\" title=\"&#xC9;coutez l'article\"><span>\ud83d\udd0a \u00c9coutez l&rsquo;article<\/span><\/button> <\/div>\n<\/div>\n<\/div>\n<p>On a beau scruter toutes les d\u00e9clarations officielles, on est bien en peine d\u2019y trouver la moindre id\u00e9e pertinente susceptible de redonner espoir et confiance dans le devenir du pays.<\/p>\n<div class=\"code-block code-block-1 c4\"><ins class=\"adsbygoogle c3\" data-ad-layout=\"in-article\" data-ad-format=\"fluid\" data-ad-client=\"ca-pub-2102118777505746\" data-ad-slot=\"7301775417\"\/> <\/div>\n<p>Bient\u00f4t plus d\u2019une d\u00e9cennie, de rab\u00e2chages, pour ne pas dire de radotages, autour des m\u00eames id\u00e9es st\u00e9riles: Il faut plus de croissance\u00a0! Il faut assainir le climat des affaires\u00a0! \u00a0Il faut relancer l\u2019investissement\u00a0! Il faut am\u00e9liorer l\u2019attractivit\u00e9 et la comp\u00e9titivit\u00e9 du \u00ab\u00a0site Tunisie\u00a0\u00bb\u00a0!<\/p>\n<p>Une litanie qui se d\u00e9cline alors en une multitude de consid\u00e9rations compl\u00e9mentaires mais toutes aussi insignifiantes et inop\u00e9rantes: Il faut am\u00e9liorer le financement des entreprises ! Il faut r\u00e9duire l\u2019influence de l\u2019\u00e9conomie parall\u00e8le et informelle, etc.<\/p>\n<p><em><strong>Des pr\u00eaches et des sermons auxquels de moins en moins de compatriotes accordent le moindre cr\u00e9dit.<\/strong><\/em><\/p>\n<p>La crise sanitaire est certes venue amplifier la crise \u00e9conomique pr\u00e9existante, aggravant par la m\u00eame, la brutalit\u00e9 de ses effets. Mais qu\u2019\u00e0 cela ne tienne, nous avons droit \u00e0 un discours mim\u00e9tique de celui de nos voisins du Nord: Un plan de sauvetage et de relance sans toutefois disposer de la m\u00eame amplitude de moyens.<\/p>\n<p>Une crise singuli\u00e8re \u00e0 bien des \u00e9gards, dont on ne saurait mesurer l\u2019intensit\u00e9 dramatique des prolongements \u00e0 venir, mais qui paradoxalement pourrait constituer un moment unique, une occasion exceptionnelle, de repenser la strat\u00e9gie de d\u00e9veloppement, ses errements et ses fragilit\u00e9s comme ses atouts et ses potentialit\u00e9s.<\/p>\n<p>Peine perdue, il n\u2019en sera rien\u00a0! Pas de d\u00e9bat national\u00a0! Nos \u00e9lites sont bien trop occup\u00e9es, englu\u00e9es qu\u2019elles sont dans les jeux de pouvoir et de partage des pr\u00e9bendes\u00a0!<\/p>\n<p>Si les mots ont encore un sens (et non comme simple diversion rh\u00e9torique), il serait bon de se poser les questions: Relancer quoi ? Sauver quoi au juste ? Un tourisme baln\u00e9aire non viable et non p\u00e9renne ! Des entreprises de services publics moribondes ! Une agriculture en d\u00e9sesp\u00e9rance ! Des industries locales obsol\u00e8tes, d\u00e9bord\u00e9es par des importations sauvages ! Et plus grave encore: Un Etat d\u00e9lictueux dissimulant ses forfaitures par des jeux d\u2019\u00e9criture, incapable d\u2019honorer ses engagements financiers !<\/p>\n<p>Sous d\u2019autres cieux cet Etat pourrait \u00eatre qualifi\u00e9 de voyou\u00a0! Mais rien ne semble pouvoir \u00e9branler la qui\u00e9tude des \u00e9lites dites comp\u00e9tentes qui se succ\u00e8dent au pouvoir. Les uns arrivent apr\u00e8s les autres sans que le moindre bilan, le moindre \u00e9tat des lieux ne soit dress\u00e9\u00a0! On croit r\u00eaver\u00a0!<\/p>\n<p><em><strong>Des nouveaut\u00e9s dans le discours, il y en a tout de m\u00eame<\/strong><\/em>.<\/p>\n<p>Il est beaucoup question d\u2019employabilit\u00e9, d\u2019auto-entreprenariat, de soutien aux start-ups, de d\u00e9ploiement du num\u00e9rique, de PPP, de fonds d\u2019accompagnement \u00e0 la cr\u00e9ation d\u2019entreprise, de fonds de fonds ! Une conception de plus en plus v\u00e9nale (l\u2019argent mobile premier et fin en soi) et de plus en plus marchande et consum\u00e9riste (le march\u00e9 satisfaisant tous les besoins) du d\u00e9veloppement comme du bien-\u00eatre g\u00e9n\u00e9ral ! On a beau \u00eatre surpris par tant d\u2019inconsistances, les \u00e9lites dirigeantes comme celles plus intellectuelles qui leur fournissent ce \u00ab pr\u00eat-\u00e0-penser \u00bb n\u2019en d\u00e9mordent pas: lib\u00e9rer l\u2019\u00e9conomie de ses carcans, priorit\u00e9 \u00e0 l\u2019initiative individuelle !<\/p>\n<p>Employabilit\u00e9 de qui au juste ? Quand informaticiens, professions m\u00e9dicales et sanitaires, enseignants, jeunes et moins jeunes en d\u00e9sesp\u00e9rance fuient le pays ? Admettons un instant le bien-fond\u00e9 de cette employabilit\u00e9. Mais dans ce cas, o\u00f9 est la formation professionnelle qualifiante ? Puis par la suite, pour \u00eatre embauch\u00e9 dans quelle activit\u00e9 porteuse ? Notre tissu \u00e9conomique reste domin\u00e9 par des entreprises de main-d\u2019\u0153uvre banalis\u00e9e sous-r\u00e9mun\u00e9r\u00e9e, et qui plus est sous-encadr\u00e9es.<\/p>\n<p>Une notion tr\u00e8s \u00e0 la mode mais vide de sens, notamment quand on observe la d\u00e9sertion de tous ces \u00ab employables \u00bb (cf. personnel sanitaire) !<\/p>\n<p>Que dire de l\u2019auto-entreprenariat\u00a0? Encore une autre fantasmagorie largement partag\u00e9e. Elle sous-entend que tout un chacun peut devenir entrepreneur, cr\u00e9er sa propre activit\u00e9 marchande et en vivre.<\/p>\n<p>Un postulat des plus contestables dans la mesure o\u00f9 cette perception tend \u00e0 rabattre la tr\u00e8s grande diversit\u00e9 des aspirations professionnelles sur celle du producteur ind\u00e9pendant (sic). Si comme pr\u00e9c\u00e9demment l\u2019id\u00e9e, peut apparaitre comme s\u00e9duisante, resterait \u00e0 en pr\u00e9ciser les conditions de viabilit\u00e9. Tr\u00e8s vite le discours se fait plus vague: Trouvez une id\u00e9e et faites en sorte que votre projet soit bancable\u00a0!<\/p>\n<p>Un labyrinthe de m\u00e9andres administratifs, techniques, financiers dont seuls les plus aguerris savent se sortir sans pourtant pouvoir garantir la p\u00e9rennit\u00e9 de leur activit\u00e9 au-del\u00e0 des premi\u00e8res ann\u00e9es euphoriques (voir la dur\u00e9e de vie des cr\u00e9ations d\u2019entreprise). Outre un \u00ab\u00a0ticket d\u2019entr\u00e9e\u00a0\u00bb \u00e9lev\u00e9, l\u2019autoentrepreneur doit se pr\u00e9munir contre toutes sortes d\u2019adversit\u00e9s\u00a0! Beaucoup de candidats mais peu d\u2019\u00e9lus\u00a0! Cela ne fait donc pas une politique.<\/p>\n<p>En r\u00e9alit\u00e9, cela correspond \u00e0 un renoncement inavouable, \u00e0 une d\u00e9mission indigne des gouvernants, quelle que soit, par ailleurs, leur inclinaison (islamo-lib\u00e9rale ou social-lib\u00e9rale) en mati\u00e8re de politique publique de l\u2019emploi.<\/p>\n<p>Une politique dont on \u00e9vite m\u00eame de prononcer le nom, de peur de raviver des souvenirs d\u2019un Etat plus d\u00e9termin\u00e9 \u00e0 combattre ce fl\u00e9au d\u00e9vastateur qui affecte notoirement les couches sociales les plus humbles.<\/p>\n<p>Les politiques publiques de l\u2019emploi (organis\u00e9es autour de la diversification sectorielle) sont d\u00e9sormais rel\u00e9gu\u00e9es aux oubliettes. Lorsque des r\u00e9miniscences subsistent, elles se limitent \u00e0 des d\u00e9gr\u00e8vements fiscaux, primes et autres fonds d\u2019insertion ou d\u2019adaptation, sans port\u00e9e v\u00e9ritable !<\/p>\n<p><em><strong>Tout n\u2019est pas noir, loin s\u2019en faut ! Beaucoup finissent, \u00e0 force de t\u00e9nacit\u00e9, par trouver leur voie, mais entretemps \u00a0que de g\u00e2chis et de manques \u00e0 gagner consid\u00e9rables pour le pays !<\/strong><\/em><\/p>\n<p>La promotion et l\u2019accompagnement des start-ups num\u00e9riques. A l\u2019\u00e9vidence, il y a l\u00e0 une activit\u00e9 balbutiante qui m\u00e9riterait d\u2019\u00eatre d\u00e9velopp\u00e9e. Du coup et sans nier l\u2019importance de son n\u00e9cessaire d\u00e9ploiement, on est tout de m\u00eame en droit de se demander si cette \u00ab \u00e9conomie collaborative \u00bb peut devenir \u00e0 elle seule le vecteur acc\u00e9l\u00e9rateur d\u2019une nouvelle phase de d\u00e9veloppement ? Rien n\u2019est moins s\u00fbr !<\/p>\n<p>Le tapage m\u00e9diatique \u00e9minemment onirique (pathologique caract\u00e9ris\u00e9e par des hallucinations) faisant de la r\u00e9ponse algorithmique le point nodal de toute l\u2019\u00e9conomie future, est trompeur et perfide\u00a0! Le pays ne dispose ni d\u2019un amont industriel (sophistication mat\u00e9rielle) ni d\u2019un aval marchand (\u00e9troitesse du march\u00e9 local) pour en faire le v\u00e9ritable fer de lance du \u00ab\u00a0mieux-\u00eatre collectif\u00a0\u00bb.<\/p>\n<p>Au mieux, il faut s\u2019attendre \u00e0 un d\u00e9ploiement de \u00ab niches locales \u00bb, relativement brid\u00e9, essentiellement tourn\u00e9 vers l\u2019exportation, en sous-traitance de puissants donneurs d\u2019ordre. De plus, ce secteur suppose une force de travail hautement qualifi\u00e9e et sp\u00e9cialis\u00e9e, ce qui d\u2019embl\u00e9e exclut la grande masse des primo demandeurs d\u2019emplois comme des ch\u00f4meurs de longue dur\u00e9e.<\/p>\n<p>N\u2019en d\u00e9plaise aux techno b\u00e9ats, l\u2019\u00e9conomie num\u00e9rique ne peut \u00e0 elle seule et de fa\u00e7on disruptive, r\u00e9sorber la multiplicit\u00e9 des maux qui accablent le corps social, notamment dans ses parties les plus vuln\u00e9rables (jeunes, travailleurs de l\u2019informel, femmes discrimin\u00e9es, etc.).<\/p>\n<p>De fa\u00e7on plus g\u00e9n\u00e9rale et sans pouvoir ici d\u00e9velopper plus avant, la pens\u00e9e qui anime l\u2019action gouvernementale, depuis maintenant pr\u00e8s d\u2019une d\u00e9cennie, demeure sensiblement la m\u00eame que celle de l\u2019ancien r\u00e9gime (au n\u00e9potisme brutal et client\u00e9lisme \u00e9troits, pr\u00e8s): d\u00e9sengagement graduel et en bon ordre de l\u2019Etat, priorit\u00e9 r\u00e9affirm\u00e9e \u00e0 l\u2019initiative priv\u00e9e et \u00e0 la libert\u00e9 d\u2019entreprendre dans tous les domaines comme moteur principal de la croissance (d\u00e9sormais dite inclusive) et du bien-\u00eatre des populations.<\/p>\n<p><em><strong>Rien n\u2019a fondamentalement chang\u00e9 ou si peu\u00a0!<\/strong><\/em><\/p>\n<p>Bien au contraire, les gouvernements font preuve d\u2019une pers\u00e9v\u00e9rance obstin\u00e9e \u00e0 vouloir s\u2019inscrire dans la m\u00eame trajectoire, en d\u00e9pit des contradictions multiples et violentes, d\u00e9sormais r\u00e9v\u00e9l\u00e9es au grand jour, mais toujours consid\u00e9r\u00e9es comme des dommages collat\u00e9raux\u00a0!<\/p>\n<p>Exit donc de la r\u00e9flexion et de l\u2019action, du moins pour l\u2019heure : les biens communs, les services publics, les biens culturels, la pr\u00e9servation de l\u2019environnement, de la biodiversit\u00e9 et des p\u00e9rils climatiques.<\/p>\n<p>Exit, pareillement la d\u00e9lib\u00e9ration d\u00e9mocratique sur les choix et priorit\u00e9s de d\u00e9veloppement et leur traduction dans un plan national. De toute \u00e9vidence, pour les gouvernants pass\u00e9s comme actuel, l\u2019\u00e9conomie est toujours une chose bien trop s\u00e9rieuse pour la laisser au d\u00e9lib\u00e9r\u00e9 des populations. S\u2019il fallait une preuve, celle-ci nous est fournie par la mani\u00e8re technocratique dont a \u00e9t\u00e9 con\u00e7u le dernier plan: Une feuille Excel\u00a0!<\/p>\n<p>Si renouveau de la pens\u00e9e comme de l\u2019action, il devait y avoir, c\u2019est du c\u00f4t\u00e9 d\u2019une nouvelle planification d\u00e9mocratique qu\u2019il conviendrait de s\u2019atteler. Des choix discut\u00e9s puis act\u00e9s qui ne seraient plus abandonn\u00e9s \u00e0 la seule logique march\u00e9 et \u00e0 \u00ab\u00a0sa v\u00e9rit\u00e9 des prix\u00a0\u00bb, mais des priorit\u00e9s soutenues et accompagn\u00e9es par une politique mon\u00e9taire (se souciant constitutionnellement de l\u2019emploi cf. la FED aux USA), par des lois de finances conformes au plan (programmation pluriannuelle) et \u00e0 un nouveau consentement \u00e0 l\u2019imp\u00f4t (plus progressif et plus \u00e9galitaire), et une politique de cr\u00e9dit bancaire s\u00e9lective (variabilit\u00e9 des taux d\u2019int\u00e9r\u00eat en fonction des priorit\u00e9s sectorielles retenues).<\/p>\n<p>Cette planification, qui ne serait pas indicative mais bel et bien incitative, irait \u00e9galement dans la direction d\u2019une la r\u00e9habilitation-restauration des biens communs (terre, eau) et des services publics (\u00e9ducation, sant\u00e9, transport, logement) dans leur fonction redistributive. De toute \u00e9vidence, nous en sommes encore fort loin, le contexte ne s\u2019y pr\u00eate pas. Mais rien n\u2019interdit de d\u2019imaginer des solutions alternatives et concr\u00e8tes \u00e0 la d\u00e9b\u00e2cle incontr\u00f4l\u00e9e qui se prolonge sans fin pr\u00e9visible.<\/p>\n<p>H\u00e9di Sraieb \u2013 Docteur d\u2019Etat en \u00e9conomie du d\u00e9veloppement.<\/p>\n<div class=\"swp_social_panel swp_horizontal_panel swp_flat_fresh swp_default_full_color swp_individual_full_color swp_other_full_color scale-100 scale-\" data-min-width=\"1100\" data-float-color=\"#ffffff\" data-float=\"bottom\" data-float-mobile=\"bottom\" data-transition=\"slide\">\n<div class=\"nc_tweetContainer swp_share_button total_shares total_sharesalt\"><span class=\"swp_count\">104 <span class=\"swp_label\">Partages<\/span><\/span><\/div>\n<\/div>\n<p><strong>Que se passe-t-il en Tunisie?<\/strong><br \/>Nous expliquons sur notre <a href=\"https:\/\/www.youtube.com\/channel\/UCRzypVq0B_yBad5eGrwBx0Q?sub_confirmation=1\" target=\"_blank\" rel=\"noopener noreferrer\">cha\u00eene YouTube<\/a> . <a href=\"https:\/\/www.youtube.com\/channel\/UCRzypVq0B_yBad5eGrwBx0Q?sub_confirmation=1\" target=\"_blank\" rel=\"noopener noreferrer\">Abonnez-vous!<\/a><\/p>\n<div class=\"mvp-org-wrap mvp-org-logo\" itemprop=\"publisher\" itemscope=\"\" itemtype=\"https:\/\/schema.org\/Organization\"><img decoding=\"async\" src=\"https:\/\/www.tunisienumerique.com\/wp-content\/uploads\/2017\/02\/logo_tunisie_numerique.png\"\/><\/div>\n<div class=\"post-tags\"><span class=\"post-tags-header\">Sujets Connexes:<\/span><\/div>\n<div id=\"article-ad\"><ins class=\"adsbygoogle c5\" data-ad-client=\"ca-pub-2102118777505746\" data-ad-slot=\"6513972734\" data-ad-format=\"auto\" data-full-width-responsive=\"true\"\/> <\/div>\n<\/div>\n<div id=\"post-sidebar-wrap\"><ins class=\"adsbygoogle c5\" data-ad-client=\"ca-pub-2102118777505746\" data-ad-slot=\"6168283410\" data-ad-format=\"auto\" data-full-width-responsive=\"true\"\/> <\/div>\n<p>Auteur: w k<br \/>\n<a href=\"https:\/\/www.tunisienumerique.com\/par-hadi-sraieb-niaiseries-indecentes-du-discours-economique-dominant\/\">Cliquez ici pour lire l&rsquo;article depuis sa source.<\/a><\/p>\n","protected":false},"excerpt":{"rendered":"<p>Par w k \u00a0| Il y a 3 heures \ud83d\udd0a \u00c9coutez l&rsquo;article On a beau scruter toutes les d\u00e9clarations officielles, on est bien en peine d\u2019y trouver la moindre id\u00e9e pertinente susceptible de redonner espoir et confiance dans le devenir du pays. Bient\u00f4t plus d\u2019une d\u00e9cennie, de rab\u00e2chages, pour ne pas dire de radotages, autour [&hellip;]<\/p>\n","protected":false},"author":1789,"featured_media":0,"comment_status":"closed","ping_status":"closed","sticky":false,"template":"","format":"standard","meta":{"fifu_image_url":"","fifu_image_alt":"","footnotes":""},"categories":[73,55],"tags":[],"class_list":["post-101024","post","type-post","status-publish","format-standard","hentry","category-actualite","category-tunisie"],"_links":{"self":[{"href":"https:\/\/linitiative.ca\/International\/wp-json\/wp\/v2\/posts\/101024","targetHints":{"allow":["GET"]}}],"collection":[{"href":"https:\/\/linitiative.ca\/International\/wp-json\/wp\/v2\/posts"}],"about":[{"href":"https:\/\/linitiative.ca\/International\/wp-json\/wp\/v2\/types\/post"}],"author":[{"embeddable":true,"href":"https:\/\/linitiative.ca\/International\/wp-json\/wp\/v2\/users\/1789"}],"replies":[{"embeddable":true,"href":"https:\/\/linitiative.ca\/International\/wp-json\/wp\/v2\/comments?post=101024"}],"version-history":[{"count":0,"href":"https:\/\/linitiative.ca\/International\/wp-json\/wp\/v2\/posts\/101024\/revisions"}],"wp:attachment":[{"href":"https:\/\/linitiative.ca\/International\/wp-json\/wp\/v2\/media?parent=101024"}],"wp:term":[{"taxonomy":"category","embeddable":true,"href":"https:\/\/linitiative.ca\/International\/wp-json\/wp\/v2\/categories?post=101024"},{"taxonomy":"post_tag","embeddable":true,"href":"https:\/\/linitiative.ca\/International\/wp-json\/wp\/v2\/tags?post=101024"}],"curies":[{"name":"wp","href":"https:\/\/api.w.org\/{rel}","templated":true}]}}