{"id":101028,"date":"2020-10-06T16:55:43","date_gmt":"2020-10-06T20:55:43","guid":{"rendered":"https:\/\/linitiative.ca\/International\/inclusion-financiere-au-burkina-faso-un-projet-pour-combattre-lextreme-pauvrete\/"},"modified":"2020-10-06T16:55:43","modified_gmt":"2020-10-06T20:55:43","slug":"inclusion-financiere-au-burkina-faso-un-projet-pour-combattre-lextreme-pauvrete","status":"publish","type":"post","link":"https:\/\/linitiative.ca\/International\/inclusion-financiere-au-burkina-faso-un-projet-pour-combattre-lextreme-pauvrete\/","title":{"rendered":"Inclusion financi\u00e8re au Burkina Faso  : un projet pour combattre l\u2019extr\u00eame pauvret\u00e9"},"content":{"rendered":"<div class=\"td-post-featured-image\"><a href=\"https:\/\/www.sidwaya.info\/wp-content\/uploads\/2020\/10\/1-17.jpg\" data-caption=\"\"><img loading=\"lazy\" decoding=\"async\" width=\"595\" height=\"397\" class=\"entry-thumb td-modal-image\" src=\"https:\/\/www.sidwaya.info\/wp-content\/uploads\/2020\/10\/1-17.jpg\" srcset=\"https:\/\/www.sidwaya.info\/wp-content\/uploads\/2020\/10\/1-17.jpg 595w, https:\/\/www.sidwaya.info\/wp-content\/uploads\/2020\/10\/1-17-300x200.jpg 300w\" sizes=\"auto, (max-width: 595px) 100vw, 595px\" alt=\"\" title=\"1\"\/><\/a><\/div>\n<p><strong>Le minist\u00e8re de l\u2019Economie, des Finances et du D\u00e9veloppement, a lanc\u00e9 officiellement les activit\u00e9s du Projet d\u2019appui \u00e0 l\u2019inclusion financi\u00e8re et \u00e0 l\u2019acc\u00e8s au financement des Petites et moyennes entreprises (PAIF-PME), le mardi 6 octobre 2020 \u00e0 Ouagadougou.<\/strong><\/p>\n<p>Des populations \u00e0 faibles revenus \u00e9prouvent des difficult\u00e9s pour financer leurs activit\u00e9s, \u00e9pargner et subvenir aux besoins de leurs familles et se prot\u00e9ger contre les risques de la vie courante. Pour traquer un tant soit peu cette triste r\u00e9alit\u00e9, le minist\u00e8re de l\u2019Economie, des Finances et du D\u00e9veloppement a cr\u00e9\u00e9, en juin 2019, le Projet d\u2019appui \u00e0 l\u2019inclusion financi\u00e8re et \u00e0 l\u2019acc\u00e8s au financement des Petites et moyennes entreprises (PAIF-PME). Le lancement officiel des activit\u00e9s du projet a eu lieu, le mardi 6 octobre 2020 \u00e0 Ouagadougou. D\u2019une dur\u00e9e de six ans (2019-2025), le projet a un co\u00fbt global d\u2019environ 65 milliards F CFA, financ\u00e9 par la Banque mondiale (BM) et l\u2019Etat burkinab\u00e8, selon le coordonnateur du PAIF-PME, C\u00e9lestin Sant\u00e9r\u00e9 Sanon. Pour lui, l\u2019objectif de d\u00e9veloppement du projet est d\u2019accro\u00eetre l\u2019acc\u00e8s aux services financiers et faciliter l\u2019acc\u00e8s au cr\u00e9dit pour les b\u00e9n\u00e9ficiaires cibl\u00e9s \u00e0 savoir les particuliers, les agriculteurs, les femmes et les PME mal ou non desservis financi\u00e8rement. De fa\u00e7on sp\u00e9cifique, a-t-il pr\u00e9cis\u00e9, le PAIF-PME vise \u00e0 inclure plus de personnes dans le secteur financier en encourageant l\u2019utilisation de comptes de transaction simples, renforcer les capacit\u00e9s institutionnelles et \u00e0 assainir le secteur de microfinance et soutenir la mise en place d\u2019une Garantie partielle de portefeuille (GPP) en vue de faciliter l\u2019acc\u00e8s au cr\u00e9dit par les b\u00e9n\u00e9ficiaires cibl\u00e9s. L\u2019inclusion financi\u00e8re, a mentionn\u00e9 M. Sanon, est l\u2019ensemble des dispositifs mis en place pour lutter contre l\u2019exclusion bancaire et financi\u00e8re.<\/p>\n<p>\u00ab Pour toucher les populations dans les zones difficiles d\u2019acc\u00e8s et leur offrir des services rapides et s\u00e9curis\u00e9s, le projet va fortement accompagner l\u2019utilisation du digital pour favoriser l\u2019inclusion financi\u00e8re \u00bb, a-t-il relev\u00e9.<br \/>Le repr\u00e9sentant du ministre en charge de l\u2019\u00e9conomie, la ministre charg\u00e9e de l\u2019Am\u00e9nagement du Territoire, Pauline Zour\u00e9, a signifi\u00e9 que le PAIF-PME int\u00e8gre les priorit\u00e9s nationales en ad\u00e9quation avec les orientations du Plan national de d\u00e9veloppement \u00e9conomique et social (PNDES). \u00ab Les interventions propos\u00e9es dans le cadre du projet r\u00e9pondent \u00e9galement \u00e0 un objectif que nous partageons avec la Banque mondiale, celui de mettre fin \u00e0 l\u2019extr\u00eame pauvret\u00e9 et de promouvoir une prosp\u00e9rit\u00e9 partag\u00e9e \u00bb, a-t-elle indiqu\u00e9.<\/p>\n<p><strong>Promouvoir la finance num\u00e9rique<\/strong><\/p>\n<p>Le projet interviendra notamment, a fait savoir Mme Zour\u00e9, dans la promotion de la finance num\u00e9rique, la r\u00e9alisation de campagne d\u2019\u00e9ducation financi\u00e8re, la cr\u00e9ation d\u2019un Observatoire de la qualit\u00e9 des services financiers et la mise en place d\u2019un instrument innovant de garantie du cr\u00e9dit pour les pr\u00eats aux PME, au secteur agricole et aux femmes entrepreneures.<\/p>\n<p>La repr\u00e9sentante r\u00e9sidente de la Banque mondiale au Burkina, Ma\u00efmouna Mbow Fam, s\u2019est r\u00e9jouie de l\u2019aboutissement du projet et de l\u2019effectivit\u00e9 du fonds de Garantie partielle de portefeuille au pays des Hommes int\u00e8gres. Elle a rassur\u00e9 de la disponibilit\u00e9 des \u00e9quipes techniques de la BM pour accompagner la mise en \u0153uvre du PAIF-PME. Pour les \u00e9tapes \u00e0 venir, Mme Fam a esp\u00e9r\u00e9, entre autres, l\u2019ach\u00e8vement des \u00e9tudes de faisabilit\u00e9 du projet de paiements num\u00e9riques \u00e0 la Caisse autonome de retraite des fonctionnaires (CARFO) et \u00e0 la Caisse nationale de s\u00e9curit\u00e9 sociale (CNSS), la mise en \u0153uvre de la supervision bas\u00e9e sur le risque dans le secteur de la microfinance et le lancement du concours de plans d\u2019affaires pour les entreprises.<\/p>\n<p>Le pr\u00e9sident de l\u2019Association des professionnels des banques et des \u00e9tablissements financiers du Burkina Faso (APBEF-BF), Martial Goeh-Akw\u00e9, au nom des parrains, a traduit sa reconnaissance \u00e0 la BM ainsi qu\u2019\u00e0 tous les autres bailleurs de fonds pour leur engagement \u00e0 promouvoir l\u2019inclusion financi\u00e8re des populations. \u00ab Le niveau d\u2019inclusion financi\u00e8re au Burkina Faso ressort relativement faible et pr\u00e9sente de profondes disparit\u00e9s. C\u2019est donc avec beaucoup d\u2019espoir d\u2019accueillir le d\u00e9marrage de PAIF-PME qui s\u2019inscrit dans une dynamique de transformation digitale de notre administration financi\u00e8re \u00bb, a-t-il affirm\u00e9.<\/p>\n<p class=\"c1\"><strong>Kowoma Marc DOH<\/strong><br \/><strong>Cr\u00e9pin Albert OUEDRAOGO<\/strong><br \/><strong>(Stagiaire)<\/strong><\/p>\n<div class=\"td-a-rec td-a-rec-id-content_bottom tdi_30_f54 td_block_template_1\"><img loading=\"lazy\" decoding=\"async\" class=\"aligncenter size-full wp-image-27454\" src=\"https:\/\/www.sidwaya.info\/wp-content\/uploads\/2020\/10\/PUB-Bandeau-paiement-mobile-siteweb.jpg\" alt=\"\" width=\"728\" height=\"90\"\/><\/div>\n<p>Auteur: BM. Sidwaya<br \/>\n<a href=\"https:\/\/www.sidwaya.info\/blog\/2020\/10\/06\/inclusion-financiere-au-burkina-faso-un-projet-pour-combattre-lextreme-pauvrete\/\">Cliquez ici pour lire l&rsquo;article depuis sa source.<\/a><\/p>\n","protected":false},"excerpt":{"rendered":"<p>Le minist\u00e8re de l\u2019Economie, des Finances et du D\u00e9veloppement, a lanc\u00e9 officiellement les activit\u00e9s du Projet d\u2019appui \u00e0 l\u2019inclusion financi\u00e8re et \u00e0 l\u2019acc\u00e8s au financement des Petites et moyennes entreprises (PAIF-PME), le mardi 6 octobre 2020 \u00e0 Ouagadougou. Des populations \u00e0 faibles revenus \u00e9prouvent des difficult\u00e9s pour financer leurs activit\u00e9s, \u00e9pargner et subvenir aux besoins [&hellip;]<\/p>\n","protected":false},"author":1816,"featured_media":101029,"comment_status":"closed","ping_status":"closed","sticky":false,"template":"","format":"standard","meta":{"fifu_image_url":"","fifu_image_alt":"","footnotes":""},"categories":[73,81],"tags":[],"class_list":["post-101028","post","type-post","status-publish","format-standard","has-post-thumbnail","hentry","category-actualite","category-burkina-faso"],"_links":{"self":[{"href":"https:\/\/linitiative.ca\/International\/wp-json\/wp\/v2\/posts\/101028","targetHints":{"allow":["GET"]}}],"collection":[{"href":"https:\/\/linitiative.ca\/International\/wp-json\/wp\/v2\/posts"}],"about":[{"href":"https:\/\/linitiative.ca\/International\/wp-json\/wp\/v2\/types\/post"}],"author":[{"embeddable":true,"href":"https:\/\/linitiative.ca\/International\/wp-json\/wp\/v2\/users\/1816"}],"replies":[{"embeddable":true,"href":"https:\/\/linitiative.ca\/International\/wp-json\/wp\/v2\/comments?post=101028"}],"version-history":[{"count":0,"href":"https:\/\/linitiative.ca\/International\/wp-json\/wp\/v2\/posts\/101028\/revisions"}],"wp:featuredmedia":[{"embeddable":true,"href":"https:\/\/linitiative.ca\/International\/wp-json\/"}],"wp:attachment":[{"href":"https:\/\/linitiative.ca\/International\/wp-json\/wp\/v2\/media?parent=101028"}],"wp:term":[{"taxonomy":"category","embeddable":true,"href":"https:\/\/linitiative.ca\/International\/wp-json\/wp\/v2\/categories?post=101028"},{"taxonomy":"post_tag","embeddable":true,"href":"https:\/\/linitiative.ca\/International\/wp-json\/wp\/v2\/tags?post=101028"}],"curies":[{"name":"wp","href":"https:\/\/api.w.org\/{rel}","templated":true}]}}