{"id":101030,"date":"2020-10-06T16:57:52","date_gmt":"2020-10-06T20:57:52","guid":{"rendered":"https:\/\/linitiative.ca\/International\/mali-larmee-aux-avant-postes\/"},"modified":"2020-10-06T16:57:52","modified_gmt":"2020-10-06T20:57:52","slug":"mali-larmee-aux-avant-postes","status":"publish","type":"post","link":"https:\/\/linitiative.ca\/International\/mali-larmee-aux-avant-postes\/","title":{"rendered":"Mali\u00a0: l\u2019arm\u00e9e aux avant-postes"},"content":{"rendered":"<div class=\"td-post-featured-image\"><a href=\"https:\/\/www.sidwaya.info\/wp-content\/uploads\/2020\/09\/Mercurr30.jpg\" data-caption=\"\"><img loading=\"lazy\" decoding=\"async\" width=\"395\" height=\"147\" class=\"entry-thumb td-modal-image\" src=\"https:\/\/www.sidwaya.info\/wp-content\/uploads\/2020\/09\/Mercurr30.jpg\" srcset=\"https:\/\/www.sidwaya.info\/wp-content\/uploads\/2020\/09\/Mercurr30.jpg 395w, https:\/\/www.sidwaya.info\/wp-content\/uploads\/2020\/09\/Mercurr30-300x112.jpg 300w\" sizes=\"auto, (max-width: 395px) 100vw, 395px\" alt=\"\" title=\"Mercurr30\"\/><\/a><\/div>\n<p>Les observateurs n\u2019ont pas manqu\u00e9 de relever la remarquable pr\u00e9sence des militaires dans le nouveau gouvernement malien. La D\u00e9fense, la S\u00e9curit\u00e9, l\u2019Int\u00e9rieur, la R\u00e9conciliation ; les soldats se sont empar\u00e9s de postes importants au sein du gouvernement concoct\u00e9 par le Premier ministre, Moctar Ouane.<\/p>\n<p>La pr\u00e9sence de l\u2019arm\u00e9e peut \u00eatre salu\u00e9e par le besoin d\u2019inclure les soldats dans la gestion au quotidien du pays, d\u2019autant plus que la priorit\u00e9 des priorit\u00e9s au Mali reste la lutte contre les agressions terroristes et la d\u00e9fense de l\u2019int\u00e9grit\u00e9 territoriale. On peut tout de m\u00eame s\u2019interroger si la meilleure place pour un militaire patriote en situation de grave crise s\u00e9curitaire se trouve dans un gouvernement. Le putsch contre Amadou Toumani Tour\u00e9, un militaire en costume, accus\u00e9 d\u2019inaction face \u00e0 la r\u00e9bellion targuie en 2012, \u00e9tait l\u2019expression claire de la volont\u00e9 des officiers de service de prendre les r\u00eanes du pouvoir politique afin de mieux faire face aux troubles s\u00e9curitaires.<\/p>\n<p>Un beau pr\u00e9texte comme on en a connu dans les ann\u00e9es ant\u00e9rieures un peu partout en Afrique. Celui orchestr\u00e9 r\u00e9cemment contre Ibrahim Boubacar Ke\u00efta n\u2019est qu\u2019une claire insistance sur cette vision r\u00e9it\u00e9r\u00e9e au d\u00e9triment de la consolidation de la d\u00e9mocratie malienne. Et l\u00e0 se pose une autre question qui est de savoir si la d\u00e9mocratie est vitale pour le peuple malien. Il est vrai que les populations des pays qui subissent les affres des terroristes se convainquent de plus en plus, que seuls les militaires peuvent leur assurer la s\u00e9curit\u00e9. Elles accordent une certaine confiance \u00e0 l\u2019arm\u00e9e dans son devoir et sa capacit\u00e9 \u00e0 sauver les pays de l\u2019emprise des groupes terroristes. Fort de cette l\u00e9gitimit\u00e9 inconsistante, mais face \u00e0 l\u2019absence de solution propos\u00e9e par le r\u00e9gime d\u00e9chu de Ibrahim Boubacar Ke\u00efta et face \u00e0 la lassitude et au d\u00e9sespoir des populations, l\u2019arm\u00e9e croit prendre sa responsabilit\u00e9.<\/p>\n<p>Et \u00e0 d\u00e9faut, de confisquer le pouvoir totalement, elle a accept\u00e9, sous la pression il est vrai, des compromis lui permettant de le partager tout en pesant dans la gestion du pays. C\u2019est comme si l\u2019arm\u00e9e oublie qu\u2019elle n\u2019est pas totalement \u00e9trang\u00e8re \u00e0 la survenue et \u00e0 l\u2019enlisement de la situation actuelle. A moins que l\u2019anticipation et l\u2019efficacit\u00e9 de la riposte face \u00e0 la crise ne soient proportionnelles au pouvoir dont jouissent les officiers de l\u2019arm\u00e9e malienne. Les r\u00e9sultats nous situeront.<\/p>\n<p class=\"c1\"><strong>Aim\u00e9 Mouorissing KAMBIRE<\/strong><\/p>\n<div class=\"td-a-rec td-a-rec-id-content_bottom tdi_30_7ec td_block_template_1\"><img loading=\"lazy\" decoding=\"async\" class=\"aligncenter size-full wp-image-27454\" src=\"https:\/\/www.sidwaya.info\/wp-content\/uploads\/2020\/10\/PUB-Bandeau-paiement-mobile-siteweb.jpg\" alt=\"\" width=\"728\" height=\"90\"\/><\/div>\n<p>Auteur: BM. Sidwaya<br \/>\n<a href=\"https:\/\/www.sidwaya.info\/blog\/2020\/10\/06\/mali-larmee-aux-avant-postes\/\">Cliquez ici pour lire l&rsquo;article depuis sa source.<\/a><\/p>\n","protected":false},"excerpt":{"rendered":"<p>Les observateurs n\u2019ont pas manqu\u00e9 de relever la remarquable pr\u00e9sence des militaires dans le nouveau gouvernement malien. La D\u00e9fense, la S\u00e9curit\u00e9, l\u2019Int\u00e9rieur, la R\u00e9conciliation ; les soldats se sont empar\u00e9s de postes importants au sein du gouvernement concoct\u00e9 par le Premier ministre, Moctar Ouane. La pr\u00e9sence de l\u2019arm\u00e9e peut \u00eatre salu\u00e9e par le besoin d\u2019inclure [&hellip;]<\/p>\n","protected":false},"author":1816,"featured_media":101031,"comment_status":"closed","ping_status":"closed","sticky":false,"template":"","format":"standard","meta":{"fifu_image_url":"","fifu_image_alt":"","footnotes":""},"categories":[73,81],"tags":[],"class_list":["post-101030","post","type-post","status-publish","format-standard","has-post-thumbnail","hentry","category-actualite","category-burkina-faso"],"_links":{"self":[{"href":"https:\/\/linitiative.ca\/International\/wp-json\/wp\/v2\/posts\/101030","targetHints":{"allow":["GET"]}}],"collection":[{"href":"https:\/\/linitiative.ca\/International\/wp-json\/wp\/v2\/posts"}],"about":[{"href":"https:\/\/linitiative.ca\/International\/wp-json\/wp\/v2\/types\/post"}],"author":[{"embeddable":true,"href":"https:\/\/linitiative.ca\/International\/wp-json\/wp\/v2\/users\/1816"}],"replies":[{"embeddable":true,"href":"https:\/\/linitiative.ca\/International\/wp-json\/wp\/v2\/comments?post=101030"}],"version-history":[{"count":0,"href":"https:\/\/linitiative.ca\/International\/wp-json\/wp\/v2\/posts\/101030\/revisions"}],"wp:featuredmedia":[{"embeddable":true,"href":"https:\/\/linitiative.ca\/International\/wp-json\/"}],"wp:attachment":[{"href":"https:\/\/linitiative.ca\/International\/wp-json\/wp\/v2\/media?parent=101030"}],"wp:term":[{"taxonomy":"category","embeddable":true,"href":"https:\/\/linitiative.ca\/International\/wp-json\/wp\/v2\/categories?post=101030"},{"taxonomy":"post_tag","embeddable":true,"href":"https:\/\/linitiative.ca\/International\/wp-json\/wp\/v2\/tags?post=101030"}],"curies":[{"name":"wp","href":"https:\/\/api.w.org\/{rel}","templated":true}]}}