{"id":101066,"date":"2020-10-07T08:27:54","date_gmt":"2020-10-07T12:27:54","guid":{"rendered":"https:\/\/linitiative.ca\/International\/nouvelles-mesures-pour-la-commercialisation-des-dattes-en-tunisie-et-a-letranger\/"},"modified":"2020-10-07T08:27:54","modified_gmt":"2020-10-07T12:27:54","slug":"nouvelles-mesures-pour-la-commercialisation-des-dattes-en-tunisie-et-a-letranger","status":"publish","type":"post","link":"https:\/\/linitiative.ca\/International\/nouvelles-mesures-pour-la-commercialisation-des-dattes-en-tunisie-et-a-letranger\/","title":{"rendered":"Nouvelles mesures pour la commercialisation des dattes en Tunisie et \u00e0 l\u2019\u00e9tranger"},"content":{"rendered":"<h2>\u00ab\u00a0Une s\u00e9rie de mesures visant \u00e0 favoriser la commercialisation des dattes sur les march\u00e9s local et ext\u00e9rieur a \u00e9t\u00e9<\/h2>\n<h2>d\u00e9cid\u00e9e. Et ce en vertu d\u2019un accord conclu entre le\u00a0<a href=\"https:\/\/www.facebook.com\/MCDE.TUNISIE\/\" target=\"_blank\" rel=\"noopener noreferrer\">minist\u00e8re du Commerce<\/a>\u00a0et du d\u00e9veloppement des<\/h2>\n<h2>exportations, l\u2019UTAP, la Chambre nationale des grandes surfaces commerciales, le Groupement interprofessionnel<\/h2>\n<h2>des dattes et le Groupement Interprofessionnel des Fruits\u00a0\u00bb, a annonc\u00e9, mercredi, le d\u00e9partement du commerce.<\/h2>\n<p>En vertu de cet accord, l\u2019UTAP proc\u00e9dera en coordination avec le Groupement interprofessionnel des dattes et le\u00a0<a href=\"http:\/\/www.leconomistemaghrebin.com\/2020\/10\/05\/baisse-des-exportations-de-fruits-de-49-en-volume-et-de-35-en-valeur-jusqua-fin-septembre-2020\/\" target=\"_blank\" rel=\"noopener noreferrer\">Groupement Interprofessionnel des Fruits<\/a>, \u00e0 l\u2019approvisionnement des grandes surfaces en dattes et en grenades, directement. Et ce \u00e0 travers les coop\u00e9ratives et sans passer par les interm\u00e9diaires. En effet, ces quantit\u00e9s de dattes et de grenades seront commercialis\u00e9es \u00e0 des prix pr\u00e9f\u00e9rentiels.<\/p>\n<p>Cet accord pr\u00e9voit aussi, l\u2019installation \u00e0 grande \u00e9chelle de points de vente du producteur au consommateur et la diversification de l\u2019offre dans les espaces de vente. L\u2019objectif \u00e9tant de satisfaire les diff\u00e9rentes formes de demande, de consommation et de distribution.<\/p>\n<h2>Le mois des dattes<\/h2>\n<p>Il pr\u00e9voit, par ailleurs, l\u2019organisation d\u2019un \u00e9v\u00e9nement annuel baptis\u00e9 \u00ab\u00a0Le mois des dattes\u00a0\u00bb parall\u00e8lement au d\u00e9marrage de la r\u00e9colte. Et ce afin d\u2019ancrer la consommation des dattes sur le march\u00e9 local en dehors du mois de Ramadan.<\/p>\n<p>L\u2019accord vise, en outre, \u00e0 \u00e9laborer un cahier de charges qui organise le secteur des dattes et fixe les engagements des diff\u00e9rents intervenants durant toutes les \u00e9tapes de la production, la collecte, le stockage, le conditionnement, la transformation, la commercialisation et l\u2019exportation. Cette mesure visa \u00e0 barrer la route aux intrus.<\/p>\n<p>S\u2019agissant de l\u2019exportation pour la saison 2020-2021, il a \u00e9t\u00e9 d\u00e9cid\u00e9 d\u2019accorder aux exportateurs de dattes une prime exceptionnelle \u00e0 l\u2019exportation \u00e0 raison de 50% du co\u00fbt du transport terrestre. Il s\u2019agit aussi d\u2019augmenter la prime de transport maritime vers le march\u00e9 libyen et les march\u00e9s africains subsahariens d\u2019un tiers du co\u00fbt du transport \u00e0 70% de ce co\u00fbt.<\/p>\n<p>Les diff\u00e9rentes parties prenantes se sont \u00e9galement, accord\u00e9es, \u00e0 augmenter la prime de transport maritime vers les march\u00e9s asiatiques d\u2019un tiers du co\u00fbt du transport, \u00e0 50% de ce co\u00fbt (\u00e0 \u00a0l\u2019exception de l\u2019Indon\u00e9sie et de la Malaisie) et \u00e0 accorder aux exportateurs de dattes et d\u00e9riv\u00e9s vers le march\u00e9 fran\u00e7ais une prime de transport maritime \u00e0 raison d\u2019un tiers du co\u00fbt du transport.<\/p>\n<h2>Diversification des march\u00e9s \u00e0 l\u2019export<\/h2>\n<p>Elles ont aussi, convenu d\u2019augmenter la prime de prospection des march\u00e9s africains \u00e0 70% du co\u00fbt de chaque op\u00e9ration (d\u00e9placement et s\u00e9jour) et de mettre en place des mesures exceptionnelles facilit\u00e9es en faveur des soci\u00e9t\u00e9s coop\u00e9ratives de dattes pour l\u2019export direct sans interm\u00e9diaires.<\/p>\n<p>La coordination sera, en outre, assur\u00e9e avec le minist\u00e8re des Affaires \u00e9trang\u00e8res. Et ce afin de mobiliser les ambassades et les repr\u00e9sentations diplomatiques \u00e0 l\u2019\u00e9tranger dans la promotion des produits tunisiens notamment les dattes et la diversification des march\u00e9s \u00e0 l\u2019export. Et ce \u00e0 travers une meilleure ouverture sur les march\u00e9s asiatiques et africains.<\/p>\n<p>Un comit\u00e9 mixte charg\u00e9 du suivi des saisons agricoles, de l\u2019application des recommandations faites et de la proposition de mesures \u00e0 m\u00eame d\u2019am\u00e9liorer le rendement des interventions conjoncturelles et structurelles, sera \u00e9galement mis en place.<\/p>\n<div class=\"wp-post-author-wrap wp-post-author-shortcode left\">\n<h3 class=\"awpa-title\"\/>\n<div class=\"wp-post-author\">\n<div class=\"awpa-img awpa-author-block square\"><a href=\"http:\/\/lexpertjournal.net\/fr\/?author=5\"><img loading=\"lazy\" decoding=\"async\" alt=\"\" src=\"http:\/\/0.gravatar.com\/avatar\/97f8e10a1c1125ba104a76514ee07b16?s=150&amp;d=mm&amp;r=g\" srcset=\"http:\/\/0.gravatar.com\/avatar\/97f8e10a1c1125ba104a76514ee07b16?s=300&amp;d=mm&amp;r=g 2x\" class=\"avatar avatar-150 photo\" height=\"150\" width=\"150\"\/><\/a><\/div>\n<\/div>\n<\/div>\n<aside class=\"mashsb-container mashsb-main mashsb-stretched\">\n<\/aside>\n<p>Auteur: L&rsquo;expert<br \/>\n<a href=\"http:\/\/lexpertjournal.net\/fr\/?p=16915\">Cliquez ici pour lire l&rsquo;article depuis sa source.<\/a><\/p>\n","protected":false},"excerpt":{"rendered":"<p>\u00ab\u00a0Une s\u00e9rie de mesures visant \u00e0 favoriser la commercialisation des dattes sur les march\u00e9s local et ext\u00e9rieur a \u00e9t\u00e9 d\u00e9cid\u00e9e. Et ce en vertu d\u2019un accord conclu entre le\u00a0minist\u00e8re du Commerce\u00a0et du d\u00e9veloppement des exportations, l\u2019UTAP, la Chambre nationale des grandes surfaces commerciales, le Groupement interprofessionnel des dattes et le Groupement Interprofessionnel des Fruits\u00a0\u00bb, a [&hellip;]<\/p>\n","protected":false},"author":1775,"featured_media":0,"comment_status":"closed","ping_status":"closed","sticky":false,"template":"","format":"standard","meta":{"fifu_image_url":"","fifu_image_alt":"","footnotes":""},"categories":[78,55],"tags":[],"class_list":["post-101066","post","type-post","status-publish","format-standard","hentry","category-economie","category-tunisie"],"_links":{"self":[{"href":"https:\/\/linitiative.ca\/International\/wp-json\/wp\/v2\/posts\/101066","targetHints":{"allow":["GET"]}}],"collection":[{"href":"https:\/\/linitiative.ca\/International\/wp-json\/wp\/v2\/posts"}],"about":[{"href":"https:\/\/linitiative.ca\/International\/wp-json\/wp\/v2\/types\/post"}],"author":[{"embeddable":true,"href":"https:\/\/linitiative.ca\/International\/wp-json\/wp\/v2\/users\/1775"}],"replies":[{"embeddable":true,"href":"https:\/\/linitiative.ca\/International\/wp-json\/wp\/v2\/comments?post=101066"}],"version-history":[{"count":0,"href":"https:\/\/linitiative.ca\/International\/wp-json\/wp\/v2\/posts\/101066\/revisions"}],"wp:attachment":[{"href":"https:\/\/linitiative.ca\/International\/wp-json\/wp\/v2\/media?parent=101066"}],"wp:term":[{"taxonomy":"category","embeddable":true,"href":"https:\/\/linitiative.ca\/International\/wp-json\/wp\/v2\/categories?post=101066"},{"taxonomy":"post_tag","embeddable":true,"href":"https:\/\/linitiative.ca\/International\/wp-json\/wp\/v2\/tags?post=101066"}],"curies":[{"name":"wp","href":"https:\/\/api.w.org\/{rel}","templated":true}]}}