{"id":101067,"date":"2020-10-07T08:36:09","date_gmt":"2020-10-07T12:36:09","guid":{"rendered":"https:\/\/linitiative.ca\/International\/moodys-confirme-la-notation-demetteur-b2-de-la-tunisie-mais-a-change-les-perspectives-en-negatives\/"},"modified":"2020-10-07T08:36:09","modified_gmt":"2020-10-07T12:36:09","slug":"moodys-confirme-la-notation-demetteur-b2-de-la-tunisie-mais-a-change-les-perspectives-en-negatives","status":"publish","type":"post","link":"https:\/\/linitiative.ca\/International\/moodys-confirme-la-notation-demetteur-b2-de-la-tunisie-mais-a-change-les-perspectives-en-negatives\/","title":{"rendered":"Moody\u2019s confirme la notation d\u2019\u00e9metteur \u00ab B2 \u00bb de la Tunisie, mais a chang\u00e9 les perspectives en n\u00e9gatives"},"content":{"rendered":"<h2>Moody\u2019s a annonc\u00e9 mercredi, avoir confirm\u00e9 la notation d\u2019\u00e9metteur \u00ab\u00a0B2\u00a0\u00bb de la Tunisie et a chang\u00e9 les<\/h2>\n<h2>perspectives en n\u00e9gatives.<\/h2>\n<p>Moody\u2019s de ratings a \u00e9galement, confirm\u00e9 la notation \u00ab\u00a0B2\u00a0\u00bb,\u00a0 de la Banque centrale de Tunisie.\u00a0<a href=\"https:\/\/www.moodys.com\/\" target=\"_blank\" rel=\"noopener noreferrer\">L\u2019agence<\/a>\u00a0a chang\u00e9 les perspectives en n\u00e9gatives, sachant que la Banque centrale de Tunisie est l\u00e9galement, responsable des paiements sur toutes les cr\u00e9ances \u00e9mises pour le compte du gouvernement. Ceci conclut la revue de d\u00e9classement initi\u00e9e le 17 avril 2020.<\/p>\n<p>Moody\u2019s a d\u00e9clar\u00e9 que la confirmation de la notation B2 refl\u00e8te la r\u00e9silience au niveau des r\u00e9serves de change observ\u00e9e depuis l\u2019ouverture de la revue. Ce qui constitue un filet de s\u00e9curit\u00e9 pour les remboursements des cr\u00e9dits ext\u00e9rieurs arrivant \u00e0 \u00e9ch\u00e9ance au cours de l\u2019ann\u00e9e prochaine.<\/p>\n<p>En effet, l\u2019agence de notation a estim\u00e9 que la mise en place d\u2019un nouveau gouvernement technocratique en septembre, soutient l\u2019\u00e9valuation de Moody\u2019s selon laquelle les institutions et la gouvernance tunisiennes contribueront \u00e0 la continuit\u00e9 des politiques. Ce qui se traduira probablement, par la mise en \u0153uvre de r\u00e9formes fiscales et \u00e9conomiques \u00e0 moyen terme. Et ce dans le cadre d\u2019un nouveau programme du FMI.<\/p>\n<p>Moody\u2019s a, en outre, d\u00e9clar\u00e9 que les perspectives n\u00e9gatives refl\u00e9taient les d\u00e9fis \u00e9conomiques, financiers, sociaux et politiques auxquels le gouvernement est confront\u00e9, dans la mise en \u0153uvre de l\u2019assainissement fiscal et des\u00a0<a href=\"http:\/\/www.leconomistemaghrebin.com\/2020\/10\/06\/blocage-reformes-reduit-effet-cooperation\/\" target=\"_blank\" rel=\"noopener noreferrer\">r\u00e9formes structurelles n\u00e9cessaires<\/a>\u00a0pour obtenir un soutien officiel et maintenir des options de financement fiables, alors que les risques de refinancement pr\u00e9valent avant les prochaines \u00e9ch\u00e9ances des euro-obligations.<\/p>\n<p>Et de constater qu\u2019\u00a0\u00bbalors que les institutions tunisiennes ont acquis une solide r\u00e9putation en mati\u00e8re de maintien de l\u2019orientation politique et de certains progr\u00e8s dans la mise en \u0153uvre des r\u00e9formes, les faiblesses de la gouvernance et les d\u00e9fis sociaux ont \u00e9galement, contribu\u00e9 \u00e0 ralentir les progr\u00e8s\u00a0\u00bb.<\/p>\n<div class=\"wp-post-author-wrap wp-post-author-shortcode left\">\n<h3 class=\"awpa-title\"\/>\n<div class=\"wp-post-author\">\n<div class=\"awpa-img awpa-author-block square\"><a href=\"http:\/\/lexpertjournal.net\/fr\/?author=5\"><img loading=\"lazy\" decoding=\"async\" alt=\"\" src=\"http:\/\/0.gravatar.com\/avatar\/97f8e10a1c1125ba104a76514ee07b16?s=150&amp;d=mm&amp;r=g\" srcset=\"http:\/\/0.gravatar.com\/avatar\/97f8e10a1c1125ba104a76514ee07b16?s=300&amp;d=mm&amp;r=g 2x\" class=\"avatar avatar-150 photo\" height=\"150\" width=\"150\"\/><\/a><\/div>\n<\/div>\n<\/div>\n<aside class=\"mashsb-container mashsb-main mashsb-stretched\">\n<\/aside>\n<p>Auteur: L&rsquo;expert<br \/>\n<a href=\"http:\/\/lexpertjournal.net\/fr\/?p=16919\">Cliquez ici pour lire l&rsquo;article depuis sa source.<\/a><\/p>\n","protected":false},"excerpt":{"rendered":"<p>Moody\u2019s a annonc\u00e9 mercredi, avoir confirm\u00e9 la notation d\u2019\u00e9metteur \u00ab\u00a0B2\u00a0\u00bb de la Tunisie et a chang\u00e9 les perspectives en n\u00e9gatives. Moody\u2019s de ratings a \u00e9galement, confirm\u00e9 la notation \u00ab\u00a0B2\u00a0\u00bb,\u00a0 de la Banque centrale de Tunisie.\u00a0L\u2019agence\u00a0a chang\u00e9 les perspectives en n\u00e9gatives, sachant que la Banque centrale de Tunisie est l\u00e9galement, responsable des paiements sur toutes les [&hellip;]<\/p>\n","protected":false},"author":1775,"featured_media":0,"comment_status":"closed","ping_status":"closed","sticky":false,"template":"","format":"standard","meta":{"fifu_image_url":"","fifu_image_alt":"","footnotes":""},"categories":[78,55],"tags":[],"class_list":["post-101067","post","type-post","status-publish","format-standard","hentry","category-economie","category-tunisie"],"_links":{"self":[{"href":"https:\/\/linitiative.ca\/International\/wp-json\/wp\/v2\/posts\/101067","targetHints":{"allow":["GET"]}}],"collection":[{"href":"https:\/\/linitiative.ca\/International\/wp-json\/wp\/v2\/posts"}],"about":[{"href":"https:\/\/linitiative.ca\/International\/wp-json\/wp\/v2\/types\/post"}],"author":[{"embeddable":true,"href":"https:\/\/linitiative.ca\/International\/wp-json\/wp\/v2\/users\/1775"}],"replies":[{"embeddable":true,"href":"https:\/\/linitiative.ca\/International\/wp-json\/wp\/v2\/comments?post=101067"}],"version-history":[{"count":0,"href":"https:\/\/linitiative.ca\/International\/wp-json\/wp\/v2\/posts\/101067\/revisions"}],"wp:attachment":[{"href":"https:\/\/linitiative.ca\/International\/wp-json\/wp\/v2\/media?parent=101067"}],"wp:term":[{"taxonomy":"category","embeddable":true,"href":"https:\/\/linitiative.ca\/International\/wp-json\/wp\/v2\/categories?post=101067"},{"taxonomy":"post_tag","embeddable":true,"href":"https:\/\/linitiative.ca\/International\/wp-json\/wp\/v2\/tags?post=101067"}],"curies":[{"name":"wp","href":"https:\/\/api.w.org\/{rel}","templated":true}]}}