{"id":101070,"date":"2020-10-07T05:30:00","date_gmt":"2020-10-07T09:30:00","guid":{"rendered":"https:\/\/linitiative.ca\/International\/migration-et-environnement-au-menu\/"},"modified":"2020-10-07T05:30:00","modified_gmt":"2020-10-07T09:30:00","slug":"migration-et-environnement-au-menu","status":"publish","type":"post","link":"https:\/\/linitiative.ca\/International\/migration-et-environnement-au-menu\/","title":{"rendered":"Migration et environnement au menu"},"content":{"rendered":"<div id=\"originalText\" readability=\"132\">\n<p><strong>Alger\u00a0 et\u00a0 Madrid\u00a0 souhaitent, \u00e0\u00a0 la\u00a0 faveur\u00a0 de\u00a0 ces\u00a0 \u00e9changes\u00a0 de\u00a0 haut niveau, passer \u00e0 un stade sup\u00e9rieur dans leur coop\u00e9ration.<\/strong><\/p>\n<p>Partenaire strat\u00e9gique de la rive nord de la M\u00e9diterran\u00e9e, l\u2019Espagne souhaite densifier et diversifier sa coop\u00e9ration avec l\u2019Alg\u00e9rie en saisissant la \u201cbonne entente\u201d qui anime les relations entre les deux pays. Les autorit\u00e9s alg\u00e9riennes ne manquent pas d\u2019occasion pour le souligner. \u201cAvec l\u2019Espagne, nous n\u2019avons aucun probl\u00e8me\u201d est le message qu\u2019envoie Alger.<\/p>\n<p>Il n\u2019est pas faux de parler d\u2019un \u201ctropisme\u201d espagnol. En raison notamment de la position du gouvernement espagnol durant la p\u00e9riode de l\u2019insurrection citoyenne qu\u2019a connue le pays en 2019, qui est jug\u00e9e \u201ctr\u00e8s positive\u201d par Alger.<\/p>\n<p>Les autorit\u00e9s madril\u00e8nes n\u2019ont pas cess\u00e9 de renouveler leur appui politique \u00e0 l\u2019Alg\u00e9rie \u00e0 ce moment-l\u00e0. Et c\u2019est dans cet esprit que le pr\u00e9sident du gouvernement espagnol, Pedro Sanchez effectue une visite de travail aujourd\u2019hui \u00e0 Alger qui se pr\u00e9sente comme une opportunit\u00e9 pour \u201ccapitaliser cette amiti\u00e9\u201d.<\/p>\n<p>En plus du classique \u201cdialogue\u201d politique bilat\u00e9ral, les discussions entre le gouvernement alg\u00e9rien et espagnol porteront essentiellement sur des questions \u00e9conomiques pour explorer de nouvelles opportunit\u00e9s d\u2019investissement et d\u2019\u00e9changes commerciaux dont le volume se situe \u00e0 3 milliards de dollars.<\/p>\n<p>L\u2019environnement et les \u00e9nergies renouvelables seraient un des aspects sur lesquels Alger et Madrid travaillent depuis quelque temps d\u00e9j\u00e0 et comptent explorer les possibilit\u00e9s de coop\u00e9ration. Selon des sources s\u00fbres, la venue du Premier ministre espagnol sera l\u2019occasion de signer un \u201cm\u00e9morandum sur l\u2019environnement\u201d.<\/p>\n<p>En la mati\u00e8re, l\u2019Espagne est en passe de r\u00e9ussir sa transition \u00e9nerg\u00e9tique. La part du renouvelable repr\u00e9sente pr\u00e8s de 30% de l\u2019\u00e9nergie. Dans le domaine de la gestion des d\u00e9chets, le pays dispose \u00e9galement d\u2019une technicit\u00e9 tr\u00e8s avanc\u00e9e.<\/p>\n<p>L\u2019Alg\u00e9rie qui dispose aussi d\u2019un immense potentiel dans le renouvelable se cherche des voies et moyens pour sortir du tout p\u00e9trole et pour pouvoir enfin faire la part belle \u00e0 l\u2019\u00e9conomie verte.\u00a0\u00a0<\/p>\n<p>Cela \u00e9tant dit, le p\u00e9trole et le gaz seront au menu des discussions entre les deux parties, d\u2019autant que la collaboration entre l\u2019alg\u00e9rienne Sonatrach et les espagnoles Gaz natural, Repsol et surtout Naturgy est historique.<\/p>\n<p>M\u00eame si parfois cette collaboration a connu quelques temp\u00eates sans pour autant arriver \u00e0 des points de rupture de contrats qui lient les compagnies. Avec Naturgy, la compagnie nationale a eu \u00e0 conna\u00eetre quelques d\u00e9saccords li\u00e9s en partie \u00e0 la volont\u00e9 de l\u2019espagnole de revoir \u201c\u00e0 la baisse les prix du gaz alg\u00e9rien\u201d.<\/p>\n<p>Si l\u2019Alg\u00e9rie demeure un des fournisseurs les plus importants, l\u2019Espagne s\u2019est tourn\u00e9e vers le gaz am\u00e9ricain et russe particuli\u00e8rement. Cette \u201cr\u00e9orientation\u201d n\u2019a pas \u201centam\u00e9\u201d la nature \u201csolide\u201d des accords commerciaux et l\u2019Alg\u00e9rie ne manque pas de louer souvent \u201cun partenariat fiable\u201d qu\u2019il faut renforcer et am\u00e9liorer avec les Espagnols. Manifestement, il n\u2019y a que des atomes crochus entre les deux rives de la M\u00e9diterran\u00e9e.\u00a0\u00a0<\/p>\n<p>Cependant, du c\u00f4t\u00e9 d\u2019Alger comme de Madrid\u00a0 les coop\u00e9rations \u00e9conomiques qui du reste structurent les relations entre les deux pays ne sont pas l\u2019unique enjeu qui \u201cconvie\u201d \u00e0 la table des discussions. La question de l\u2019immigration irr\u00e9guli\u00e8re pr\u00e9occupe s\u00e9rieusement les deux capitales.<\/p>\n<p>C\u2019est l\u2019une des priorit\u00e9s dans les \u00e9changes entre les deux gouvernements. Le retour en force du ph\u00e9nom\u00e8ne migratoire et les d\u00e9parts \u201cmassifs\u201d \u00e0 partir des c\u00f4tes alg\u00e9riennes enregistr\u00e9s ces derni\u00e8res semaines inqui\u00e8te les Espagnols et ils le font savoir aux autorit\u00e9s alg\u00e9riennes.<\/p>\n<p>Ces derni\u00e8res sont r\u00e9ceptives. Elles ont d\u00e9j\u00e0 inform\u00e9 le ministre espagnol de l\u2019Int\u00e9rieur, Fernando Grande-Marlaska Gomez, lors de sa visite le mois pass\u00e9, que le gouvernement alg\u00e9rien est dispos\u00e9 \u00e0 coop\u00e9rer \u201c\u00e9troitement\u201d avec Madrid pour endiguer la crise migratoire notamment dans le volet du rapatriement des ressortissants alg\u00e9riens se trouvant\u00a0 en situation irr\u00e9guli\u00e8re sur le territoire ib\u00e9rique. Mais, comment mettre en place une strat\u00e9gie commune et efficace pour lutter contre ce ph\u00e9nom\u00e8ne en amont.<\/p>\n<p>R\u00e9guli\u00e8rement, les polices des deux pays se trouvent d\u00e9pass\u00e9es par les candidats \u00e0 la migration \u201caid\u00e9s\u201d par les passeurs qui eux s\u2019adaptent rapidement, anticipent et s\u2019ing\u00e9nient en m\u00e9thodes. Les sp\u00e9cialistes en la mati\u00e8re estiment que les passeurs ont toujours une longueur d\u2019avance sur les polices et les gardes-c\u00f4tes.<\/p>\n<p>Mais la r\u00e9ponse \u201cr\u00e9pressive\u201d ne saurait endiguer cette crise. Sans une vision globale int\u00e9grant les autres aspects (politiques, \u00e9conomiques et sociaux), il serait difficile de venir \u00e0 bout d\u2019un ph\u00e9nom\u00e8ne devenu transnational. En somme, Alger et Madrid souhaitent, \u00e0 la faveur de ces \u00e9changes de haut niveau, passer \u00e0 un stade sup\u00e9rieur dans leur coop\u00e9ration.\u00a0<br \/>\u00a0<\/p>\n<p class=\"c6\"><strong>R. N<\/strong><\/p>\n<\/div>\n<div id=\"text_core\" readability=\"132\">\n<p><strong>Alger\u00a0 et\u00a0 Madrid\u00a0 souhaitent, \u00e0\u00a0 la\u00a0 faveur\u00a0 de\u00a0 ces\u00a0 \u00e9changes\u00a0 de\u00a0 haut niveau, passer \u00e0 un stade sup\u00e9rieur dans leur coop\u00e9ration.<\/strong><\/p>\n<p>Partenaire strat\u00e9gique de la rive nord de la M\u00e9diterran\u00e9e, l\u2019Espagne souhaite densifier et diversifier sa coop\u00e9ration avec l\u2019Alg\u00e9rie en saisissant la \u201cbonne entente\u201d qui anime les relations entre les deux pays. Les autorit\u00e9s alg\u00e9riennes ne manquent pas d\u2019occasion pour le souligner. \u201cAvec l\u2019Espagne, nous n\u2019avons aucun probl\u00e8me\u201d est le message qu\u2019envoie Alger.<\/p>\n<p>Il n\u2019est pas faux de parler d\u2019un \u201ctropisme\u201d espagnol. En raison notamment de la position du gouvernement espagnol durant la p\u00e9riode de l\u2019insurrection citoyenne qu\u2019a connue le pays en 2019, qui est jug\u00e9e \u201ctr\u00e8s positive\u201d par Alger.<\/p>\n<p>Les autorit\u00e9s madril\u00e8nes n\u2019ont pas cess\u00e9 de renouveler leur appui politique \u00e0 l\u2019Alg\u00e9rie \u00e0 ce moment-l\u00e0. Et c\u2019est dans cet esprit que le pr\u00e9sident du gouvernement espagnol, Pedro Sanchez effectue une visite de travail aujourd\u2019hui \u00e0 Alger qui se pr\u00e9sente comme une opportunit\u00e9 pour \u201ccapitaliser cette amiti\u00e9\u201d.<\/p>\n<p>En plus du classique \u201cdialogue\u201d politique bilat\u00e9ral, les discussions entre le gouvernement alg\u00e9rien et espagnol porteront essentiellement sur des questions \u00e9conomiques pour explorer de nouvelles opportunit\u00e9s d\u2019investissement et d\u2019\u00e9changes commerciaux dont le volume se situe \u00e0 3 milliards de dollars.<\/p>\n<p>L\u2019environnement et les \u00e9nergies renouvelables seraient un des aspects sur lesquels Alger et Madrid travaillent depuis quelque temps d\u00e9j\u00e0 et comptent explorer les possibilit\u00e9s de coop\u00e9ration. Selon des sources s\u00fbres, la venue du Premier ministre espagnol sera l\u2019occasion de signer un \u201cm\u00e9morandum sur l\u2019environnement\u201d.<\/p>\n<p>En la mati\u00e8re, l\u2019Espagne est en passe de r\u00e9ussir sa transition \u00e9nerg\u00e9tique. La part du renouvelable repr\u00e9sente pr\u00e8s de 30% de l\u2019\u00e9nergie. Dans le domaine de la gestion des d\u00e9chets, le pays dispose \u00e9galement d\u2019une technicit\u00e9 tr\u00e8s avanc\u00e9e.<\/p>\n<p>L\u2019Alg\u00e9rie qui dispose aussi d\u2019un immense potentiel dans le renouvelable se cherche des voies et moyens pour sortir du tout p\u00e9trole et pour pouvoir enfin faire la part belle \u00e0 l\u2019\u00e9conomie verte.\u00a0\u00a0<\/p>\n<p>Cela \u00e9tant dit, le p\u00e9trole et le gaz seront au menu des discussions entre les deux parties, d\u2019autant que la collaboration entre l\u2019alg\u00e9rienne Sonatrach et les espagnoles Gaz natural, Repsol et surtout Naturgy est historique.<\/p>\n<p>M\u00eame si parfois cette collaboration a connu quelques temp\u00eates sans pour autant arriver \u00e0 des points de rupture de contrats qui lient les compagnies. Avec Naturgy, la compagnie nationale a eu \u00e0 conna\u00eetre quelques d\u00e9saccords li\u00e9s en partie \u00e0 la volont\u00e9 de l\u2019espagnole de revoir \u201c\u00e0 la baisse les prix du gaz alg\u00e9rien\u201d.<\/p>\n<p>Si l\u2019Alg\u00e9rie demeure un des fournisseurs les plus importants, l\u2019Espagne s\u2019est tourn\u00e9e vers le gaz am\u00e9ricain et russe particuli\u00e8rement. Cette \u201cr\u00e9orientation\u201d n\u2019a pas \u201centam\u00e9\u201d la nature \u201csolide\u201d des accords commerciaux et l\u2019Alg\u00e9rie ne manque pas de louer souvent \u201cun partenariat fiable\u201d qu\u2019il faut renforcer et am\u00e9liorer avec les Espagnols. Manifestement, il n\u2019y a que des atomes crochus entre les deux rives de la M\u00e9diterran\u00e9e.\u00a0\u00a0<\/p>\n<p>Cependant, du c\u00f4t\u00e9 d\u2019Alger comme de Madrid\u00a0 les coop\u00e9rations \u00e9conomiques qui du reste structurent les relations entre les deux pays ne sont pas l\u2019unique enjeu qui \u201cconvie\u201d \u00e0 la table des discussions. La question de l\u2019immigration irr\u00e9guli\u00e8re pr\u00e9occupe s\u00e9rieusement les deux capitales.<\/p>\n<p>C\u2019est l\u2019une des priorit\u00e9s dans les \u00e9changes entre les deux gouvernements. Le retour en force du ph\u00e9nom\u00e8ne migratoire et les d\u00e9parts \u201cmassifs\u201d \u00e0 partir des c\u00f4tes alg\u00e9riennes enregistr\u00e9s ces derni\u00e8res semaines inqui\u00e8te les Espagnols et ils le font savoir aux autorit\u00e9s alg\u00e9riennes.<\/p>\n<p>Ces derni\u00e8res sont r\u00e9ceptives. Elles ont d\u00e9j\u00e0 inform\u00e9 le ministre espagnol de l\u2019Int\u00e9rieur, Fernando Grande-Marlaska Gomez, lors de sa visite le mois pass\u00e9, que le gouvernement alg\u00e9rien est dispos\u00e9 \u00e0 coop\u00e9rer \u201c\u00e9troitement\u201d avec Madrid pour endiguer la crise migratoire notamment dans le volet du rapatriement des ressortissants alg\u00e9riens se trouvant\u00a0 en situation irr\u00e9guli\u00e8re sur le territoire ib\u00e9rique. Mais, comment mettre en place une strat\u00e9gie commune et efficace pour lutter contre ce ph\u00e9nom\u00e8ne en amont.<\/p>\n<p>R\u00e9guli\u00e8rement, les polices des deux pays se trouvent d\u00e9pass\u00e9es par les candidats \u00e0 la migration \u201caid\u00e9s\u201d par les passeurs qui eux s\u2019adaptent rapidement, anticipent et s\u2019ing\u00e9nient en m\u00e9thodes. Les sp\u00e9cialistes en la mati\u00e8re estiment que les passeurs ont toujours une longueur d\u2019avance sur les polices et les gardes-c\u00f4tes.<\/p>\n<p>Mais la r\u00e9ponse \u201cr\u00e9pressive\u201d ne saurait endiguer cette crise. Sans une vision globale int\u00e9grant les autres aspects (politiques, \u00e9conomiques et sociaux), il serait difficile de venir \u00e0 bout d\u2019un ph\u00e9nom\u00e8ne devenu transnational. En somme, Alger et Madrid souhaitent, \u00e0 la faveur de ces \u00e9changes de haut niveau, passer \u00e0 un stade sup\u00e9rieur dans leur coop\u00e9ration.\u00a0<br \/>\u00a0<\/p>\n<p class=\"c6\"><strong>R. N<\/strong><\/p>\n<\/div>\n<p>Auteur:<br \/>\n<a href=\"https:\/\/www.liberte-algerie.com\/actualite\/migration-et-environnement-au-menu-346880\">Cliquez ici pour lire l&rsquo;article depuis sa source.<\/a><\/p>\n","protected":false},"excerpt":{"rendered":"<p>Alger\u00a0 et\u00a0 Madrid\u00a0 souhaitent, \u00e0\u00a0 la\u00a0 faveur\u00a0 de\u00a0 ces\u00a0 \u00e9changes\u00a0 de\u00a0 haut niveau, passer \u00e0 un stade sup\u00e9rieur dans leur coop\u00e9ration. Partenaire strat\u00e9gique de la rive nord de la M\u00e9diterran\u00e9e, l\u2019Espagne souhaite densifier et diversifier sa coop\u00e9ration avec l\u2019Alg\u00e9rie en saisissant la \u201cbonne entente\u201d qui anime les relations entre les deux pays. Les autorit\u00e9s alg\u00e9riennes [&hellip;]<\/p>\n","protected":false},"author":1742,"featured_media":0,"comment_status":"closed","ping_status":"closed","sticky":false,"template":"","format":"standard","meta":{"fifu_image_url":"","fifu_image_alt":"","footnotes":""},"categories":[73,53],"tags":[],"class_list":["post-101070","post","type-post","status-publish","format-standard","hentry","category-actualite","category-algerie"],"_links":{"self":[{"href":"https:\/\/linitiative.ca\/International\/wp-json\/wp\/v2\/posts\/101070","targetHints":{"allow":["GET"]}}],"collection":[{"href":"https:\/\/linitiative.ca\/International\/wp-json\/wp\/v2\/posts"}],"about":[{"href":"https:\/\/linitiative.ca\/International\/wp-json\/wp\/v2\/types\/post"}],"author":[{"embeddable":true,"href":"https:\/\/linitiative.ca\/International\/wp-json\/wp\/v2\/users\/1742"}],"replies":[{"embeddable":true,"href":"https:\/\/linitiative.ca\/International\/wp-json\/wp\/v2\/comments?post=101070"}],"version-history":[{"count":0,"href":"https:\/\/linitiative.ca\/International\/wp-json\/wp\/v2\/posts\/101070\/revisions"}],"wp:attachment":[{"href":"https:\/\/linitiative.ca\/International\/wp-json\/wp\/v2\/media?parent=101070"}],"wp:term":[{"taxonomy":"category","embeddable":true,"href":"https:\/\/linitiative.ca\/International\/wp-json\/wp\/v2\/categories?post=101070"},{"taxonomy":"post_tag","embeddable":true,"href":"https:\/\/linitiative.ca\/International\/wp-json\/wp\/v2\/tags?post=101070"}],"curies":[{"name":"wp","href":"https:\/\/api.w.org\/{rel}","templated":true}]}}