{"id":101073,"date":"2020-10-07T10:00:00","date_gmt":"2020-10-07T14:00:00","guid":{"rendered":"https:\/\/linitiative.ca\/International\/55-des-participants-du-sondage-de-liberte-sont-pour-louverture-des-frontieres\/"},"modified":"2020-10-07T10:00:00","modified_gmt":"2020-10-07T14:00:00","slug":"55-des-participants-du-sondage-de-liberte-sont-pour-louverture-des-frontieres","status":"publish","type":"post","link":"https:\/\/linitiative.ca\/International\/55-des-participants-du-sondage-de-liberte-sont-pour-louverture-des-frontieres\/","title":{"rendered":"55% des participants du sondage de \u00ab\u00a0Libert\u00e9\u00a0\u00bb sont pour l&rsquo;ouverture des fronti\u00e8res"},"content":{"rendered":"<div id=\"originalText\" readability=\"58\">\n<p class=\"c6\">Le journal Libert\u00e9 a interrog\u00e9 les Alg\u00e9riens sur l&rsquo;ouverture des fronti\u00e8res. Une question qui, visiblement, divise les lecteurs, puisque sur plus de 1500 participants, 55% sont pour, soit 899, qui jugent que cette d\u00e9cision est \u00ab\u00a0lourde de cons\u00e9quences\u00a0\u00bb, contre 41 % qui sont d\u00e9favorables, et qui consid\u00e8rent \u00a0que cette mesure est \u00ab\u00a0sage\u00a0\u00bb, se sont-ils exprim\u00e9s sur les r\u00e9seaux sociaux.<\/p>\n<p class=\"c6\"><img decoding=\"async\" alt=\"\" src=\"\/data\/upload\/sondage fronti\u00e8res.JPG\" class=\"c7\"\/><\/p>\n<p class=\"c6\"><img decoding=\"async\" alt=\"\" src=\"\/data\/upload\/1111.JPG\" class=\"c8\"\/><\/p>\n<p class=\"c6\"><img decoding=\"async\" alt=\"\" src=\"\/data\/upload\/2222.JPG\" class=\"c9\"\/><\/p>\n<p class=\"c6\"><img decoding=\"async\" alt=\"\" src=\"\/data\/upload\/3333.JPG\" class=\"c10\"\/><\/p>\n<p class=\"c6\"><img decoding=\"async\" alt=\"\" src=\"\/data\/upload\/4444.JPG\" class=\"c11\"\/><\/p>\n<p class=\"c6\">Il est \u00e0 signaler que du c\u00f4t\u00e9 d\u2019Air Alg\u00e9rie, aucune information sur une \u00e9ventuelle reprise de l\u2019activit\u00e9 n\u2019est annonc\u00e9e.<\/p>\n<p class=\"c6\">D&rsquo;ailleurs, le ministre des Affaires \u00e9trang\u00e8res, Sabri Boukadoum,s&rsquo;est d\u00e9j\u00e0 exprim\u00e9e il y a un mois sur la question en indiquant qu&rsquo;il existait \u00ab\u00a0un comit\u00e9 scientifique qui d\u00e9cide, selon les donn\u00e9es, selon ses propres crit\u00e8res\u00a0\u00bb. Il avait par ailleurs ajout\u00e9 que \u00ab\u00a0d\u00e8s que ce comit\u00e9 recommandera l\u2019ouverture des fronti\u00e8res et que cela est possible sans danger excessif pour la population \u2013 vous savez chez nous aussi le principe de pr\u00e9caution prime sur tous les autres principes\u00a0\u00bb.<\/p>\n<p class=\"c6\">\u00a0<\/p>\n<p class=\"c12\"><strong>Im\u00e8ne AMOKRANE<\/strong><\/p>\n<\/div>\n<div id=\"text_core\" readability=\"58\">\n<p class=\"c6\">Le journal Libert\u00e9 a interrog\u00e9 les Alg\u00e9riens sur l&rsquo;ouverture des fronti\u00e8res. Une question qui, visiblement, divise les lecteurs, puisque sur plus de 1500 participants, 55% sont pour, soit 899, qui jugent que cette d\u00e9cision est \u00ab\u00a0lourde de cons\u00e9quences\u00a0\u00bb, contre 41 % qui sont d\u00e9favorables, et qui consid\u00e8rent \u00a0que cette mesure est \u00ab\u00a0sage\u00a0\u00bb, se sont-ils exprim\u00e9s sur les r\u00e9seaux sociaux.<\/p>\n<p class=\"c6\"><img decoding=\"async\" alt=\"\" src=\"\/data\/upload\/sondage fronti\u00e8res.JPG\" class=\"c7\"\/><\/p>\n<p class=\"c6\"><img decoding=\"async\" alt=\"\" src=\"\/data\/upload\/1111.JPG\" class=\"c8\"\/><\/p>\n<p class=\"c6\"><img decoding=\"async\" alt=\"\" src=\"\/data\/upload\/2222.JPG\" class=\"c9\"\/><\/p>\n<p class=\"c6\"><img decoding=\"async\" alt=\"\" src=\"\/data\/upload\/3333.JPG\" class=\"c10\"\/><\/p>\n<p class=\"c6\"><img decoding=\"async\" alt=\"\" src=\"\/data\/upload\/4444.JPG\" class=\"c11\"\/><\/p>\n<p class=\"c6\">Il est \u00e0 signaler que du c\u00f4t\u00e9 d\u2019Air Alg\u00e9rie, aucune information sur une \u00e9ventuelle reprise de l\u2019activit\u00e9 n\u2019est annonc\u00e9e.<\/p>\n<p class=\"c6\">D&rsquo;ailleurs, le ministre des Affaires \u00e9trang\u00e8res, Sabri Boukadoum,s&rsquo;est d\u00e9j\u00e0 exprim\u00e9e il y a un mois sur la question en indiquant qu&rsquo;il existait \u00ab\u00a0un comit\u00e9 scientifique qui d\u00e9cide, selon les donn\u00e9es, selon ses propres crit\u00e8res\u00a0\u00bb. Il avait par ailleurs ajout\u00e9 que \u00ab\u00a0d\u00e8s que ce comit\u00e9 recommandera l\u2019ouverture des fronti\u00e8res et que cela est possible sans danger excessif pour la population \u2013 vous savez chez nous aussi le principe de pr\u00e9caution prime sur tous les autres principes\u00a0\u00bb.<\/p>\n<p class=\"c6\">\u00a0<\/p>\n<p class=\"c12\"><strong>Im\u00e8ne AMOKRANE<\/strong><\/p>\n<\/div>\n<p>Auteur:<br \/>\n<a href=\"https:\/\/www.liberte-algerie.com\/actualite\/55-des-participants-du-sondage-de-liberte-sont-pour-louverture-des-frontieres-346891\">Cliquez ici pour lire l&rsquo;article depuis sa source.<\/a><\/p>\n","protected":false},"excerpt":{"rendered":"<p>Le journal Libert\u00e9 a interrog\u00e9 les Alg\u00e9riens sur l&rsquo;ouverture des fronti\u00e8res. Une question qui, visiblement, divise les lecteurs, puisque sur plus de 1500 participants, 55% sont pour, soit 899, qui jugent que cette d\u00e9cision est \u00ab\u00a0lourde de cons\u00e9quences\u00a0\u00bb, contre 41 % qui sont d\u00e9favorables, et qui consid\u00e8rent \u00a0que cette mesure est \u00ab\u00a0sage\u00a0\u00bb, se sont-ils exprim\u00e9s [&hellip;]<\/p>\n","protected":false},"author":1742,"featured_media":101074,"comment_status":"closed","ping_status":"closed","sticky":false,"template":"","format":"standard","meta":{"fifu_image_url":"","fifu_image_alt":"","footnotes":""},"categories":[73,53],"tags":[],"class_list":["post-101073","post","type-post","status-publish","format-standard","has-post-thumbnail","hentry","category-actualite","category-algerie"],"_links":{"self":[{"href":"https:\/\/linitiative.ca\/International\/wp-json\/wp\/v2\/posts\/101073","targetHints":{"allow":["GET"]}}],"collection":[{"href":"https:\/\/linitiative.ca\/International\/wp-json\/wp\/v2\/posts"}],"about":[{"href":"https:\/\/linitiative.ca\/International\/wp-json\/wp\/v2\/types\/post"}],"author":[{"embeddable":true,"href":"https:\/\/linitiative.ca\/International\/wp-json\/wp\/v2\/users\/1742"}],"replies":[{"embeddable":true,"href":"https:\/\/linitiative.ca\/International\/wp-json\/wp\/v2\/comments?post=101073"}],"version-history":[{"count":0,"href":"https:\/\/linitiative.ca\/International\/wp-json\/wp\/v2\/posts\/101073\/revisions"}],"wp:featuredmedia":[{"embeddable":true,"href":"https:\/\/linitiative.ca\/International\/wp-json\/"}],"wp:attachment":[{"href":"https:\/\/linitiative.ca\/International\/wp-json\/wp\/v2\/media?parent=101073"}],"wp:term":[{"taxonomy":"category","embeddable":true,"href":"https:\/\/linitiative.ca\/International\/wp-json\/wp\/v2\/categories?post=101073"},{"taxonomy":"post_tag","embeddable":true,"href":"https:\/\/linitiative.ca\/International\/wp-json\/wp\/v2\/tags?post=101073"}],"curies":[{"name":"wp","href":"https:\/\/api.w.org\/{rel}","templated":true}]}}