{"id":101083,"date":"2020-10-07T04:01:51","date_gmt":"2020-10-07T08:01:51","guid":{"rendered":"https:\/\/linitiative.ca\/International\/campagne-referendaire-21-jours-pour-convaincre-presse-regionale\/"},"modified":"2020-10-07T04:01:51","modified_gmt":"2020-10-07T08:01:51","slug":"campagne-referendaire-21-jours-pour-convaincre-presse-regionale","status":"publish","type":"post","link":"https:\/\/linitiative.ca\/International\/campagne-referendaire-21-jours-pour-convaincre-presse-regionale\/","title":{"rendered":"Campagne r\u00e9f\u00e9rendaire: 21 jours pour convaincre (presse r\u00e9gionale)"},"content":{"rendered":"<div readability=\"35\">\n<p><strong>CONSTANTINE &#8211; Les quotidiens parus \u00e0 l\u2019Est du pays se sont pench\u00e9s dans leur livraison de mercredi sur le top d\u00e9part de la campagne r\u00e9f\u00e9rendaire de l&rsquo;amendement de la Constitution, soumis \u00e0 r\u00e9f\u00e9rendum populaire le 1er novembre prochain.<\/strong><\/p>\n<\/div>\n<div readability=\"89\">\n<p>Les journaux de l&rsquo;Est ont relev\u00e9 que durant 21 jours, partis, personnalit\u00e9s politiques et repr\u00e9sentants de la soci\u00e9t\u00e9 civile, se mobiliseront pour sensibiliser les Alg\u00e9riens \u00e0 aller voter en masse.<\/p>\n<p>L\u2019Est R\u00e9publicain, \u00e9dit\u00e9 \u00e0 Annaba a titr\u00e9 : \u00ab\u00a021 jours pour convaincre\u00a0\u00bb et consacr\u00e9 trois pages \u00e0 l\u2019\u00e9v\u00e9nement soulignant que \u00ab\u00a0cette campagne r\u00e9f\u00e9rendaire\u00a0 qui se d\u00e9roulera sous le th\u00e8me \u2018Novembre 1954 : la lib\u00e9ration, novembre 2020 : le changement\u2019, aura lieu dans une conjoncture exceptionnelle sur tous les plans\u00a0\u00bb.<\/p>\n<p>La publication assure que dans cette campagne r\u00e9f\u00e9rendaire\u00a0 \u00ab\u00a0tout sera donc mis\u00e9 sur le mouvement associatif, le staff gouvernemental et certaines personnalit\u00e9s ind\u00e9pendantes, pour convaincre les quelques 24 millions d\u2019\u00e9lecteurs \u00e0 participer au scrutin r\u00e9f\u00e9rendaire\u00a0\u00bb.<\/p>\n<p>Le Quotidien de Constantine abonde dans la m\u00eame id\u00e9e et\u00a0 rel\u00e8ve que \u00ab\u00a0la soci\u00e9t\u00e9 civile \u00e9tait le fer de lance\u00a0\u00bb de cette campagne r\u00e9f\u00e9rendaire.<\/p>\n<p>Le r\u00e9dacteur de l\u2019article soulignant que la r\u00e9vision de la Constitution \u00e9tant \u00ab\u00a0la pierre angulaire du programme du pr\u00e9sident de la R\u00e9publique, Abdelmadjid Tebboune, la d\u00e9marche du gouvernement est surtout bas\u00e9e sur la mobilisation et l\u2019implication de la soci\u00e9t\u00e9 civile, consid\u00e9r\u00e9e comme \u00e9tant le fer de lance et la cheville ouvri\u00e8re du chantier grandeur nature lanc\u00e9 et pens\u00e9 par le chef de l\u2019Etat\u00a0\u00bb.<\/p>\n<p>La publication d\u00e9taille, dans cette optique, que \u00ab\u00a0ce choix\u00a0 semble ob\u00e9ir \u00e0 une volont\u00e9 d\u2019ancrer la d\u00e9mocratie participative\u00a0\u00bb, d\u2019autant, a-t-elle soutenu\u00a0 \u00ab\u00a0qu\u2019en face la classe politique, discr\u00e9dit\u00e9e, est t\u00e9tanis\u00e9e\u00a0\u00bb.<\/p>\n<p>El Acil, Edough news et\u00a0 Seybous ont \u00e9galement \u00e9voqu\u00e9 le lancement de la campagne r\u00e9f\u00e9rendaire.<\/p>\n<p>Ces quotidiens sont revenus notamment sur les crit\u00e8res de cette campagne r\u00e9f\u00e9rendaire fix\u00e9s\u00a0 par l&rsquo;Autorit\u00e9 nationale ind\u00e9pendante des \u00e9lections (ANIE) dans l\u2019arr\u00eat\u00e9 dat\u00e9 du 28 septembre 2020 et mis en avant que\u00a0 40 dossiers de demande d\u2019autorisation de campagne ont \u00e9t\u00e9 d\u00e9pos\u00e9s \u00e0 l&rsquo;ANIE.<\/p>\n<p>An-Nasr, \u00e9dit\u00e9 \u00e0 Constantine a r\u00e9percut\u00e9 l\u2019appel du membre du comit\u00e9 national de suivi de l&rsquo;\u00e9volution de la pand\u00e9mie du Coronavirus, Dr Mohamed Bekkat Brkani, s\u2019agissant du respect strict des mesures pr\u00e9ventives de lutte contre le Covid-19 notamment le port de bavette et la distanciation physique.<\/p>\n<\/div>\n<p>Auteur:<br \/>\n<a href=\"http:\/\/www.aps.dz\/regions\/110659-campagne-referendaire-21-jours-pour-convaincre-presse-regionale\">Cliquez ici pour lire l&rsquo;article depuis sa source.<\/a><\/p>\n","protected":false},"excerpt":{"rendered":"<p>CONSTANTINE &#8211; Les quotidiens parus \u00e0 l\u2019Est du pays se sont pench\u00e9s dans leur livraison de mercredi sur le top d\u00e9part de la campagne r\u00e9f\u00e9rendaire de l&rsquo;amendement de la Constitution, soumis \u00e0 r\u00e9f\u00e9rendum populaire le 1er novembre prochain. Les journaux de l&rsquo;Est ont relev\u00e9 que durant 21 jours, partis, personnalit\u00e9s politiques et repr\u00e9sentants de la [&hellip;]<\/p>\n","protected":false},"author":1790,"featured_media":0,"comment_status":"closed","ping_status":"closed","sticky":false,"template":"","format":"standard","meta":{"fifu_image_url":"","fifu_image_alt":"","footnotes":""},"categories":[53,76],"tags":[],"class_list":["post-101083","post","type-post","status-publish","format-standard","hentry","category-algerie","category-regions"],"_links":{"self":[{"href":"https:\/\/linitiative.ca\/International\/wp-json\/wp\/v2\/posts\/101083","targetHints":{"allow":["GET"]}}],"collection":[{"href":"https:\/\/linitiative.ca\/International\/wp-json\/wp\/v2\/posts"}],"about":[{"href":"https:\/\/linitiative.ca\/International\/wp-json\/wp\/v2\/types\/post"}],"author":[{"embeddable":true,"href":"https:\/\/linitiative.ca\/International\/wp-json\/wp\/v2\/users\/1790"}],"replies":[{"embeddable":true,"href":"https:\/\/linitiative.ca\/International\/wp-json\/wp\/v2\/comments?post=101083"}],"version-history":[{"count":0,"href":"https:\/\/linitiative.ca\/International\/wp-json\/wp\/v2\/posts\/101083\/revisions"}],"wp:attachment":[{"href":"https:\/\/linitiative.ca\/International\/wp-json\/wp\/v2\/media?parent=101083"}],"wp:term":[{"taxonomy":"category","embeddable":true,"href":"https:\/\/linitiative.ca\/International\/wp-json\/wp\/v2\/categories?post=101083"},{"taxonomy":"post_tag","embeddable":true,"href":"https:\/\/linitiative.ca\/International\/wp-json\/wp\/v2\/tags?post=101083"}],"curies":[{"name":"wp","href":"https:\/\/api.w.org\/{rel}","templated":true}]}}