{"id":101089,"date":"2020-10-07T07:23:28","date_gmt":"2020-10-07T11:23:28","guid":{"rendered":"https:\/\/linitiative.ca\/International\/des-ecoles-souscrivent-a-des-certifications-covid\/"},"modified":"2020-10-07T07:23:28","modified_gmt":"2020-10-07T11:23:28","slug":"des-ecoles-souscrivent-a-des-certifications-covid","status":"publish","type":"post","link":"https:\/\/linitiative.ca\/International\/des-ecoles-souscrivent-a-des-certifications-covid\/","title":{"rendered":"Des \u00e9coles souscrivent \u00e0 des certifications Covid"},"content":{"rendered":"<div class=\"author\" readability=\"5.6949152542373\"> Par <a href=\"\/content\/ahlam-nazih\"> Ahlam NAZIH<\/a> <a href=\"\/node\/\"> <\/a> | Edition N\u00b0:5859 Le 07\/10\/2020 | Partager <\/div>\n<div class=\"body\">\n<div class=\"field field-name-body field-type-text-with-summary field-label-hidden\">\n<div class=\"field-items\" readability=\"9.5\">\n<div class=\"field-item even\" property=\"content:encoded\" readability=\"14\">\n<p class=\"rtejustify\">Pour rassurer les parents, des \u00e9coles choisissent de souscrire \u00e0 une certification attestant du respect des mesures sanitaires li\u00e9es au Covid-19. Deux premiers \u00e9tablissements \u00e0 Casablanca ont d\u00e9croch\u00e9 ce label aupr\u00e8s de AFNOR Certification. Il s\u2019agit de Subrini Plateau, groupe scolaire, et de La Fontaine, cr\u00e8che-jardin d\u2019enfants \u00e0 Casablanca. L\u2019attestation de v\u00e9rification de la conformit\u00e9 des normes en place est valable pour une dur\u00e9e d\u2019une ann\u00e9e.<br \/><em>A.Na<\/em><\/p>\n<\/div>\n<\/div>\n<\/div>\n<\/div>\n<div class=\"eco-conseil\">\n<div class=\"view view-eco-conseil-16 view-id-eco_conseil_16 view-display-id-cookies view-dom-id-d38bd5421ac7ef0f640fa7fb983a6c5b\">\n<div class=\"view-content\">\n<div id=\"views-bootstrap-grid-1\" class=\"views-bootstrap-grid-plugin-style\">\n<div class=\"row\">\n<div class=\" col-xs-12 col-lg-4\">\n<div class=\"row\">\n<div class=\"col col-xs-12 col-lg-12\">\n<div class=\"field-content\"><a href=\"\/article\/1068128-partenariat-pour-la-professionnalisation-du-sport\"><img loading=\"lazy\" decoding=\"async\" class=\"img-responsive\" typeof=\"foaf:Image\" src=\"https:\/\/www.leconomiste.com\/sites\/default\/files\/eco7\/public\/styles\/800x400\/public\/default_images\/default_une.jpg?itok=4jZlgnIZ\" width=\"660\" height=\"330\" alt=\"\"\/><\/a><\/div>\n<\/div>\n<div class=\" title_suite_2 col col-xs-12 col-lg-12\"> <a href=\"\/article\/1068128-partenariat-pour-la-professionnalisation-du-sport\"\/><span class=\"field-content\">Article 1068128<\/span><\/div>\n<\/div>\n<\/div>\n<div class=\" col-xs-12 col-lg-4\">\n<div class=\"row\">\n<div class=\"col col-xs-12 col-lg-12\">\n<div class=\"field-content\"><a href=\"\/article\/1068126-comment-lutter-conte-le-covid-par-la-climatisation\"><img loading=\"lazy\" decoding=\"async\" class=\"img-responsive\" typeof=\"foaf:Image\" src=\"https:\/\/www.leconomiste.com\/sites\/default\/files\/eco7\/public\/styles\/800x400\/public\/default_images\/default_une.jpg?itok=4jZlgnIZ\" width=\"660\" height=\"330\" alt=\"\"\/><\/a><\/div>\n<\/div>\n<div class=\" title_suite_2 col col-xs-12 col-lg-12\"> <a href=\"\/article\/1068126-comment-lutter-conte-le-covid-par-la-climatisation\"\/><span class=\"field-content\">Comment lutter conte le Covid par la climatisation<\/span><\/div>\n<\/div>\n<\/div>\n<div class=\" col-xs-12 col-lg-4\">\n<div class=\"row\">\n<div class=\"col col-xs-12 col-lg-12\">\n<div class=\"field-content\"><a href=\"\/article\/1068125-le-tresor-fixe-ses-besoins-pour-octobre\"><img loading=\"lazy\" decoding=\"async\" class=\"img-responsive\" typeof=\"foaf:Image\" src=\"https:\/\/www.leconomiste.com\/sites\/default\/files\/eco7\/public\/styles\/800x400\/public\/default_images\/default_une.jpg?itok=4jZlgnIZ\" width=\"660\" height=\"330\" alt=\"\"\/><\/a><\/div>\n<\/div>\n<div class=\" title_suite_2 col col-xs-12 col-lg-12\"> <a href=\"\/article\/1068125-le-tresor-fixe-ses-besoins-pour-octobre\"\/><span class=\"field-content\">Le Tr\u00e9sor fixe ses besoins pour octobre<\/span><\/div>\n<\/div>\n<\/div>\n<\/div>\n<\/div>\n<\/div>\n<\/div>\n<\/div>\n<p>Auteur: hlafriqi<br \/>\n<a href=\"https:\/\/www.leconomiste.com\/article\/1068127-des-ecoles-souscrivent-des-certifications-covid\">Cliquez ici pour lire l&rsquo;article depuis sa source.<\/a><\/p>\n","protected":false},"excerpt":{"rendered":"<p>Par Ahlam NAZIH | Edition N\u00b0:5859 Le 07\/10\/2020 | Partager Pour rassurer les parents, des \u00e9coles choisissent de souscrire \u00e0 une certification attestant du respect des mesures sanitaires li\u00e9es au Covid-19. Deux premiers \u00e9tablissements \u00e0 Casablanca ont d\u00e9croch\u00e9 ce label aupr\u00e8s de AFNOR Certification. Il s\u2019agit de Subrini Plateau, groupe scolaire, et de La Fontaine, [&hellip;]<\/p>\n","protected":false},"author":1763,"featured_media":0,"comment_status":"closed","ping_status":"closed","sticky":false,"template":"","format":"standard","meta":{"fifu_image_url":"","fifu_image_alt":"","footnotes":""},"categories":[78,54],"tags":[],"class_list":["post-101089","post","type-post","status-publish","format-standard","hentry","category-economie","category-maroc"],"_links":{"self":[{"href":"https:\/\/linitiative.ca\/International\/wp-json\/wp\/v2\/posts\/101089","targetHints":{"allow":["GET"]}}],"collection":[{"href":"https:\/\/linitiative.ca\/International\/wp-json\/wp\/v2\/posts"}],"about":[{"href":"https:\/\/linitiative.ca\/International\/wp-json\/wp\/v2\/types\/post"}],"author":[{"embeddable":true,"href":"https:\/\/linitiative.ca\/International\/wp-json\/wp\/v2\/users\/1763"}],"replies":[{"embeddable":true,"href":"https:\/\/linitiative.ca\/International\/wp-json\/wp\/v2\/comments?post=101089"}],"version-history":[{"count":0,"href":"https:\/\/linitiative.ca\/International\/wp-json\/wp\/v2\/posts\/101089\/revisions"}],"wp:attachment":[{"href":"https:\/\/linitiative.ca\/International\/wp-json\/wp\/v2\/media?parent=101089"}],"wp:term":[{"taxonomy":"category","embeddable":true,"href":"https:\/\/linitiative.ca\/International\/wp-json\/wp\/v2\/categories?post=101089"},{"taxonomy":"post_tag","embeddable":true,"href":"https:\/\/linitiative.ca\/International\/wp-json\/wp\/v2\/tags?post=101089"}],"curies":[{"name":"wp","href":"https:\/\/api.w.org\/{rel}","templated":true}]}}