{"id":101090,"date":"2020-10-07T07:24:20","date_gmt":"2020-10-07T11:24:20","guid":{"rendered":"https:\/\/linitiative.ca\/International\/article-1068128\/"},"modified":"2020-10-07T07:24:20","modified_gmt":"2020-10-07T11:24:20","slug":"article-1068128","status":"publish","type":"post","link":"https:\/\/linitiative.ca\/International\/article-1068128\/","title":{"rendered":"Article 1068128"},"content":{"rendered":"<div class=\"author\" readability=\"5.6\"> Par <a href=\"\/content\/karim-agoumi\">Karim Agoumi<\/a> <a href=\"\/node\/\"> <\/a> | Edition N\u00b0:5859 Le 07\/10\/2020 | Partager <\/div>\n<div class=\"body\">\n<div class=\"field field-name-body field-type-text-with-summary field-label-hidden\">\n<div class=\"field-items\" readability=\"9\">\n<div class=\"field-item even\" property=\"content:encoded\" readability=\"13\">\n<p class=\"rtejustify\">Faire \u00e9voluer l\u2019\u00e9cosyst\u00e8me du sport au Maroc et contribuer \u00e0 sa professionnalisation. C\u2019est dans cette optique que le groupe de conseil sp\u00e9cialis\u00e9 dans le domaine Stadia et l\u2019\u00e9cole Sports Management School de Rabat viennent de s\u2019associer. Un partenariat qui consistera en la production d\u2019\u00e9tudes destin\u00e9es \u00e0 faire progresser le domaine et en am\u00e9liorer sensiblement la compr\u00e9hension. La premi\u00e8re d\u2019entre elles, intitul\u00e9e \u00abLes 100 mesures pour relancer le sport marocain\u00bb, portera plus pr\u00e9cis\u00e9ment sur l\u2019impact du Covid sur le secteur. Ses enseignements permettront au secteur public de prendre les dispositions n\u00e9cessaires pour remettre \u00e0 niveau le sport marocain, en particulier concernant son volet formation.<br \/><em>\u00a0K.A.\u00a0 <\/em><\/p>\n<\/div>\n<\/div>\n<\/div>\n<\/div>\n<div class=\"eco-conseil\">\n<div class=\"view view-eco-conseil-16 view-id-eco_conseil_16 view-display-id-cookies view-dom-id-8c095f08fb13b666e660012c370dcc9b\">\n<div class=\"view-content\">\n<div id=\"views-bootstrap-grid-1\" class=\"views-bootstrap-grid-plugin-style\">\n<div class=\"row\">\n<div class=\" col-xs-12 col-lg-4\">\n<div class=\"row\">\n<div class=\"col col-xs-12 col-lg-12\">\n<div class=\"field-content\"><a href=\"\/article\/1068127-des-ecoles-souscrivent-des-certifications-covid\"><img loading=\"lazy\" decoding=\"async\" class=\"img-responsive\" typeof=\"foaf:Image\" src=\"https:\/\/www.leconomiste.com\/sites\/default\/files\/eco7\/public\/styles\/800x400\/public\/default_images\/default_une.jpg?itok=4jZlgnIZ\" width=\"660\" height=\"330\" alt=\"\"\/><\/a><\/div>\n<\/div>\n<div class=\" title_suite_2 col col-xs-12 col-lg-12\"> <a href=\"\/article\/1068127-des-ecoles-souscrivent-des-certifications-covid\"\/><span class=\"field-content\">Des \u00e9coles souscrivent \u00e0 des certifications Covid<\/span><\/div>\n<\/div>\n<\/div>\n<div class=\" col-xs-12 col-lg-4\">\n<div class=\"row\">\n<div class=\"col col-xs-12 col-lg-12\">\n<div class=\"field-content\"><a href=\"\/article\/1068126-comment-lutter-conte-le-covid-par-la-climatisation\"><img loading=\"lazy\" decoding=\"async\" class=\"img-responsive\" typeof=\"foaf:Image\" src=\"https:\/\/www.leconomiste.com\/sites\/default\/files\/eco7\/public\/styles\/800x400\/public\/default_images\/default_une.jpg?itok=4jZlgnIZ\" width=\"660\" height=\"330\" alt=\"\"\/><\/a><\/div>\n<\/div>\n<div class=\" title_suite_2 col col-xs-12 col-lg-12\"> <a href=\"\/article\/1068126-comment-lutter-conte-le-covid-par-la-climatisation\"\/><span class=\"field-content\">Comment lutter conte le Covid par la climatisation<\/span><\/div>\n<\/div>\n<\/div>\n<div class=\" col-xs-12 col-lg-4\">\n<div class=\"row\">\n<div class=\"col col-xs-12 col-lg-12\">\n<div class=\"field-content\"><a href=\"\/article\/1068125-le-tresor-fixe-ses-besoins-pour-octobre\"><img loading=\"lazy\" decoding=\"async\" class=\"img-responsive\" typeof=\"foaf:Image\" src=\"https:\/\/www.leconomiste.com\/sites\/default\/files\/eco7\/public\/styles\/800x400\/public\/default_images\/default_une.jpg?itok=4jZlgnIZ\" width=\"660\" height=\"330\" alt=\"\"\/><\/a><\/div>\n<\/div>\n<div class=\" title_suite_2 col col-xs-12 col-lg-12\"> <a href=\"\/article\/1068125-le-tresor-fixe-ses-besoins-pour-octobre\"\/><span class=\"field-content\">Le Tr\u00e9sor fixe ses besoins pour octobre<\/span><\/div>\n<\/div>\n<\/div>\n<\/div>\n<\/div>\n<\/div>\n<\/div>\n<\/div>\n<p>Auteur: hlafriqi<br \/>\n<a href=\"https:\/\/www.leconomiste.com\/article\/1068128-partenariat-pour-la-professionnalisation-du-sport\">Cliquez ici pour lire l&rsquo;article depuis sa source.<\/a><\/p>\n","protected":false},"excerpt":{"rendered":"<p>Par Karim Agoumi | Edition N\u00b0:5859 Le 07\/10\/2020 | Partager Faire \u00e9voluer l\u2019\u00e9cosyst\u00e8me du sport au Maroc et contribuer \u00e0 sa professionnalisation. C\u2019est dans cette optique que le groupe de conseil sp\u00e9cialis\u00e9 dans le domaine Stadia et l\u2019\u00e9cole Sports Management School de Rabat viennent de s\u2019associer. Un partenariat qui consistera en la production d\u2019\u00e9tudes destin\u00e9es [&hellip;]<\/p>\n","protected":false},"author":1763,"featured_media":0,"comment_status":"closed","ping_status":"closed","sticky":false,"template":"","format":"standard","meta":{"fifu_image_url":"","fifu_image_alt":"","footnotes":""},"categories":[78,54],"tags":[],"class_list":["post-101090","post","type-post","status-publish","format-standard","hentry","category-economie","category-maroc"],"_links":{"self":[{"href":"https:\/\/linitiative.ca\/International\/wp-json\/wp\/v2\/posts\/101090","targetHints":{"allow":["GET"]}}],"collection":[{"href":"https:\/\/linitiative.ca\/International\/wp-json\/wp\/v2\/posts"}],"about":[{"href":"https:\/\/linitiative.ca\/International\/wp-json\/wp\/v2\/types\/post"}],"author":[{"embeddable":true,"href":"https:\/\/linitiative.ca\/International\/wp-json\/wp\/v2\/users\/1763"}],"replies":[{"embeddable":true,"href":"https:\/\/linitiative.ca\/International\/wp-json\/wp\/v2\/comments?post=101090"}],"version-history":[{"count":0,"href":"https:\/\/linitiative.ca\/International\/wp-json\/wp\/v2\/posts\/101090\/revisions"}],"wp:attachment":[{"href":"https:\/\/linitiative.ca\/International\/wp-json\/wp\/v2\/media?parent=101090"}],"wp:term":[{"taxonomy":"category","embeddable":true,"href":"https:\/\/linitiative.ca\/International\/wp-json\/wp\/v2\/categories?post=101090"},{"taxonomy":"post_tag","embeddable":true,"href":"https:\/\/linitiative.ca\/International\/wp-json\/wp\/v2\/tags?post=101090"}],"curies":[{"name":"wp","href":"https:\/\/api.w.org\/{rel}","templated":true}]}}