{"id":101105,"date":"2020-10-06T20:00:00","date_gmt":"2020-10-07T00:00:00","guid":{"rendered":"https:\/\/linitiative.ca\/International\/crise-en-libye-lalgerie-appelle-lonu-a-hater-la-nomination-dun-envoye-special\/"},"modified":"2020-10-06T20:00:00","modified_gmt":"2020-10-07T00:00:00","slug":"crise-en-libye-lalgerie-appelle-lonu-a-hater-la-nomination-dun-envoye-special","status":"publish","type":"post","link":"https:\/\/linitiative.ca\/International\/crise-en-libye-lalgerie-appelle-lonu-a-hater-la-nomination-dun-envoye-special\/","title":{"rendered":"Crise en Libye : L\u2019Alg\u00e9rie appelle l&rsquo;ONU \u00e0 h\u00e2ter  la nomination  d&rsquo;un envoy\u00e9 sp\u00e9cial"},"content":{"rendered":"<p>\u00abJ&rsquo;appelle le Conseil de s\u00e9curit\u00e9 \u00e0 veiller \u00e0 ce que sa propre d\u00e9cision li\u00e9e \u00e0 l&#8217;embargo sur les armes, tel qu&rsquo;\u00e9nonc\u00e9 dans les conclusions de Berlin, soit pleinement respect\u00e9e. Soutenir le processus dirig\u00e9 par l&rsquo;ONU signifie, au pr\u00e9alable, respecter l&#8217;embargo sur les armes et ne pas envoyer de mercenaires (en Libye)\u00bb, a d\u00e9clar\u00e9 M. Boukadoum dans son intervention lors de la r\u00e9union minist\u00e9rielle sur la Libye qui s&rsquo;est tenue lundi par visioconf\u00e9rence.<\/p>\n<p>M. Boukadoum a, en outre, soulign\u00e9 que \u00abla responsabilit\u00e9 du Conseil de s\u00e9curit\u00e9 consiste \u00e9galement \u00e0 h\u00e2ter la nomination d&rsquo;un envoy\u00e9 sp\u00e9cial\u00bb en Libye.\u00a0<\/p>\n<p>\u00abNous avons maintenant besoin d&rsquo;une action du Conseil et des membres de Berlin et nous avons besoin de r\u00e9sultats rapidement. L\u2019Alg\u00e9rie et les pays voisins de la Libye, ne peuvent pas se permettre une crise persistante\u00bb, a-t-il encore soulign\u00e9 avant d&rsquo;ajouter\u2008: \u00abNous devons le succ\u00e8s et la paix au peuple libyen. Nous devons relancer le processus politique. C\u2019est notre responsabilit\u00e9. L&rsquo;Alg\u00e9rie entend y adh\u00e9rer pleinement.\u00bb\u00a0<\/p>\n<p>R\u00e9it\u00e9rant que la solution \u00e0 la crise libyenne doit \u00e9maner des Libyens eux-m\u00eames, le chef de la diplomatie a insist\u00e9 pour que cette solution \u00abdoit pr\u00e9server la s\u00e9curit\u00e9, l&rsquo;unit\u00e9 et la souverainet\u00e9 de la Libye\u00bb.\u00a0<\/p>\n<p>\u00abA cet \u00e9gard, nous avons vivement salu\u00e9 le cessez-le-feu et nous continuons d\u2019appeler et d\u2019agir pour son respect. Nous demandons en m\u00eame temps la reprise rapide du dialogue politique inclusif\u00bb, a-t-il poursuivi.<\/p>\n<p>A cet effet, \u00abnous appelons tous les fr\u00e8res libyens \u00e0 s&rsquo;engager dans ce dialogue. Faire la paix entre tous les Libyens n&rsquo;est pas un objectif impossible. Il est grand temps de d\u00e9montrer que l&rsquo;int\u00e9r\u00eat supr\u00eame de la Libye pr\u00e9vaut sur toute autre consid\u00e9ration\u00bb, a encore dit M. Boukadoum en r\u00e9it\u00e9rant le \u00absoutien ferme\u00bb de l&rsquo;Alg\u00e9rie \u00e0 la Libye, \u00abun pays fr\u00e8re voisin\u00bb.<\/p>\n<p>Par ailleurs, M. Boukadoum a salu\u00e9 la r\u00e9ouverture partielle des installations p\u00e9troli\u00e8res et la reprise des exportations en tant que premi\u00e8re \u00e9tape pour apporter une aide \u00e0 la population et \u00e0 ses besoins essentiels en temps de pand\u00e9mie du Covid-19.\u00a0<\/p>\n<p><strong>Les initiatives contradictoires attisent le conflit<\/strong><\/p>\n<p>Il a fait savoir dans ce contexte que \u00abl&rsquo;Alg\u00e9rie a envoy\u00e9 une \u00e9quipe d&rsquo;ing\u00e9nieurs pour rem\u00e9dier \u00e0 la p\u00e9nurie d&rsquo;\u00e9lectricit\u00e9 \u00e0 Tripoli caus\u00e9e par des pannes r\u00e9p\u00e9t\u00e9es dans la centrale \u00e9lectrique principale pr\u00e8s de Tripoli\u00bb.\u00a0<\/p>\n<p>Le chef de la diplomatie alg\u00e9rienne, Sabri Boukadoum, a \u00e9galement\u00a0 point\u00e9 dans son intervention les \u00abinitiatives contradictoires\u00bb pour le r\u00e8glement de la crise en Libye, qui selon lui, alimentent le conflit plut\u00f4t que de le r\u00e9soudre.<\/p>\n<p>\u00abIl est cependant \u00e9vident que nous ne pouvons pas soutenir un conflit persistant, avec de multiples initiatives contradictoires qui alimentent le conflit plut\u00f4t que de le r\u00e9soudre et qui ne s&rsquo;inscrivent pas dans le cadre du processus de Berlin et des principes convenus \u00e0 la Conf\u00e9rence de Berlin\u00bb, a-t-il d\u00e9clar\u00e9.<\/p>\n<p>Il a expliqu\u00e9 que depuis la conf\u00e9rence de Berlin, l&rsquo;Alg\u00e9rie s&rsquo;\u00e9tait \u00ab fermement engag\u00e9e \u00e0 soutenir le processus en mettant de c\u00f4t\u00e9 ses propres efforts qui \u00e9taient recherch\u00e9s et r\u00e9clam\u00e9s par tous les Libyens\u00bb, en d\u00e9clarant qu&rsquo;elle \u00abrestera engag\u00e9e \u00e0 faire de son mieux pour une solution constructive \u00e0 travers le processus de Berlin, soutenu par le Conseil de s\u00e9curit\u00e9, et pour un dialogue politique inclusif et une appropriation\u00bb par les Libyens du processus du r\u00e8glement de la crise.<\/p>\n<p>\u00abLes Libyens doivent r\u00e9soudre leurs probl\u00e8mes par le biais des bulletins de vote et non par des balles\u00bb, a-t-il insist\u00e9.<\/p>\n<p>Une visioconf\u00e9rence regroupant les pays ayant particip\u00e9 \u00e0 la Conf\u00e9rence de Berlin sur la Libye, dont l&rsquo;Alg\u00e9rie s&rsquo;est ouverte lundi au niveau minist\u00e9riel afin de renouveler l&rsquo;engagement en faveur d&rsquo;une solution globale qui permettrait le retour \u00e0 la paix dans ce pays en proie \u00e0 des troubles depuis 2011.<\/p>\n<p>Auteur: elmoudjahid<br \/>\n<a href=\"http:\/\/www.elmoudjahid.com\/fr\/actualites\/160593\">Cliquez ici pour lire l&rsquo;article depuis sa source.<\/a><\/p>\n","protected":false},"excerpt":{"rendered":"<p>\u00abJ&rsquo;appelle le Conseil de s\u00e9curit\u00e9 \u00e0 veiller \u00e0 ce que sa propre d\u00e9cision li\u00e9e \u00e0 l&#8217;embargo sur les armes, tel qu&rsquo;\u00e9nonc\u00e9 dans les conclusions de Berlin, soit pleinement respect\u00e9e. Soutenir le processus dirig\u00e9 par l&rsquo;ONU signifie, au pr\u00e9alable, respecter l&#8217;embargo sur les armes et ne pas envoyer de mercenaires (en Libye)\u00bb, a d\u00e9clar\u00e9 M. Boukadoum [&hellip;]<\/p>\n","protected":false},"author":1744,"featured_media":0,"comment_status":"closed","ping_status":"closed","sticky":false,"template":"","format":"standard","meta":{"fifu_image_url":"","fifu_image_alt":"","footnotes":""},"categories":[73,53],"tags":[],"class_list":["post-101105","post","type-post","status-publish","format-standard","hentry","category-actualite","category-algerie"],"_links":{"self":[{"href":"https:\/\/linitiative.ca\/International\/wp-json\/wp\/v2\/posts\/101105","targetHints":{"allow":["GET"]}}],"collection":[{"href":"https:\/\/linitiative.ca\/International\/wp-json\/wp\/v2\/posts"}],"about":[{"href":"https:\/\/linitiative.ca\/International\/wp-json\/wp\/v2\/types\/post"}],"author":[{"embeddable":true,"href":"https:\/\/linitiative.ca\/International\/wp-json\/wp\/v2\/users\/1744"}],"replies":[{"embeddable":true,"href":"https:\/\/linitiative.ca\/International\/wp-json\/wp\/v2\/comments?post=101105"}],"version-history":[{"count":0,"href":"https:\/\/linitiative.ca\/International\/wp-json\/wp\/v2\/posts\/101105\/revisions"}],"wp:attachment":[{"href":"https:\/\/linitiative.ca\/International\/wp-json\/wp\/v2\/media?parent=101105"}],"wp:term":[{"taxonomy":"category","embeddable":true,"href":"https:\/\/linitiative.ca\/International\/wp-json\/wp\/v2\/categories?post=101105"},{"taxonomy":"post_tag","embeddable":true,"href":"https:\/\/linitiative.ca\/International\/wp-json\/wp\/v2\/tags?post=101105"}],"curies":[{"name":"wp","href":"https:\/\/api.w.org\/{rel}","templated":true}]}}