{"id":101118,"date":"2020-10-07T13:44:00","date_gmt":"2020-10-07T17:44:00","guid":{"rendered":"https:\/\/linitiative.ca\/International\/tunisie-une-revolution-qui-est-mal-partie\/"},"modified":"2020-10-07T13:44:00","modified_gmt":"2020-10-07T17:44:00","slug":"tunisie-une-revolution-qui-est-mal-partie","status":"publish","type":"post","link":"https:\/\/linitiative.ca\/International\/tunisie-une-revolution-qui-est-mal-partie\/","title":{"rendered":"Tunisie : une r\u00e9volution qui est mal partie"},"content":{"rendered":"<p><span class=\"c3\"><span class=\"c2\"><strong><em><img decoding=\"async\" src=\"\/uploads\/FCK_files\/Hedi-Behi_0551(1).jpg\" width=\"20%\" vspace=\"5\" hspace=\"5\" align=\"left\" alt=\"\"\/>Par H\u00e9di B\u00e9hi &#8211;<\/em><\/strong><\/span><\/span> <span class=\"c2\"><strong><em>\u00ab\u00a0<\/em><\/strong><\/span>C&rsquo;est une exp\u00e9rience \u00e9ternelle. Tout homme qui a du pouvoir est port\u00e9 \u00e0 en abuser. Il va jusqu\u2019\u00e0 ce qu\u2019il trouve des limites. Pour qu\u2019on ne puisse pas abuser du pouvoir, il faut que par la disposition des choses, le pouvoir arr\u00eate le pouvoir\u00bb, notait il y a deux si\u00e8cles le philosophe des lumi\u00e8res et le p\u00e8re de la th\u00e9orie de la s\u00e9paration des pouvoirs, Montesquieu\u00a0\u00bb.<\/p>\n<p>L&rsquo;un des pr\u00e9suppos\u00e9s de l&rsquo;instauration de la d\u00e9mocratie dans un pays, c&rsquo;est l&rsquo;existence d&rsquo;un Etat fort qui en impose, qui joue pleinement son r\u00f4le de garde-fou, qui veille \u00e0 l&rsquo;\u00e9quilibre entre les pouvoirs. Un Etat fort ? la Tunisie l&rsquo;a \u00e9t\u00e9 depuis la nuit des temps.\u00a0 Pour le meilleur et pour le pire. Or, ce\u00a0 \u00e0 quoi nous assistons depuis un certain 14 janvier 2011, c&rsquo;est sa d\u00e9liquescence. On dit que la r\u00e9volution est un acc\u00e9l\u00e9rateur de changements. Notre pays est pass\u00e9 en quelques mois d\u2019un Etat-l\u00e9viathan \u00e0 un Etat faible,\u00a0 que dis-je, un\u00a0 non-Etat. Son\u00a0 autorit\u00e9\u00a0 est foul\u00e9e au pied.\u00a0 Profitant se sa faiblesse, les forces centrifuges d\u00e9fient carr\u00e9ment l&rsquo;autorit\u00e9 centrale, en pr\u00f4nant le s\u00e9paratisme : l\u2019Etat tunisien n&rsquo;est plus ce qu&rsquo;il \u00e9tait. Il n&rsquo;est plus qu&rsquo;une addition de corporations, un v\u00e9ritable succ\u00e9dan\u00e9 du tribalisme, et confirme la mont\u00e9e en puissance des seigneuries et des lobbies.<\/p>\n<p>En entendant, un certain\u00a0 Haddad; le chef des rebelles de Tataouine, dicter, et avec quelle morgue, ses conditions \u00ab\u00a0\u00e0 l&rsquo;Etat tunisien\u00a0\u00bb, pour condescendre \u00e0 rouvrir les vannes, et agiter la menace de la s\u00e9cession, en voyant des officiers discuter \u00ab\u00a0d&rsquo;\u00e9gal \u00e0 \u00e9gal\u00a0\u00bb avec des chefs de tribus, en ecoutant Lassaad\u00a0 Yacoubi \u00e0 d\u00e9cr\u00e9ter une \u00e9ni\u00e8me gr\u00e8ve des professeurs en pleine crise sanitaire je me surprends \u00e0 regretter\u00a0 Ben Ali. \u00ab\u00a0La disposition des choses\u00a0\u00bb comme disait Montesquieu, n&rsquo;a pas permis \u00ab\u00a0au pouvoir d&rsquo;arr\u00eater le pouvoir\u00a0\u00bb faute d&rsquo;Etat fort.<\/p>\n<p>Dominateurs et s\u00fbrs d\u2019eux, toisant de haut les repr\u00e9sentants de\u00a0 l&rsquo;Etat, ils poussent parfois l\u2019arrogance jusqu\u2019\u00e0 parler au nom d\u2019un minist\u00e8re, comme ce fut le cas r\u00e9cemment avec le c\u00e9l\u00e9brissime secr\u00e9taire g\u00e9n\u00e9ral de la F\u00e9d\u00e9ration nationale de l\u2019enseignement secondaire. Ils n\u2019h\u00e9sitent pas \u00e0 s\u2019arroger un droit de v\u00e9to, les fameuses lignes rouges, sur les d\u00e9cisions gouvernementales lorsqu\u2019elles vont \u00e0 l\u2019encontre de leurs int\u00e9r\u00eats. Dans les r\u00e9gions, ils tiennent le haut du pav\u00e9, contr\u00f4lent les administrations r\u00e9gionales, les h\u00f4pitaux. V\u00e9ritable force d\u2019inertie, l\u2019Ugtt,\u00a0 fid\u00e8le \u00e0 sa\u00a0 strat\u00e9gie revendicatrice, emp\u00eache le pays de progresser.<\/p>\n<p>Et que dire des contestataires d\u2019El-Kamour et du bassin minier ? Des vannes ferm\u00e9es depuis des ann\u00e9es, les sit-in devant les unit\u00e9s de la CPG, des trains de transport de phosphate immobilis\u00e9s, des milliards de dinars partis en fum\u00e9e et un Etat impuissant se contentant de faire le dos rond, en attendant l\u2019essoufflement du mouvement qui tarde \u00e0 venir.<\/p>\n<p>L&rsquo;autre pr\u00e9suppos\u00e9 de la d\u00e9mocratie est la rationalit\u00e9. On y est en plein dans l&rsquo;irrationnalit\u00e9. on fait tout pour qu&rsquo;on \u00e9choue. On se complait dans l&rsquo;autoflagellation. On prend un plaisir \u00e0 scier la brancge sur laquelle on est assis. On va jusqu\u2019\u00e0 se demander si le jeu en valait la chandelle, si on avait p\u00e9ch\u00e9 par exc\u00e8s de pr\u00e9cipitation, d\u2019\u00eatre all\u00e9s trop loin dans la d\u00e9mocratisation.<\/p>\n<p>Dix ans apr\u00e8s son av\u00e8nement, la r\u00e9volution tourne au cauchemar. Comme l&rsquo;exp\u00e9rience des coop\u00e9ratives, elle a\u00a0 d\u00e9\u00e7u les Tunisiens faute d&rsquo;avoir donn\u00e9 du contenu \u00e0 la d\u00e9mocratie tunisienne. On ne se nourrit pas de d\u00e9mocratie et d&rsquo;eau fraiche. En y pensant, ils ont un haut-le-coeur. Circonstance aggravante, la r\u00e9volution a lib\u00e9r\u00e9 des forces qui n&rsquo;ont jamais pardonn\u00e9 aujourd&rsquo;hui \u00e0 ce pays d&rsquo;avoir r\u00e9ussi son ind\u00e9pendance et de repr\u00e9senter un exemple pour les autres.<\/p>\n<p class=\"c4\"><strong>H\u00e9di B\u00e9hi<\/strong><br \/>\u00a0<\/p>\n<p>Auteur:<br \/>\n<a href=\"https:\/\/www.leaders.com.tn\/article\/30703-tunisie-une-revolution-qui-est-mal-partie\">Cliquez ici pour lire l&rsquo;article depuis sa source.<\/a><\/p>\n","protected":false},"excerpt":{"rendered":"<p>Par H\u00e9di B\u00e9hi &#8211; \u00ab\u00a0C&rsquo;est une exp\u00e9rience \u00e9ternelle. Tout homme qui a du pouvoir est port\u00e9 \u00e0 en abuser. Il va jusqu\u2019\u00e0 ce qu\u2019il trouve des limites. Pour qu\u2019on ne puisse pas abuser du pouvoir, il faut que par la disposition des choses, le pouvoir arr\u00eate le pouvoir\u00bb, notait il y a deux si\u00e8cles le [&hellip;]<\/p>\n","protected":false},"author":1772,"featured_media":101119,"comment_status":"closed","ping_status":"closed","sticky":false,"template":"","format":"standard","meta":{"fifu_image_url":"","fifu_image_alt":"","footnotes":""},"categories":[73,55],"tags":[],"class_list":["post-101118","post","type-post","status-publish","format-standard","has-post-thumbnail","hentry","category-actualite","category-tunisie"],"_links":{"self":[{"href":"https:\/\/linitiative.ca\/International\/wp-json\/wp\/v2\/posts\/101118","targetHints":{"allow":["GET"]}}],"collection":[{"href":"https:\/\/linitiative.ca\/International\/wp-json\/wp\/v2\/posts"}],"about":[{"href":"https:\/\/linitiative.ca\/International\/wp-json\/wp\/v2\/types\/post"}],"author":[{"embeddable":true,"href":"https:\/\/linitiative.ca\/International\/wp-json\/wp\/v2\/users\/1772"}],"replies":[{"embeddable":true,"href":"https:\/\/linitiative.ca\/International\/wp-json\/wp\/v2\/comments?post=101118"}],"version-history":[{"count":0,"href":"https:\/\/linitiative.ca\/International\/wp-json\/wp\/v2\/posts\/101118\/revisions"}],"wp:featuredmedia":[{"embeddable":true,"href":"https:\/\/linitiative.ca\/International\/wp-json\/"}],"wp:attachment":[{"href":"https:\/\/linitiative.ca\/International\/wp-json\/wp\/v2\/media?parent=101118"}],"wp:term":[{"taxonomy":"category","embeddable":true,"href":"https:\/\/linitiative.ca\/International\/wp-json\/wp\/v2\/categories?post=101118"},{"taxonomy":"post_tag","embeddable":true,"href":"https:\/\/linitiative.ca\/International\/wp-json\/wp\/v2\/tags?post=101118"}],"curies":[{"name":"wp","href":"https:\/\/api.w.org\/{rel}","templated":true}]}}