{"id":101134,"date":"2020-10-07T17:12:08","date_gmt":"2020-10-07T21:12:08","guid":{"rendered":"https:\/\/linitiative.ca\/International\/tunisie-couvre-feu-dans-le-grand-tunis-une-decision-qui-va-faire-exploser-le-nombre-dinfections-au-covid\/"},"modified":"2020-10-07T17:12:08","modified_gmt":"2020-10-07T21:12:08","slug":"tunisie-couvre-feu-dans-le-grand-tunis-une-decision-qui-va-faire-exploser-le-nombre-dinfections-au-covid","status":"publish","type":"post","link":"https:\/\/linitiative.ca\/International\/tunisie-couvre-feu-dans-le-grand-tunis-une-decision-qui-va-faire-exploser-le-nombre-dinfections-au-covid\/","title":{"rendered":"Tunisie \u2013 Couvre feu dans le grand Tunis\u00a0: Une d\u00e9cision qui va faire exploser le nombre d\u2019infections au covid"},"content":{"rendered":"<div class=\"post-cont-in left relative\">\n<div id=\"post-info-wrap\" class=\"left relative post-info-out\">\n<div class=\"post-info-img left relative\"><img loading=\"lazy\" decoding=\"async\" alt=\"\" src=\"https:\/\/secure.gravatar.com\/avatar\/96253f4a657b482a18e837c1252096c2?s=50&amp;d=mm&amp;r=g\" srcset=\"https:\/\/secure.gravatar.com\/avatar\/96253f4a657b482a18e837c1252096c2?s=100&amp;d=mm&amp;r=g 2x\" class=\"avatar avatar-50 photo\" height=\"50\" width=\"50\"\/><\/div>\n<div class=\"post-info-in\">\n<div class=\"post-info-right left relative post-info-name left relative\"><span itemprop=\"author\" itemscope=\"\" itemtype=\"https:\/\/schema.org\/Person\"><span class=\"post-info-text\">Par<\/span> <span class=\"author-name vcard fn author\" itemprop=\"name\"><a href=\"https:\/\/www.tunisienumerique.com\/author\/saber\/\" title=\"Articles par Saber .\" rel=\"author\">Saber .<\/a><\/span><\/span> <span class=\"post-date updated\"><time class=\"post-date updated\" itemprop=\"datePublished\" datetime=\"2020-10-07\">\u00a0| Il y a 1 minute<\/time><\/span><\/div>\n<div class=\"left relative\"><button id=\"listenButton1\" class=\"responsivevoice-button\" type=\"button\" value=\"Play\" title=\"&#xC9;coutez l'article\"><span>\ud83d\udd0a \u00c9coutez l&rsquo;article<\/span><\/button> <\/div>\n<\/div>\n<\/div>\n<p>Le couvre feu vient d\u2019\u00eatre d\u00e9cr\u00e9t\u00e9, par le gouvernement, dans les quatre gouvernorats du grand Tunis. Cette mesure a \u00e9t\u00e9 prise, selon la pr\u00e9sidence du gouvernement, et sur proposition des experts m\u00e9dicaux, pour endiguer la trop forte circulation du coronavirus dans cette r\u00e9gion du pays, qui compte la plus grande densit\u00e9 d\u2019habitants dans le pays.<\/p>\n<div class=\"code-block code-block-1 c4\"><ins class=\"adsbygoogle c3\" data-ad-layout=\"in-article\" data-ad-format=\"fluid\" data-ad-client=\"ca-pub-2102118777505746\" data-ad-slot=\"7301775417\"\/> <\/div>\n<p>Or, les d\u00e9cideurs semblent avoir oubli\u00e9 une chose primordiale. Ce qui prouve que le fait d\u2019\u00eatre un brillant m\u00e9decin ou \u00e9pid\u00e9miologiste, ne signifie pas, forc\u00e9ment, savoir prendre les d\u00e9cisions qu\u2019il faut. Et ce que les d\u00e9cideurs ont oubli\u00e9, en d\u00e9cr\u00e9tant le couvre feu, et en le limitant aux quatre gouvernorats de la r\u00e9gion du grand Tunis, c\u2019est que la majorit\u00e9 des tunisiens sont motoris\u00e9s, et que la majorit\u00e9 des tunisiens en ont marre de la morosit\u00e9 et du stress dans les quels on a tendance \u00e0 les plonger, et que la majorit\u00e9 des tunisiens voudrait profiter des derniers weekends de l\u2019\u00e9t\u00e9 qui s\u2019ach\u00e8ve.<\/p>\n<p>De ce fait, et chose \u00e0 la quelle n\u2019ont pas pens\u00e9 ceux qui ont d\u00e9cid\u00e9 d\u2019instaurer le couvre feu, c\u2019est qu\u2019une grande partie des tunisiens r\u00e9sidant dans le grand Tunis ont d\u00e9cid\u00e9 d\u2019\u00e9viter cette mesure, et au prix d\u2019un d\u00e9placement d\u2019une heure, se retrouver \u00e0 Hammamet, pour y passer un dernier weekend, et profiter des derni\u00e8res soir\u00e9es \u00e0 l\u2019air libre du moment qu\u2019il fait encore assez doux.<\/p>\n<p>R\u00e9sultat des courses, les tunisiens qu\u2019on croyait pouvoir confiner chez eux \u00e0 partir du d\u00e9but de soir\u00e9e, vont se retrouver concentr\u00e9s dans des espaces assez limit\u00e9s dans des h\u00f4tels ou des espaces de loisirs, \u00e0 Hammamet, dans une promiscuit\u00e9 qui risque de faire des d\u00e9sastres en termes de nouvelles infections au covid.<\/p>\n<p>C\u2019est d\u2019autant plus dommage, qu\u2019on aurait pu, en y pensant un peu plus, \u00e9viter ce risque et g\u00e9n\u00e9raliser la mesure sur ce qu\u2019on a, de plus en plus, tendance \u00e0 appeler le grand Tunis \u00e9largi, c\u2019est-\u00e0-dire comprenant en plus des quatre gouvernorats du grand Tunis, ceux de Nabeul, de Zaghouan et de Bizerte.<\/p>\n<div class=\"swp_social_panel swp_horizontal_panel swp_flat_fresh swp_default_full_color swp_individual_full_color swp_other_full_color scale-100 scale-\" data-min-width=\"1100\" data-float-color=\"#ffffff\" data-float=\"bottom\" data-float-mobile=\"bottom\" data-transition=\"slide\">\n<div class=\"nc_tweetContainer swp_share_button total_shares total_sharesalt\"><span class=\"swp_count\">1 <span class=\"swp_label\">Partages<\/span><\/span><\/div>\n<\/div>\n<p><strong>Que se passe-t-il en Tunisie?<\/strong><br \/>Nous expliquons sur notre <a href=\"https:\/\/www.youtube.com\/channel\/UCRzypVq0B_yBad5eGrwBx0Q?sub_confirmation=1\" target=\"_blank\" rel=\"noopener noreferrer\">cha\u00eene YouTube<\/a> . <a href=\"https:\/\/www.youtube.com\/channel\/UCRzypVq0B_yBad5eGrwBx0Q?sub_confirmation=1\" target=\"_blank\" rel=\"noopener noreferrer\">Abonnez-vous!<\/a><\/p>\n<div class=\"mvp-org-wrap mvp-org-logo\" itemprop=\"publisher\" itemscope=\"\" itemtype=\"https:\/\/schema.org\/Organization\"><img decoding=\"async\" src=\"https:\/\/www.tunisienumerique.com\/wp-content\/uploads\/2017\/02\/logo_tunisie_numerique.png\"\/><\/div>\n<div class=\"mvp-related-posts left relative\">\n<h4 class=\"post-header\"><span class=\"post-header\">Lire aussi<\/span><\/h4>\n<\/div>\n<div id=\"article-ad\"><ins class=\"adsbygoogle c5\" data-ad-client=\"ca-pub-2102118777505746\" data-ad-slot=\"6513972734\" data-ad-format=\"auto\" data-full-width-responsive=\"true\"\/> <\/div>\n<\/div>\n<div id=\"post-sidebar-wrap\"><ins class=\"adsbygoogle c5\" data-ad-client=\"ca-pub-2102118777505746\" data-ad-slot=\"6168283410\" data-ad-format=\"auto\" data-full-width-responsive=\"true\"\/> <\/div>\n<p>Auteur: Saber .<br \/>\n<a href=\"https:\/\/www.tunisienumerique.com\/tunisie-couvre-feu-dans-le-grand-tunis-une-decision-qui-va-faire-exploser-le-nombre-dinfections-au-covid\/\">Cliquez ici pour lire l&rsquo;article depuis sa source.<\/a><\/p>\n","protected":false},"excerpt":{"rendered":"<p>Par Saber . \u00a0| Il y a 1 minute \ud83d\udd0a \u00c9coutez l&rsquo;article Le couvre feu vient d\u2019\u00eatre d\u00e9cr\u00e9t\u00e9, par le gouvernement, dans les quatre gouvernorats du grand Tunis. Cette mesure a \u00e9t\u00e9 prise, selon la pr\u00e9sidence du gouvernement, et sur proposition des experts m\u00e9dicaux, pour endiguer la trop forte circulation du coronavirus dans cette r\u00e9gion [&hellip;]<\/p>\n","protected":false},"author":1789,"featured_media":0,"comment_status":"closed","ping_status":"closed","sticky":false,"template":"","format":"standard","meta":{"fifu_image_url":"","fifu_image_alt":"","footnotes":""},"categories":[73,55],"tags":[],"class_list":["post-101134","post","type-post","status-publish","format-standard","hentry","category-actualite","category-tunisie"],"_links":{"self":[{"href":"https:\/\/linitiative.ca\/International\/wp-json\/wp\/v2\/posts\/101134","targetHints":{"allow":["GET"]}}],"collection":[{"href":"https:\/\/linitiative.ca\/International\/wp-json\/wp\/v2\/posts"}],"about":[{"href":"https:\/\/linitiative.ca\/International\/wp-json\/wp\/v2\/types\/post"}],"author":[{"embeddable":true,"href":"https:\/\/linitiative.ca\/International\/wp-json\/wp\/v2\/users\/1789"}],"replies":[{"embeddable":true,"href":"https:\/\/linitiative.ca\/International\/wp-json\/wp\/v2\/comments?post=101134"}],"version-history":[{"count":0,"href":"https:\/\/linitiative.ca\/International\/wp-json\/wp\/v2\/posts\/101134\/revisions"}],"wp:attachment":[{"href":"https:\/\/linitiative.ca\/International\/wp-json\/wp\/v2\/media?parent=101134"}],"wp:term":[{"taxonomy":"category","embeddable":true,"href":"https:\/\/linitiative.ca\/International\/wp-json\/wp\/v2\/categories?post=101134"},{"taxonomy":"post_tag","embeddable":true,"href":"https:\/\/linitiative.ca\/International\/wp-json\/wp\/v2\/tags?post=101134"}],"curies":[{"name":"wp","href":"https:\/\/api.w.org\/{rel}","templated":true}]}}