{"id":101137,"date":"2020-10-07T16:52:34","date_gmt":"2020-10-07T20:52:34","guid":{"rendered":"https:\/\/linitiative.ca\/International\/ordre-des-avocats-du-cameroun-une-femme-aux-commandes\/"},"modified":"2020-10-07T16:52:34","modified_gmt":"2020-10-07T20:52:34","slug":"ordre-des-avocats-du-cameroun-une-femme-aux-commandes","status":"publish","type":"post","link":"https:\/\/linitiative.ca\/International\/ordre-des-avocats-du-cameroun-une-femme-aux-commandes\/","title":{"rendered":"Ordre des avocats du Cameroun : une femme aux commandes"},"content":{"rendered":"<div readability=\"32\">\n<p>Publi\u00e9 le 07.10.2020 \u00e0 21h52 par JournalduCameroun.com<\/p>\n<\/div>\n<div readability=\"60\">\n<h2 class=\"c6\">Me Claire Atangana Bikouna a \u00e9t\u00e9 d\u00e9sign\u00e9e par ses pairs pour assurer l\u2019int\u00e9rim, apr\u00e8s la mort de Charles Tchakoute Patie, le B\u00e2tonnier de l\u2019Ordre.<\/h2>\n<p class=\"c7\">Avec 29 ans au compteur au <strong>Barreau du Cameroun<\/strong>, Me Claire Atangana Bikouna est la doyenne des avocats du Cameroun.<\/p>\n<p class=\"c7\">C\u2019est en accord avec les dispositions de la loi de 1990 r\u00e9gissant l\u2019activit\u00e9 des avocats au Cameroun qu\u2019une r\u00e9union du Conseil de l\u2019Ordre s\u2019est tenue ce jour \u00e0 Yaound\u00e9 \u00e0 l\u2019effet de d\u00e9signer un int\u00e9rimaire apr\u00e8s le d\u00e9c\u00e8s, le 3 octobre en France du B\u00e2tonnier de l\u2019Ordre.<\/p>\n<p class=\"c7\">Plus ancienne avocate de l\u2019Ordre, Me Claire Atangana Bikouna \u00e9tait jusque-l\u00e0 repr\u00e9sentante du B\u00e2tonnier pour les r\u00e9gions du Centre-Sud-Est.<\/p>\n<p class=\"c7\"><strong>Me Claire Atangana Bikouna<\/strong> int\u00e8gre le Barreau en 1991 apr\u00e8s des \u00e9tudes de droit \u00e0 Marseille. Son cabinet d\u2019avocat est sp\u00e9cialis\u00e9 dans le droit civil, l\u2019adoption internationale, l\u2019arbitrage, le droit p\u00e9nal, le droit du travail entre autres.<\/p>\n<p class=\"c7\">Membre du Conseil de l\u2019Ordre depuis 2015, elle va assurer la gestion des affaires courantes jusqu\u2019\u00e0 l\u2019\u00e9lection d\u2019un nouveau B\u00e2tonnier.<\/p>\n<p class=\"c7\">B\u00e2tonnier par int\u00e9rim d\u00e9sign\u00e9e par ses pairs ce mercredi la doyenne des avocats a pour mission de g\u00e9rer les affaires courantes jusqu\u2019\u00e0 l\u2019\u00e9lection du nouveau B\u00e2tonnier<\/p>\n<p class=\"c7\">Elle \u00e9tait jusqu\u2019\u00e0 sa d\u00e9signation repr\u00e9sentante du B\u00e2tonnier pour le Centre-Sud \u2013Est<\/p>\n<\/div>\n<p>Auteur: Ludovic Amara<br \/>\n<a href=\"https:\/\/www.journalducameroun.com\/ordre-des-avocats-du-cameroun-une-femme-aux-commandes-cameroun\/\">Cliquez ici pour lire l&rsquo;article depuis sa source.<\/a><\/p>\n","protected":false},"excerpt":{"rendered":"<p>Publi\u00e9 le 07.10.2020 \u00e0 21h52 par JournalduCameroun.com Me Claire Atangana Bikouna a \u00e9t\u00e9 d\u00e9sign\u00e9e par ses pairs pour assurer l\u2019int\u00e9rim, apr\u00e8s la mort de Charles Tchakoute Patie, le B\u00e2tonnier de l\u2019Ordre. Avec 29 ans au compteur au Barreau du Cameroun, Me Claire Atangana Bikouna est la doyenne des avocats du Cameroun. C\u2019est en accord avec [&hellip;]<\/p>\n","protected":false},"author":1965,"featured_media":0,"comment_status":"closed","ping_status":"closed","sticky":false,"template":"","format":"standard","meta":{"fifu_image_url":"","fifu_image_alt":"","footnotes":""},"categories":[73,82],"tags":[],"class_list":["post-101137","post","type-post","status-publish","format-standard","hentry","category-actualite","category-cameroun"],"_links":{"self":[{"href":"https:\/\/linitiative.ca\/International\/wp-json\/wp\/v2\/posts\/101137","targetHints":{"allow":["GET"]}}],"collection":[{"href":"https:\/\/linitiative.ca\/International\/wp-json\/wp\/v2\/posts"}],"about":[{"href":"https:\/\/linitiative.ca\/International\/wp-json\/wp\/v2\/types\/post"}],"author":[{"embeddable":true,"href":"https:\/\/linitiative.ca\/International\/wp-json\/wp\/v2\/users\/1965"}],"replies":[{"embeddable":true,"href":"https:\/\/linitiative.ca\/International\/wp-json\/wp\/v2\/comments?post=101137"}],"version-history":[{"count":0,"href":"https:\/\/linitiative.ca\/International\/wp-json\/wp\/v2\/posts\/101137\/revisions"}],"wp:attachment":[{"href":"https:\/\/linitiative.ca\/International\/wp-json\/wp\/v2\/media?parent=101137"}],"wp:term":[{"taxonomy":"category","embeddable":true,"href":"https:\/\/linitiative.ca\/International\/wp-json\/wp\/v2\/categories?post=101137"},{"taxonomy":"post_tag","embeddable":true,"href":"https:\/\/linitiative.ca\/International\/wp-json\/wp\/v2\/tags?post=101137"}],"curies":[{"name":"wp","href":"https:\/\/api.w.org\/{rel}","templated":true}]}}