{"id":101138,"date":"2020-10-07T16:56:53","date_gmt":"2020-10-07T20:56:53","guid":{"rendered":"https:\/\/linitiative.ca\/International\/cameroun-camair-co-va-reprendre-ses-vols\/"},"modified":"2020-10-07T16:56:53","modified_gmt":"2020-10-07T20:56:53","slug":"cameroun-camair-co-va-reprendre-ses-vols","status":"publish","type":"post","link":"https:\/\/linitiative.ca\/International\/cameroun-camair-co-va-reprendre-ses-vols\/","title":{"rendered":"Cameroun : Camair Co va reprendre ses vols"},"content":{"rendered":"<div readability=\"32\">\n<p>Publi\u00e9 le 07.10.2020 \u00e0 21h56 par JournalduCameroun.com<\/p>\n<\/div>\n<div readability=\"46\">\n<h2 class=\"c6\">La compagnie nationale de transport a\u00e9rien annonce que ses vols int\u00e9rieurs reprennent d\u00e8s le 12 octobre 2020.<\/h2>\n<p class=\"c7\">D\u00e8s le 12 octobre 2020, la <strong>Camair Co<\/strong> va de nouveau desservir les principales villes du Cameroun. C\u2019est ce que la compagnie a annonc\u00e9 ce 7 octobre 2020 sur son compte Facebook.<\/p>\n<p class=\"c7\">Plomb\u00e9e par les dettes, min\u00e9e par une guerre ouverte entre le Directeur g\u00e9n\u00e9ral et son adjoint, \u00a0ne disposant plus que d\u2019un avion MA 60 pour les liaisons internes, la Camair Co avait suspendu ses activit\u00e9s apr\u00e8s la d\u00e9couverte de cas de coronavirus au Cameroun.<\/p>\n<p class=\"c7\">A l\u2019instar des compagnies a\u00e9riennes mondiales, la Camair Co avec clou\u00e9 son seul avion au sol. Des informations non confirm\u00e9es officiellement ont fait \u00e9tat d\u2019un nouveau plan de restructuration instruit par le pr\u00e9sident de la R\u00e9publique et de l\u2019acquisition de nouveaux appareils.<\/p>\n<\/div>\n<p>Auteur: Ludovic Amara<br \/>\n<a href=\"https:\/\/www.journalducameroun.com\/cameroun-camair-co-va-reprendre-ses-vols-cameroun\/\">Cliquez ici pour lire l&rsquo;article depuis sa source.<\/a><\/p>\n","protected":false},"excerpt":{"rendered":"<p>Publi\u00e9 le 07.10.2020 \u00e0 21h56 par JournalduCameroun.com La compagnie nationale de transport a\u00e9rien annonce que ses vols int\u00e9rieurs reprennent d\u00e8s le 12 octobre 2020. D\u00e8s le 12 octobre 2020, la Camair Co va de nouveau desservir les principales villes du Cameroun. C\u2019est ce que la compagnie a annonc\u00e9 ce 7 octobre 2020 sur son compte [&hellip;]<\/p>\n","protected":false},"author":1965,"featured_media":0,"comment_status":"closed","ping_status":"closed","sticky":false,"template":"","format":"standard","meta":{"fifu_image_url":"","fifu_image_alt":"","footnotes":""},"categories":[73,82],"tags":[],"class_list":["post-101138","post","type-post","status-publish","format-standard","hentry","category-actualite","category-cameroun"],"_links":{"self":[{"href":"https:\/\/linitiative.ca\/International\/wp-json\/wp\/v2\/posts\/101138","targetHints":{"allow":["GET"]}}],"collection":[{"href":"https:\/\/linitiative.ca\/International\/wp-json\/wp\/v2\/posts"}],"about":[{"href":"https:\/\/linitiative.ca\/International\/wp-json\/wp\/v2\/types\/post"}],"author":[{"embeddable":true,"href":"https:\/\/linitiative.ca\/International\/wp-json\/wp\/v2\/users\/1965"}],"replies":[{"embeddable":true,"href":"https:\/\/linitiative.ca\/International\/wp-json\/wp\/v2\/comments?post=101138"}],"version-history":[{"count":0,"href":"https:\/\/linitiative.ca\/International\/wp-json\/wp\/v2\/posts\/101138\/revisions"}],"wp:attachment":[{"href":"https:\/\/linitiative.ca\/International\/wp-json\/wp\/v2\/media?parent=101138"}],"wp:term":[{"taxonomy":"category","embeddable":true,"href":"https:\/\/linitiative.ca\/International\/wp-json\/wp\/v2\/categories?post=101138"},{"taxonomy":"post_tag","embeddable":true,"href":"https:\/\/linitiative.ca\/International\/wp-json\/wp\/v2\/tags?post=101138"}],"curies":[{"name":"wp","href":"https:\/\/api.w.org\/{rel}","templated":true}]}}