{"id":101139,"date":"2020-10-07T17:02:21","date_gmt":"2020-10-07T21:02:21","guid":{"rendered":"https:\/\/linitiative.ca\/International\/cameroun-le-bir-offre-du-materiel-didactique-a-des-ecoles-a-waza-region-de-lextreme-nord\/"},"modified":"2020-10-07T17:02:21","modified_gmt":"2020-10-07T21:02:21","slug":"cameroun-le-bir-offre-du-materiel-didactique-a-des-ecoles-a-waza-region-de-lextreme-nord","status":"publish","type":"post","link":"https:\/\/linitiative.ca\/International\/cameroun-le-bir-offre-du-materiel-didactique-a-des-ecoles-a-waza-region-de-lextreme-nord\/","title":{"rendered":"Cameroun : le BIR offre du mat\u00e9riel didactique \u00e0 des \u00e9coles \u00e0 Waza, r\u00e9gion de l\u2019Extr\u00eame-nord"},"content":{"rendered":"<div readability=\"32\">\n<p>Publi\u00e9 le 07.10.2020 \u00e0 22h02 par JournalduCameroun.com<\/p>\n<\/div>\n<div readability=\"54\">\n<h2 class=\"c6\">Des dons qui font partie des actions civilo-militaire que m\u00e8ne r\u00e9guli\u00e8rement cette unit\u00e9 d\u2019\u00e9lite de l\u2019arm\u00e9e.<\/h2>\n<p class=\"c7\">Le <strong>Bataillon d\u2019intervention rapide<\/strong> (BIR) Zone Centre a mis \u00e0 la disposition du mat\u00e9riel didactique pour quatre \u00e9coles primaires et un lyc\u00e9e \u00e0 <strong>Waza<\/strong>, dans la r\u00e9gion de l\u2019Extr\u00eame-nord du Cameroun.<\/p>\n<p class=\"c7\">Ces \u00e9coles primaires publiques ont b\u00e9n\u00e9fici\u00e9 de tables banc, de masques de protection contre le coronavirus et d\u2019autres outils didactiques. Au lyc\u00e9e du coin, le BIR a r\u00e9habilit\u00e9 deux salles de classe.<\/p>\n<p class=\"c7\"><em>\u00a0\u00ab\u00a0Le BIR est venu nous aider. Il y avait eu des attaques et la population s\u2019est d\u00e9plac\u00e9e. Certains sont revenus \u00e0 cause de cette action du BIR\u00a0\u00bb,<\/em> fait savoir un responsable d\u2019\u00e9cole. Boukar Azi Abakar, proviseur du lyc\u00e9e de Waza a dit sa satisfaction\u00a0car de nombreux \u00e9l\u00e8ves ne pouvaient venir en cours faute de salles de classe.<\/p>\n<p class=\"c7\"><em>\u00ab\u00a0Nous montrons notre attachement \u00e0 la population, \u00e0 la jeunesse qui est l\u2019avenir de demain. La s\u00e9curit\u00e9 de notre pays va passer par la jeunesse\u00a0\u00bb<\/em>, explique le chef de Bataillon Sylvain Hepna du BIR Zone Centre.<\/p>\n<\/div>\n<p>Auteur: Ludovic Amara<br \/>\n<a href=\"https:\/\/www.journalducameroun.com\/cameroun-le-bir-offre-du-materiel-didactique-a-des-ecoles-a-waza-region-de-lextreme-nord-cameroun\/\">Cliquez ici pour lire l&rsquo;article depuis sa source.<\/a><\/p>\n","protected":false},"excerpt":{"rendered":"<p>Publi\u00e9 le 07.10.2020 \u00e0 22h02 par JournalduCameroun.com Des dons qui font partie des actions civilo-militaire que m\u00e8ne r\u00e9guli\u00e8rement cette unit\u00e9 d\u2019\u00e9lite de l\u2019arm\u00e9e. Le Bataillon d\u2019intervention rapide (BIR) Zone Centre a mis \u00e0 la disposition du mat\u00e9riel didactique pour quatre \u00e9coles primaires et un lyc\u00e9e \u00e0 Waza, dans la r\u00e9gion de l\u2019Extr\u00eame-nord du Cameroun. Ces [&hellip;]<\/p>\n","protected":false},"author":1965,"featured_media":0,"comment_status":"closed","ping_status":"closed","sticky":false,"template":"","format":"standard","meta":{"fifu_image_url":"","fifu_image_alt":"","footnotes":""},"categories":[73,82],"tags":[],"class_list":["post-101139","post","type-post","status-publish","format-standard","hentry","category-actualite","category-cameroun"],"_links":{"self":[{"href":"https:\/\/linitiative.ca\/International\/wp-json\/wp\/v2\/posts\/101139","targetHints":{"allow":["GET"]}}],"collection":[{"href":"https:\/\/linitiative.ca\/International\/wp-json\/wp\/v2\/posts"}],"about":[{"href":"https:\/\/linitiative.ca\/International\/wp-json\/wp\/v2\/types\/post"}],"author":[{"embeddable":true,"href":"https:\/\/linitiative.ca\/International\/wp-json\/wp\/v2\/users\/1965"}],"replies":[{"embeddable":true,"href":"https:\/\/linitiative.ca\/International\/wp-json\/wp\/v2\/comments?post=101139"}],"version-history":[{"count":0,"href":"https:\/\/linitiative.ca\/International\/wp-json\/wp\/v2\/posts\/101139\/revisions"}],"wp:attachment":[{"href":"https:\/\/linitiative.ca\/International\/wp-json\/wp\/v2\/media?parent=101139"}],"wp:term":[{"taxonomy":"category","embeddable":true,"href":"https:\/\/linitiative.ca\/International\/wp-json\/wp\/v2\/categories?post=101139"},{"taxonomy":"post_tag","embeddable":true,"href":"https:\/\/linitiative.ca\/International\/wp-json\/wp\/v2\/tags?post=101139"}],"curies":[{"name":"wp","href":"https:\/\/api.w.org\/{rel}","templated":true}]}}