{"id":101140,"date":"2020-10-07T17:10:36","date_gmt":"2020-10-07T21:10:36","guid":{"rendered":"https:\/\/linitiative.ca\/International\/cameroun-ils-voulaient-vendre-un-squelette-humain-a-15-millions-fcfa\/"},"modified":"2020-10-07T17:10:36","modified_gmt":"2020-10-07T21:10:36","slug":"cameroun-ils-voulaient-vendre-un-squelette-humain-a-15-millions-fcfa","status":"publish","type":"post","link":"https:\/\/linitiative.ca\/International\/cameroun-ils-voulaient-vendre-un-squelette-humain-a-15-millions-fcfa\/","title":{"rendered":"Cameroun : ils voulaient vendre un squelette humain \u00e0 15 millions FCFA"},"content":{"rendered":"<div readability=\"32\">\n<p>Publi\u00e9 le 07.10.2020 \u00e0 22h10 par JournalduCameroun.com<\/p>\n<\/div>\n<div readability=\"48\">\n<h2 class=\"c6\"><strong>Un gang de pr\u00e9sum\u00e9s trafiquants d\u2019ossements humains \u00a0a \u00e9t\u00e9 d\u00e9mantel\u00e9 \u00e0 Douala apr\u00e8s avoir exhum\u00e9 un corps dans la r\u00e9gion de l\u2019Ouest.<\/strong><\/h2>\n<p class=\"c7\">Quatre pr\u00e9sum\u00e9s <strong>trafiquants<\/strong> d\u2019<strong>ossements humains<\/strong> sont en ce moment en garde \u00e0 vue dans les cellules de la l\u00e9gion de gendarmerie du Littoral, \u00e0 Douala.<\/p>\n<p class=\"c7\">Selon les gendarmes, ils font partie d\u2019un gang de sept dont les trois autres sont en cavale. Ils sont accus\u00e9s d\u2019avoir exhum\u00e9 un squelette humain \u00e0 Kouptamo (d\u00e9partement du Noun, r\u00e9gion de l\u2019Ouest). Ils ont \u00e9t\u00e9 appr\u00e9hend\u00e9s alors qu\u2019ils essayaient de vendre ledit squelette \u00e0 15 millions FCFA selon leurs aveux, fait-on savoir \u00e0 la l\u00e9gion de gendarmerie.<\/p>\n<p class=\"c7\"><em>\u00ab\u00a0Ils ont reconnu les faits, explique l\u2019adjudant-chef Claude Njik\u00e9. Ils projetaient mettre ce squelette sur le march\u00e9 contre 15 millions FCFA<\/em>\u00a0\u00bb.\u00a0 D\u2019apr\u00e8s les analyses, le squelette appartient \u00e0 un homme d\u00e9c\u00e9d\u00e9 il y a trois ans.<\/p>\n<\/div>\n<p>Auteur: Ludovic Amara<br \/>\n<a href=\"https:\/\/www.journalducameroun.com\/cameroun-ils-voulaient-vendre-un-squelette-humain-a-15-millions-fcfa-cameroun\/\">Cliquez ici pour lire l&rsquo;article depuis sa source.<\/a><\/p>\n","protected":false},"excerpt":{"rendered":"<p>Publi\u00e9 le 07.10.2020 \u00e0 22h10 par JournalduCameroun.com Un gang de pr\u00e9sum\u00e9s trafiquants d\u2019ossements humains \u00a0a \u00e9t\u00e9 d\u00e9mantel\u00e9 \u00e0 Douala apr\u00e8s avoir exhum\u00e9 un corps dans la r\u00e9gion de l\u2019Ouest. Quatre pr\u00e9sum\u00e9s trafiquants d\u2019ossements humains sont en ce moment en garde \u00e0 vue dans les cellules de la l\u00e9gion de gendarmerie du Littoral, \u00e0 Douala. Selon [&hellip;]<\/p>\n","protected":false},"author":1965,"featured_media":0,"comment_status":"closed","ping_status":"closed","sticky":false,"template":"","format":"standard","meta":{"fifu_image_url":"","fifu_image_alt":"","footnotes":""},"categories":[73,82],"tags":[],"class_list":["post-101140","post","type-post","status-publish","format-standard","hentry","category-actualite","category-cameroun"],"_links":{"self":[{"href":"https:\/\/linitiative.ca\/International\/wp-json\/wp\/v2\/posts\/101140","targetHints":{"allow":["GET"]}}],"collection":[{"href":"https:\/\/linitiative.ca\/International\/wp-json\/wp\/v2\/posts"}],"about":[{"href":"https:\/\/linitiative.ca\/International\/wp-json\/wp\/v2\/types\/post"}],"author":[{"embeddable":true,"href":"https:\/\/linitiative.ca\/International\/wp-json\/wp\/v2\/users\/1965"}],"replies":[{"embeddable":true,"href":"https:\/\/linitiative.ca\/International\/wp-json\/wp\/v2\/comments?post=101140"}],"version-history":[{"count":0,"href":"https:\/\/linitiative.ca\/International\/wp-json\/wp\/v2\/posts\/101140\/revisions"}],"wp:attachment":[{"href":"https:\/\/linitiative.ca\/International\/wp-json\/wp\/v2\/media?parent=101140"}],"wp:term":[{"taxonomy":"category","embeddable":true,"href":"https:\/\/linitiative.ca\/International\/wp-json\/wp\/v2\/categories?post=101140"},{"taxonomy":"post_tag","embeddable":true,"href":"https:\/\/linitiative.ca\/International\/wp-json\/wp\/v2\/tags?post=101140"}],"curies":[{"name":"wp","href":"https:\/\/api.w.org\/{rel}","templated":true}]}}