{"id":101141,"date":"2020-10-07T18:03:43","date_gmt":"2020-10-07T22:03:43","guid":{"rendered":"https:\/\/linitiative.ca\/International\/covid-19-ramaphosa-salue-le-devouement-des-enseignants\/"},"modified":"2020-10-07T18:03:43","modified_gmt":"2020-10-07T22:03:43","slug":"covid-19-ramaphosa-salue-le-devouement-des-enseignants","status":"publish","type":"post","link":"https:\/\/linitiative.ca\/International\/covid-19-ramaphosa-salue-le-devouement-des-enseignants\/","title":{"rendered":"Covid-19: Ramaphosa salue le d\u00e9vouement des enseignants"},"content":{"rendered":"<div readability=\"32\">\n<p>Publi\u00e9 le 07.10.2020 \u00e0 23h18 par APA News<\/p>\n<\/div>\n<div readability=\"79\">\n<p>Le Pr\u00e9sident sud-africain, Cyril Ramaphosa a salu\u00e9 le d\u00e9vouement des enseignants du pays \u00e0 leur travail, malgr\u00e9 les risques encourus face \u00e0 la pand\u00e9mie de Covid-19.Ramaphosa faisait ces \u00e9loges mardi, lors des c\u00e9l\u00e9brations virtuelles du 30\u00e8me\u00a0anniversaire du Syndicat d\u00e9mocratique sud-africain des enseignants.<\/p>\n<p>\u00abVotre d\u00e9vouement au succ\u00e8s de nos enfants et \u00e0 l\u2019avenir de notre pays a \u00e9t\u00e9 prouv\u00e9 \u00e0 maintes reprises, mais plus encore pendant la pand\u00e9mie de Covid-19.<\/p>\n<p>\u00ab Dans l\u2019int\u00e9r\u00eat de nos enfants et de leurs progr\u00e8s scolaires, vous avez brav\u00e9 les dangers et les risques pos\u00e9s par la Covid-19 et vous \u00eates retourn\u00e9 en classe lorsqu\u2019on vous a demand\u00e9 de le faire \u00bb, a d\u00e9clar\u00e9 le pr\u00e9sident.<\/p>\n<p>Alors que le pays est toujours aux prises avec la pand\u00e9mie, Ramaphosa a assur\u00e9 aux enseignants que son gouvernement \u00e9tait \u00ab engag\u00e9 pour la s\u00e9curit\u00e9 de tous nos \u00e9ducateurs et apprenants, ainsi que de tout le personnel de soutien de notre environnement scolaire\u00a0\u00bb.<\/p>\n<p>Il a promis que le gouvernement continuerait de veiller \u00e0 ce que les enseignants disposent d\u2019un \u00e9quipement de protection individuelle ad\u00e9quat \u00ab et de tout le soutien dont ils ont besoin pour enseigner avec succ\u00e8s et en toute s\u00e9curit\u00e9 \u00bb.<\/p>\n<p>\u00ab De m\u00eame, je vous exhorte \u00e0 rester vigilant. Nous devons assurer notre s\u00e9curit\u00e9 et celle des autres en continuant \u00e0 observer \u00e0 tout momentn les r\u00e9glementations relatives \u00e0 la distanciation sociale et aux bons protocoles d\u2019hygi\u00e8ne.<\/p>\n<p>Les \u00e9coles sud-africaines ont rouvert par \u00e9tapes en septembre, alors que la pand\u00e9mie faisait encore rage, tuant plus de 17.000 personnes sur 682.215 cas confirm\u00e9s depuis mars, selon les derniers chiffres du minist\u00e8re de la Sant\u00e9.<\/p>\n<p>La province de Gauteng est rest\u00e9e l\u2019\u00e9picentre de la pand\u00e9mie, avec 221.061 cas depuis le d\u00e9but de l\u2019\u00e9pid\u00e9mie de mars.<\/p>\n<p>Elle est suivie par la province du KwaZulu-Natal, avec 119.694 cas, tandis que les provinces du Cap-Occidental et du Cap-Oriental en comptaient respectivement 111.517 et 89.964 cas mercredi.<\/p>\n<\/div>\n<p>Auteur: APA News<br \/>\n<a href=\"https:\/\/www.journalducameroun.com\/covid-19-ramaphosa-salue-le-devouement-des-enseignants\/\">Cliquez ici pour lire l&rsquo;article depuis sa source.<\/a><\/p>\n","protected":false},"excerpt":{"rendered":"<p>Publi\u00e9 le 07.10.2020 \u00e0 23h18 par APA News Le Pr\u00e9sident sud-africain, Cyril Ramaphosa a salu\u00e9 le d\u00e9vouement des enseignants du pays \u00e0 leur travail, malgr\u00e9 les risques encourus face \u00e0 la pand\u00e9mie de Covid-19.Ramaphosa faisait ces \u00e9loges mardi, lors des c\u00e9l\u00e9brations virtuelles du 30\u00e8me\u00a0anniversaire du Syndicat d\u00e9mocratique sud-africain des enseignants. \u00abVotre d\u00e9vouement au succ\u00e8s de [&hellip;]<\/p>\n","protected":false},"author":1965,"featured_media":0,"comment_status":"closed","ping_status":"closed","sticky":false,"template":"","format":"standard","meta":{"fifu_image_url":"","fifu_image_alt":"","footnotes":""},"categories":[73,82],"tags":[],"class_list":["post-101141","post","type-post","status-publish","format-standard","hentry","category-actualite","category-cameroun"],"_links":{"self":[{"href":"https:\/\/linitiative.ca\/International\/wp-json\/wp\/v2\/posts\/101141","targetHints":{"allow":["GET"]}}],"collection":[{"href":"https:\/\/linitiative.ca\/International\/wp-json\/wp\/v2\/posts"}],"about":[{"href":"https:\/\/linitiative.ca\/International\/wp-json\/wp\/v2\/types\/post"}],"author":[{"embeddable":true,"href":"https:\/\/linitiative.ca\/International\/wp-json\/wp\/v2\/users\/1965"}],"replies":[{"embeddable":true,"href":"https:\/\/linitiative.ca\/International\/wp-json\/wp\/v2\/comments?post=101141"}],"version-history":[{"count":0,"href":"https:\/\/linitiative.ca\/International\/wp-json\/wp\/v2\/posts\/101141\/revisions"}],"wp:attachment":[{"href":"https:\/\/linitiative.ca\/International\/wp-json\/wp\/v2\/media?parent=101141"}],"wp:term":[{"taxonomy":"category","embeddable":true,"href":"https:\/\/linitiative.ca\/International\/wp-json\/wp\/v2\/categories?post=101141"},{"taxonomy":"post_tag","embeddable":true,"href":"https:\/\/linitiative.ca\/International\/wp-json\/wp\/v2\/tags?post=101141"}],"curies":[{"name":"wp","href":"https:\/\/api.w.org\/{rel}","templated":true}]}}