{"id":101174,"date":"2020-10-08T11:23:34","date_gmt":"2020-10-08T15:23:34","guid":{"rendered":"https:\/\/linitiative.ca\/International\/miliana-commemoration-du-63eme-anniversaire-de-la-mort-dali-la-pointe\/"},"modified":"2020-10-08T11:23:34","modified_gmt":"2020-10-08T15:23:34","slug":"miliana-commemoration-du-63eme-anniversaire-de-la-mort-dali-la-pointe","status":"publish","type":"post","link":"https:\/\/linitiative.ca\/International\/miliana-commemoration-du-63eme-anniversaire-de-la-mort-dali-la-pointe\/","title":{"rendered":"Miliana : comm\u00e9moration du 63\u00e8me anniversaire de la mort d\u2019Ali la Pointe  \u00a0"},"content":{"rendered":"<div readability=\"35\">\n<p><strong>AIN DEFLA &#8211; La commune de Miliana (A\u00efn Defla) a comm\u00e9mor\u00e9 jeudi le 63\u00e8me anniversaire de la mort du chahid Ali Ammar, dit Ali la Pointe, tomb\u00e9 au champ d\u2019honneur le 8 octobre 1957.<\/strong><\/p>\n<\/div>\n<div readability=\"115.80034338975\">\n<p>Une gerbe de fleurs a \u00e9t\u00e9 d\u00e9pos\u00e9e au pied de la st\u00e8le \u00e9rig\u00e9e sur la place qui porte le nom du martyr au cours d\u2019une c\u00e9r\u00e9monie organis\u00e9e en pr\u00e9sence des moudjahidine de la r\u00e9gion et des autorit\u00e9s civiles et militaires de la wilaya, \u00e0 leur t\u00eate le wali, Embarek El Bar.<\/p>\n<blockquote readability=\"14\">\n<p><em><strong>Intervenant \u00e0 l\u2019occasion, Beldjouher Abdelkader, dit Kadi (74 ans), cousin d&rsquo;Ali la Pointe, a mis en exergue les qualit\u00e9s \u00ab\u00a0hors-pair\u00a0\u00bb de l\u2019illustre chahid, soutenant que ce dernier \u00e9tait, depuis sa tendre enfance, \u00ab\u00a0\u00e9pris de justice et de libert\u00e9.\u00a0\u00bb<\/strong><\/em><\/p>\n<\/blockquote>\n<p>\u00ab\u00a0Etant tout petit, il \u00e9tait connu pour son courage et son d\u00e9sir ardent de venir en aide aux plus faibles et aux plus d\u00e9munis parmi ces concitoyens\u00a0\u00bb, se rem\u00e9more-t-il, \u00e9tayant son affirmation par le fait qu\u2019\u00e0 la faveur du d\u00e9barquement am\u00e9ricain en Alg\u00e9rie lors de la deuxi\u00e8me guerre mondiale, \u00ab\u00a0Ali la Pointe n\u2019h\u00e9sitait pas \u00e0 sauter sur les camions militaires (empruntant alors le col de Miliana) pour en faire ressortir des vivres qu\u2019il jettera dans les champs avant de les distribuer \u00e0 la population affam\u00e9e.\u00a0\u00bb<\/p>\n<p>Sur son image de \u00ab\u00a0petit malfrat multir\u00e9cidiviste\u00a0\u00bb d\u2019avant la guerre de Lib\u00e9ration, Beldjouher Abdelkader a soulign\u00e9 que les autorit\u00e9s coloniales d\u2019alors avaient \u00ab\u00a0grandement exag\u00e9r\u00e9\u00a0\u00bb sur le sujet, affirmant qu\u2019Ali la Pointe d\u00e9testait \u00ab\u00a0la hogra\u00a0\u00bb (l&rsquo;injustice, n.d.l.r) comme la peste.<\/p>\n<blockquote readability=\"10\">\n<p><em><strong>\u00ab\u00a0Il \u00e9tait imbu de nif (fiert\u00e9 et honneur, n.d.l,r)\u00a0\u00bb, a-t-il assur\u00e9, faisant savoir que \u00ab\u00a0quiconque se sentait avoir fait l\u2019objet d\u2019une injustice accourrait vers lui pour \u00eatre prot\u00e9g\u00e9.\u00a0\u00bb<\/strong><\/em><\/p>\n<\/blockquote>\n<p>Pour ce septuag\u00e9naire, les jeunes doivent s\u2019inspirer des glorieux martyrs de la R\u00e9volution et \u00eatre convaincus, une bonne fois pour toutes, que l\u2019ind\u00e9pendance du pays a \u00e9t\u00e9 Arrach\u00e9e au prix de grands sacrifices.<\/p>\n<hr\/>\n<p><strong>Lire aussi:<\/strong>\u00a0<a href=\"\/proxy\/4efacd80\/http\/www.aps.dz\/regions\/95407-miliana-commemoration-du-62eme-anniversaire-de-la-mort-d-ali-la-pointe\">Miliana : comm\u00e9moration du 62\u00e8me anniversaire de la mort d\u2019Ali la Pointe<\/a><\/p>\n<hr\/>\n<p>Une exposition de photos retra\u00e7ant le parcours \u00e9logieux de l\u2019un des plus grands h\u00e9ros de la R\u00e9volution connu, notamment, pour avoir pris part \u00e0 la Bataille d&rsquo;Alger a \u00e9t\u00e9 organis\u00e9e \u00e0 l\u2019occasion au niveau du th\u00e9\u00e2tre Mahfoud Touahri de Miliana.<\/p>\n<p>Le volet acad\u00e9mique n\u2019a pas \u00e9t\u00e9 en reste de cette comm\u00e9moration \u00e0 la faveur de la conf\u00e9rence donn\u00e9 par Abdelkrim Bellila de l\u2019universit\u00e9 Djillali Bouna\u00e2ma de Kh\u00e9mis Miliana, lequel s\u2019est longuement attard\u00e9 sur les nombreuses facettes du combat h\u00e9ro\u00efque du martyr.<\/p>\n<p>A la fin de la c\u00e9r\u00e9monie comm\u00e9morative, des membres de la famille d\u2019Ali la Pointe ont a \u00e9t\u00e9 honor\u00e9s par le wali de A\u00efn Defla dans une ambiance empreinte de convivialit\u00e9 et de m\u00e9ditation.<\/p>\n<blockquote readability=\"13\">\n<p><em><strong>Combattant au courage et \u00e0 l\u2019audace exemplaires de la lutte de Lib\u00e9ration nationale, Ali Ammar (1930-1957), est principalement connu pour sa participation \u00e0 la Bataille d\u2019Alger aux c\u00f4t\u00e9s de Hassiba Ben Bouali, Zohra Drif, Omar Yacef (dit petit Omar) et Yacef Sa\u00e2di, alors chef de la Zone autonome d\u2019Alger (ZAA).<\/strong><\/em><\/p>\n<\/blockquote>\n<p>En 1952, Ali Ammar, alors \u00e2g\u00e9 de 22 ans, est incarc\u00e9r\u00e9 \u00e0 la prison de Damiette (M\u00e9d\u00e9a). Trois ann\u00e9es plus tard, le 2 avril 1955, il s\u2019\u00e9vade en compagnie de l\u2019un de ses compagnons de cellule.<\/p>\n<p>Il prit, dans un premier temps, la direction de Blida puis r\u00e9ussit \u00e0 rallier Alger o\u00f9 il entra en clandestinit\u00e9.<\/p>\n<blockquote readability=\"13\">\n<p><em><strong>Apr\u00e8s plusieurs tests et mises \u00e0 l\u2019\u00e9preuve qui consistaient \u00e0 mener des missions p\u00e9rilleuses dans la capitale, quadrill\u00e9e alors par les parachutistes du g\u00e9n\u00e9ral Massu, notamment des attentats contre des gendarmes, Ali la pointe constitua avec un groupe de fiday\u00een, dont font partie Hassiba Ben Bouali et Abderrahmane Taleb, un commando de choc qui alla porter le combat au c\u0153ur m\u00eame de l\u2019\u00e9tat-major fran\u00e7ais.<\/strong><\/em><\/p>\n<\/blockquote>\n<p>Apr\u00e8s trois ann\u00e9es de lutte arm\u00e9e (avril 1955-octobre 1957), Ali Ammar est rep\u00e9r\u00e9 le 8 octobre 1957 par les forces arm\u00e9es coloniales dans un immeuble de la Casbah.<\/p>\n<p>Il est tomb\u00e9 en martyr avec Mahmoud Bouhamidi, Hassiba Ben Bouali et Omar Yacef apr\u00e8s que les parachutistes du 3e R\u00e9giment (REP) command\u00e9 par le colonel Bigeard eurent dynamit\u00e9 la maison o\u00f9 ils s\u2019\u00e9taient r\u00e9fugi\u00e9s.<\/p>\n<\/div>\n<p>Auteur:<br \/>\n<a href=\"http:\/\/www.aps.dz\/regions\/110736-miliana-commemoration-du-63eme-anniversaire-de-la-mort-d-ali-la-pointe\">Cliquez ici pour lire l&rsquo;article depuis sa source.<\/a><\/p>\n","protected":false},"excerpt":{"rendered":"<p>AIN DEFLA &#8211; La commune de Miliana (A\u00efn Defla) a comm\u00e9mor\u00e9 jeudi le 63\u00e8me anniversaire de la mort du chahid Ali Ammar, dit Ali la Pointe, tomb\u00e9 au champ d\u2019honneur le 8 octobre 1957. Une gerbe de fleurs a \u00e9t\u00e9 d\u00e9pos\u00e9e au pied de la st\u00e8le \u00e9rig\u00e9e sur la place qui porte le nom du [&hellip;]<\/p>\n","protected":false},"author":1790,"featured_media":0,"comment_status":"closed","ping_status":"closed","sticky":false,"template":"","format":"standard","meta":{"fifu_image_url":"","fifu_image_alt":"","footnotes":""},"categories":[53,76],"tags":[],"class_list":["post-101174","post","type-post","status-publish","format-standard","hentry","category-algerie","category-regions"],"_links":{"self":[{"href":"https:\/\/linitiative.ca\/International\/wp-json\/wp\/v2\/posts\/101174","targetHints":{"allow":["GET"]}}],"collection":[{"href":"https:\/\/linitiative.ca\/International\/wp-json\/wp\/v2\/posts"}],"about":[{"href":"https:\/\/linitiative.ca\/International\/wp-json\/wp\/v2\/types\/post"}],"author":[{"embeddable":true,"href":"https:\/\/linitiative.ca\/International\/wp-json\/wp\/v2\/users\/1790"}],"replies":[{"embeddable":true,"href":"https:\/\/linitiative.ca\/International\/wp-json\/wp\/v2\/comments?post=101174"}],"version-history":[{"count":0,"href":"https:\/\/linitiative.ca\/International\/wp-json\/wp\/v2\/posts\/101174\/revisions"}],"wp:attachment":[{"href":"https:\/\/linitiative.ca\/International\/wp-json\/wp\/v2\/media?parent=101174"}],"wp:term":[{"taxonomy":"category","embeddable":true,"href":"https:\/\/linitiative.ca\/International\/wp-json\/wp\/v2\/categories?post=101174"},{"taxonomy":"post_tag","embeddable":true,"href":"https:\/\/linitiative.ca\/International\/wp-json\/wp\/v2\/tags?post=101174"}],"curies":[{"name":"wp","href":"https:\/\/api.w.org\/{rel}","templated":true}]}}