{"id":101183,"date":"2020-10-08T15:13:12","date_gmt":"2020-10-08T19:13:12","guid":{"rendered":"https:\/\/linitiative.ca\/International\/pros-le-real-betis-passe-a-laction-pour-la-prolongation-de-mandi\/"},"modified":"2020-10-08T15:13:12","modified_gmt":"2020-10-08T19:13:12","slug":"pros-le-real-betis-passe-a-laction-pour-la-prolongation-de-mandi","status":"publish","type":"post","link":"https:\/\/linitiative.ca\/International\/pros-le-real-betis-passe-a-laction-pour-la-prolongation-de-mandi\/","title":{"rendered":"Pros : Le Real B\u00e9tis passe \u00e0 l\u2019action pour la prolongation de Mandi"},"content":{"rendered":"<div readability=\"32\">\n<p>Auteur : <span>Riad Ouenzar<\/span> <span class=\"time\">jeudi 08 octobre 2020 16:49<\/span><\/p>\n<\/div>\n<div id=\"post_core\" readability=\"39\">\n<p>A en croire la presse espagnole, la direction du Real B\u00e9tis serait pass\u00e9e \u00e0 l\u2019action pour prolonger le contrat de son joueur Alg\u00e9rien, Aissa Mandi. Sous contrat avec le Real B\u00e9tis jusqu\u2019en 2021, Mandi est convoit\u00e9 par de nombreux clubs europ\u00e9ens. Du coup, la direction du club andalou souhaite prolonger le contrat de Mandi de trois saisons suppl\u00e9mentaires.<\/p>\n<p><strong>Publi\u00e9 dans :<\/strong> <span>Mandi<\/span><\/p>\n<\/div>\n<p>Auteur:<br \/>\n<a href=\"http:\/\/www.lebuteur.com\/article\/detail?titre=le-real-betis-passe-a-laction-pour-la-prolongation-de-mandi&#038;id=97543&#038;utm_source=feedburner&#038;utm_medium=feed&#038;utm_campaign=Feed%3A+GalerieFArtciles+%28Les+derniers+articles++-+lebuteur.com%29\">Cliquez ici pour lire l&rsquo;article depuis sa source.<\/a><\/p>\n","protected":false},"excerpt":{"rendered":"<p>Auteur : Riad Ouenzar jeudi 08 octobre 2020 16:49 A en croire la presse espagnole, la direction du Real B\u00e9tis serait pass\u00e9e \u00e0 l\u2019action pour prolonger le contrat de son joueur Alg\u00e9rien, Aissa Mandi. Sous contrat avec le Real B\u00e9tis jusqu\u2019en 2021, Mandi est convoit\u00e9 par de nombreux clubs europ\u00e9ens. Du coup, la direction du [&hellip;]<\/p>\n","protected":false},"author":1738,"featured_media":101184,"comment_status":"closed","ping_status":"closed","sticky":false,"template":"","format":"standard","meta":{"fifu_image_url":"","fifu_image_alt":"","footnotes":""},"categories":[53,75],"tags":[],"class_list":["post-101183","post","type-post","status-publish","format-standard","has-post-thumbnail","hentry","category-algerie","category-sport"],"_links":{"self":[{"href":"https:\/\/linitiative.ca\/International\/wp-json\/wp\/v2\/posts\/101183","targetHints":{"allow":["GET"]}}],"collection":[{"href":"https:\/\/linitiative.ca\/International\/wp-json\/wp\/v2\/posts"}],"about":[{"href":"https:\/\/linitiative.ca\/International\/wp-json\/wp\/v2\/types\/post"}],"author":[{"embeddable":true,"href":"https:\/\/linitiative.ca\/International\/wp-json\/wp\/v2\/users\/1738"}],"replies":[{"embeddable":true,"href":"https:\/\/linitiative.ca\/International\/wp-json\/wp\/v2\/comments?post=101183"}],"version-history":[{"count":0,"href":"https:\/\/linitiative.ca\/International\/wp-json\/wp\/v2\/posts\/101183\/revisions"}],"wp:featuredmedia":[{"embeddable":true,"href":"https:\/\/linitiative.ca\/International\/wp-json\/"}],"wp:attachment":[{"href":"https:\/\/linitiative.ca\/International\/wp-json\/wp\/v2\/media?parent=101183"}],"wp:term":[{"taxonomy":"category","embeddable":true,"href":"https:\/\/linitiative.ca\/International\/wp-json\/wp\/v2\/categories?post=101183"},{"taxonomy":"post_tag","embeddable":true,"href":"https:\/\/linitiative.ca\/International\/wp-json\/wp\/v2\/tags?post=101183"}],"curies":[{"name":"wp","href":"https:\/\/api.w.org\/{rel}","templated":true}]}}