{"id":101185,"date":"2020-10-08T15:13:14","date_gmt":"2020-10-08T19:13:14","guid":{"rendered":"https:\/\/linitiative.ca\/International\/pros-west-ham-veut-boucler-le-transfert-de-benrahma-avant-le-16-octobre\/"},"modified":"2020-10-08T15:13:14","modified_gmt":"2020-10-08T19:13:14","slug":"pros-west-ham-veut-boucler-le-transfert-de-benrahma-avant-le-16-octobre","status":"publish","type":"post","link":"https:\/\/linitiative.ca\/International\/pros-west-ham-veut-boucler-le-transfert-de-benrahma-avant-le-16-octobre\/","title":{"rendered":"Pros : West Ham veut boucler le transfert de Benrahma avant le 16 octobre"},"content":{"rendered":"<div readability=\"32\">\n<p>Auteur : <span>Riad Ouenzar<\/span> <span class=\"time\">jeudi 08 octobre 2020 16:50<\/span><\/p>\n<\/div>\n<div id=\"post_core\" readability=\"37\">\n<p>A en croire la presse anglaise, la direction de West Ham souhaite boucler le transfert de Sa\u00efd Benrahma avant la fin du mercato estival pr\u00e9vu le 16 de ce mois. Selon la m\u00eame source toujours, Benrahma serait la priorit\u00e9 des Hammers en raison des difficult\u00e9s \u00e9prouv\u00e9es par l\u2019\u00e9quipe en ce d\u00e9but de saison.<\/p>\n<p><strong>Publi\u00e9 dans :<\/strong> <span>Benrahma<\/span><\/p>\n<\/div>\n<p>Auteur:<br \/>\n<a href=\"http:\/\/www.lebuteur.com\/article\/detail?titre=west-ham-veut-boucler-le-transfert-de-benrahma-avant-le-16-octobre&#038;id=97545&#038;utm_source=feedburner&#038;utm_medium=feed&#038;utm_campaign=Feed%3A+GalerieFArtciles+%28Les+derniers+articles++-+lebuteur.com%29\">Cliquez ici pour lire l&rsquo;article depuis sa source.<\/a><\/p>\n","protected":false},"excerpt":{"rendered":"<p>Auteur : Riad Ouenzar jeudi 08 octobre 2020 16:50 A en croire la presse anglaise, la direction de West Ham souhaite boucler le transfert de Sa\u00efd Benrahma avant la fin du mercato estival pr\u00e9vu le 16 de ce mois. Selon la m\u00eame source toujours, Benrahma serait la priorit\u00e9 des Hammers en raison des difficult\u00e9s \u00e9prouv\u00e9es [&hellip;]<\/p>\n","protected":false},"author":1738,"featured_media":101186,"comment_status":"closed","ping_status":"closed","sticky":false,"template":"","format":"standard","meta":{"fifu_image_url":"","fifu_image_alt":"","footnotes":""},"categories":[53,75],"tags":[],"class_list":["post-101185","post","type-post","status-publish","format-standard","has-post-thumbnail","hentry","category-algerie","category-sport"],"_links":{"self":[{"href":"https:\/\/linitiative.ca\/International\/wp-json\/wp\/v2\/posts\/101185","targetHints":{"allow":["GET"]}}],"collection":[{"href":"https:\/\/linitiative.ca\/International\/wp-json\/wp\/v2\/posts"}],"about":[{"href":"https:\/\/linitiative.ca\/International\/wp-json\/wp\/v2\/types\/post"}],"author":[{"embeddable":true,"href":"https:\/\/linitiative.ca\/International\/wp-json\/wp\/v2\/users\/1738"}],"replies":[{"embeddable":true,"href":"https:\/\/linitiative.ca\/International\/wp-json\/wp\/v2\/comments?post=101185"}],"version-history":[{"count":0,"href":"https:\/\/linitiative.ca\/International\/wp-json\/wp\/v2\/posts\/101185\/revisions"}],"wp:featuredmedia":[{"embeddable":true,"href":"https:\/\/linitiative.ca\/International\/wp-json\/"}],"wp:attachment":[{"href":"https:\/\/linitiative.ca\/International\/wp-json\/wp\/v2\/media?parent=101185"}],"wp:term":[{"taxonomy":"category","embeddable":true,"href":"https:\/\/linitiative.ca\/International\/wp-json\/wp\/v2\/categories?post=101185"},{"taxonomy":"post_tag","embeddable":true,"href":"https:\/\/linitiative.ca\/International\/wp-json\/wp\/v2\/tags?post=101185"}],"curies":[{"name":"wp","href":"https:\/\/api.w.org\/{rel}","templated":true}]}}