{"id":101187,"date":"2020-10-08T15:13:18","date_gmt":"2020-10-08T19:13:18","guid":{"rendered":"https:\/\/linitiative.ca\/International\/equipe-dalgerie-un-trio-arbitral-autrichien-pour-algerie-nigeria\/"},"modified":"2020-10-08T15:13:18","modified_gmt":"2020-10-08T19:13:18","slug":"equipe-dalgerie-un-trio-arbitral-autrichien-pour-algerie-nigeria","status":"publish","type":"post","link":"https:\/\/linitiative.ca\/International\/equipe-dalgerie-un-trio-arbitral-autrichien-pour-algerie-nigeria\/","title":{"rendered":"Equipe d&rsquo;Alg\u00e9rie : Un trio arbitral autrichien pour Alg\u00e9rie-Nigeria"},"content":{"rendered":"<div readability=\"32\">\n<p>Auteur : <span>APS<\/span> <span class=\"time\">jeudi 08 octobre 2020 16:52<\/span><\/p>\n<\/div>\n<div id=\"post_core\" readability=\"41\">\n<p>La rencontre amicale qui opposera la s\u00e9lection alg\u00e9rienne \u00e0 son homologue nig\u00e9riane, vendredi \u00e0 Klagenfurt, en Autriche (19h30 alg\u00e9riennes) sera offici\u00e9e par un trio arbitral autrichien, a indiqu\u00e9 jeudi la F\u00e9d\u00e9ration alg\u00e9rienne de football (FAF) sur son site internet. Cette rencontre a \u00e9t\u00e9 confi\u00e9e \u00e0 Manuel Sch\u00fcttengruber, assist\u00e9 de ses compatriotes Roland Brandner (1er assistant) et Sara Telek (2e assistante). Il s&rsquo;agit de la premi\u00e8re sortie des hommes de Djamel Belmadi depuis le 18 novembre 2019 quand ils avaient affront\u00e9 le Botswana \u00e0 Gaborone dans le cadre des \u00e9liminatoires de la CAN-2021 (victoire 1-0). Outre le Nigeria, les \u00a0\u00bbVerts\u00a0\u00bb affronteront le Mexique mardi prochain au Cars-Jeans Stadion de La Haye, aux Pays-Bas (20h00 alg\u00e9riennes) pour un second match amical.<\/p>\n<p><strong>Publi\u00e9 dans :<\/strong> <span>en<\/span><\/p>\n<\/div>\n<p>Auteur:<br \/>\n<a href=\"http:\/\/www.lebuteur.com\/article\/detail?titre=un-trio-arbitral-autrichien-pour-algerie-nigeria&#038;id=97546&#038;utm_source=feedburner&#038;utm_medium=feed&#038;utm_campaign=Feed%3A+GalerieFArtciles+%28Les+derniers+articles++-+lebuteur.com%29\">Cliquez ici pour lire l&rsquo;article depuis sa source.<\/a><\/p>\n","protected":false},"excerpt":{"rendered":"<p>Auteur : APS jeudi 08 octobre 2020 16:52 La rencontre amicale qui opposera la s\u00e9lection alg\u00e9rienne \u00e0 son homologue nig\u00e9riane, vendredi \u00e0 Klagenfurt, en Autriche (19h30 alg\u00e9riennes) sera offici\u00e9e par un trio arbitral autrichien, a indiqu\u00e9 jeudi la F\u00e9d\u00e9ration alg\u00e9rienne de football (FAF) sur son site internet. Cette rencontre a \u00e9t\u00e9 confi\u00e9e \u00e0 Manuel Sch\u00fcttengruber, [&hellip;]<\/p>\n","protected":false},"author":1738,"featured_media":101188,"comment_status":"closed","ping_status":"closed","sticky":false,"template":"","format":"standard","meta":{"fifu_image_url":"","fifu_image_alt":"","footnotes":""},"categories":[53,75],"tags":[],"class_list":["post-101187","post","type-post","status-publish","format-standard","has-post-thumbnail","hentry","category-algerie","category-sport"],"_links":{"self":[{"href":"https:\/\/linitiative.ca\/International\/wp-json\/wp\/v2\/posts\/101187","targetHints":{"allow":["GET"]}}],"collection":[{"href":"https:\/\/linitiative.ca\/International\/wp-json\/wp\/v2\/posts"}],"about":[{"href":"https:\/\/linitiative.ca\/International\/wp-json\/wp\/v2\/types\/post"}],"author":[{"embeddable":true,"href":"https:\/\/linitiative.ca\/International\/wp-json\/wp\/v2\/users\/1738"}],"replies":[{"embeddable":true,"href":"https:\/\/linitiative.ca\/International\/wp-json\/wp\/v2\/comments?post=101187"}],"version-history":[{"count":0,"href":"https:\/\/linitiative.ca\/International\/wp-json\/wp\/v2\/posts\/101187\/revisions"}],"wp:featuredmedia":[{"embeddable":true,"href":"https:\/\/linitiative.ca\/International\/wp-json\/"}],"wp:attachment":[{"href":"https:\/\/linitiative.ca\/International\/wp-json\/wp\/v2\/media?parent=101187"}],"wp:term":[{"taxonomy":"category","embeddable":true,"href":"https:\/\/linitiative.ca\/International\/wp-json\/wp\/v2\/categories?post=101187"},{"taxonomy":"post_tag","embeddable":true,"href":"https:\/\/linitiative.ca\/International\/wp-json\/wp\/v2\/tags?post=101187"}],"curies":[{"name":"wp","href":"https:\/\/api.w.org\/{rel}","templated":true}]}}