{"id":101203,"date":"2020-10-08T06:36:00","date_gmt":"2020-10-08T10:36:00","guid":{"rendered":"https:\/\/linitiative.ca\/International\/qui-est-rached-ben-romdhane-le-nouveau-conseiller-de-hichem-mechichi\/"},"modified":"2020-10-08T06:36:00","modified_gmt":"2020-10-08T10:36:00","slug":"qui-est-rached-ben-romdhane-le-nouveau-conseiller-de-hichem-mechichi","status":"publish","type":"post","link":"https:\/\/linitiative.ca\/International\/qui-est-rached-ben-romdhane-le-nouveau-conseiller-de-hichem-mechichi\/","title":{"rendered":"Qui est Rached Ben Romdhane, le nouveau conseiller de Hichem Mechichi?"},"content":{"rendered":"<p>Rached Ben Romdhane, 52 ans, juriste, \u00e9narque (cycle sup\u00e9rieur de l\u2019ENA, et cycle long de l\u2019ENA France), et auditeur \u00e0 l\u2019Institut de d\u00e9fense nationale (IDN). Hormis un bref passage de neuf ans \u00e0 la t\u00eate de l\u2019Office national de l\u2019assainissement (ONAS, de septembre 2014 \u00e0 mai 2015), il a toujours \u00e9t\u00e9 un homme de cabinets minist\u00e9riels.<\/p>\n<p>D\u00e8s 2014, il avait dirig\u00e9 le cabinet de Karim Jamoussi, alors secr\u00e9taire d\u2019Etat aupr\u00e8s du ministre de l\u2019Economie, charg\u00e9 des Domaines de l\u2019Etat. Avec l\u2019av\u00e8nement du gouvernement Habib Essid, il rejoindra Zied Ladhari\u00a0 au minist\u00e8re du D\u00e9veloppement, de l\u2019Investissement et de la Coop\u00e9ration internationale (MDCI) d\u2019abord en qualit\u00e9 de charg\u00e9 de mission puis de chef de cabinet (2015-2017). Il exercera ces m\u00eames fonctions aupr\u00e8s de Riadh Mouakhar\u00a0 au minist\u00e8re des Affaires locales et de l\u2019Environnement. Il le suivra d\u2019ailleurs \u00e0 la pr\u00e9sidence du gouvernement, lorsque Mouakhar sera nomm\u00e9 secr\u00e9taire g\u00e9n\u00e9ral du gouvernement.<\/p>\n<p>Ceux qui connaissent bien Rached Ben Romdhane disent de lui qu\u2019il a le d\u00e9faut de l\u2019une de ses qualit\u00e9s majeures. Il a toujours une interpr\u00e9tation positive des questions qui lui sont pos\u00e9es, quitte \u00e0 d\u00e9fendre \u00e2prement son point de vue, au risque de bousculer les choses. Vu son p\u00e9rim\u00e8tre d\u2019intervention au titre de ses nouvelles fonctions aupr\u00e8s de Mechichi, il sera sans doute un membre cl\u00e9 de l\u2019\u00e9quipe rapproch\u00e9e du Chef du gouvernement, devant faire aboutir des dossiers parmi les plus chauds, tels que celui d\u2019El Kamour ou du bassin minier.<\/p>\n<p class=\"c2\"><strong><a href=\"https:\/\/www.leaders.com.tn\/le_mensuel_abonnez_vous\" target=\"_blank\" rel=\"noopener noreferrer\"><img loading=\"lazy\" decoding=\"async\" src=\"\/uploads\/FCK_files\/Bandeau-Leaders(1).jpg\" alt=\"\" width=\"500\" vspace=\"5\" hspace=\"5\" height=\"128\" align=\"middle\"\/><\/a><\/strong><br \/>\u00a0<\/p>\n<p>Auteur:<br \/>\n<a href=\"https:\/\/www.leaders.com.tn\/article\/30706-qui-est-rached-ben-romdhane-le-nouveau-conseiller-de-hichem-mechichi\">Cliquez ici pour lire l&rsquo;article depuis sa source.<\/a><\/p>\n","protected":false},"excerpt":{"rendered":"<p>Rached Ben Romdhane, 52 ans, juriste, \u00e9narque (cycle sup\u00e9rieur de l\u2019ENA, et cycle long de l\u2019ENA France), et auditeur \u00e0 l\u2019Institut de d\u00e9fense nationale (IDN). Hormis un bref passage de neuf ans \u00e0 la t\u00eate de l\u2019Office national de l\u2019assainissement (ONAS, de septembre 2014 \u00e0 mai 2015), il a toujours \u00e9t\u00e9 un homme de cabinets [&hellip;]<\/p>\n","protected":false},"author":1772,"featured_media":101204,"comment_status":"closed","ping_status":"closed","sticky":false,"template":"","format":"standard","meta":{"fifu_image_url":"","fifu_image_alt":"","footnotes":""},"categories":[73,55],"tags":[],"class_list":["post-101203","post","type-post","status-publish","format-standard","has-post-thumbnail","hentry","category-actualite","category-tunisie"],"_links":{"self":[{"href":"https:\/\/linitiative.ca\/International\/wp-json\/wp\/v2\/posts\/101203","targetHints":{"allow":["GET"]}}],"collection":[{"href":"https:\/\/linitiative.ca\/International\/wp-json\/wp\/v2\/posts"}],"about":[{"href":"https:\/\/linitiative.ca\/International\/wp-json\/wp\/v2\/types\/post"}],"author":[{"embeddable":true,"href":"https:\/\/linitiative.ca\/International\/wp-json\/wp\/v2\/users\/1772"}],"replies":[{"embeddable":true,"href":"https:\/\/linitiative.ca\/International\/wp-json\/wp\/v2\/comments?post=101203"}],"version-history":[{"count":0,"href":"https:\/\/linitiative.ca\/International\/wp-json\/wp\/v2\/posts\/101203\/revisions"}],"wp:featuredmedia":[{"embeddable":true,"href":"https:\/\/linitiative.ca\/International\/wp-json\/"}],"wp:attachment":[{"href":"https:\/\/linitiative.ca\/International\/wp-json\/wp\/v2\/media?parent=101203"}],"wp:term":[{"taxonomy":"category","embeddable":true,"href":"https:\/\/linitiative.ca\/International\/wp-json\/wp\/v2\/categories?post=101203"},{"taxonomy":"post_tag","embeddable":true,"href":"https:\/\/linitiative.ca\/International\/wp-json\/wp\/v2\/tags?post=101203"}],"curies":[{"name":"wp","href":"https:\/\/api.w.org\/{rel}","templated":true}]}}