{"id":101222,"date":"2020-10-08T16:05:30","date_gmt":"2020-10-08T20:05:30","guid":{"rendered":"https:\/\/linitiative.ca\/International\/liberation-de-prisonniers-politiques-au-mali\/"},"modified":"2020-10-08T16:05:30","modified_gmt":"2020-10-08T20:05:30","slug":"liberation-de-prisonniers-politiques-au-mali","status":"publish","type":"post","link":"https:\/\/linitiative.ca\/International\/liberation-de-prisonniers-politiques-au-mali\/","title":{"rendered":"LIBERATION DE PRISONNIERS  POLITIQUES AU MALI"},"content":{"rendered":"<div class=\"stream-item stream-item-above-post-content\">\n<p><noscript><\/p>\n<p><a href=\"\/\/www3.smartadserver.com\/ac?jump=1&amp;nwid=2136&amp;siteid=240610&amp;pgname=rg&amp;fmtid=49046&amp;visit=m&amp;tmstp=[timestamp]&amp;out=nonrich\" target=\"_blank\" rel=\"noopener noreferrer\"><img decoding=\"async\" src=\"http:\/\/www3.smartadserver.com\/ac?out=nonrich&amp;nwid=2136&amp;siteid=240610&amp;pgname=rg&amp;fmtid=49046&amp;visit=m&amp;tmstp=[timestamp]\" border=\"0\" alt=\"\"\/><\/a><\/p>\n<p><\/noscript><\/div>\n<p class=\"c3\"><em>Objets d\u2019arrestations extrajudiciaires lors du coup d\u2019Etat du 18 ao\u00fbt dernier qui a renvers\u00e9 le pr\u00e9sident Ibrahim Boubacar K\u00e9\u00efta (IBK), douze personnalit\u00e9s de l\u2019ancien r\u00e9gime ont \u00e9t\u00e9 lib\u00e9r\u00e9es par les putschistes de Kati, le 7 octobre dernier. Au nombre de ces ex-prisonniers politiques, figurent l\u2019ancien Premier ministre, Boubou Ciss\u00e9, l\u2019ancien pr\u00e9sident de l\u2019Assembl\u00e9e nationale, Moussa Timbin\u00e9 et les ex-ministres de la S\u00e9curit\u00e9 et de la d\u00e9fense, dont on imagine ais\u00e9ment le soulagement et la joie de regagner leurs familles respectives.<\/em> <em>Le moins que l\u2019on puisse dire, c\u2019est que depuis son intrusion diversement appr\u00e9ci\u00e9e sur la sc\u00e8ne politique malienne, la junte militaire multiplie les gestes de bonne volont\u00e9 pour m\u00e9riter non seulement la confiance des Maliens, mais aussi celle de la communaut\u00e9 internationale \u00e0 travers notamment la CEDEAO qui s\u2019est imm\u00e9diatement dress\u00e9e contre elle. D\u2019autant que l\u2019institution sous-r\u00e9gionale ne cachait pas son scepticisme, attendant d\u2019avoir davantage de gages des putschistes avant de desserrer l\u2019\u00e9tau des sanctions prises dans la foul\u00e9e contre le Mali.<\/em><\/p>\n<p class=\"c3\"><em>\u00a0<\/em><\/p>\n<p class=\"c4\"><strong><em>Reste maintenant la question de la dissolution officielle du CNSP<\/em><\/strong><\/p>\n<p class=\"c4\"><strong><em>\u00a0<\/em><\/strong><\/p>\n<p class=\"c3\"><em>En tout cas, apr\u00e8s la nomination, conform\u00e9ment aux exigences de la CEDEAO,\u00a0 d\u2019un Premier ministre civil \u00e0 la suite de la d\u00e9signation de l\u2019officier de r\u00e9serve, Bah N\u2019Daw, \u00e0 la t\u00eate de la Transition, ces lib\u00e9rations de prisonniers dont le seul tort \u00e9tait visiblement d\u2019\u00eatre du r\u00e9gime d\u00e9chu, sont encore un pas dans le bon sens. Et, \u00e0 d\u00e9faut de dissiper totalement les nuages de la m\u00e9fiance de la CEDEAO, cela devrait renforcer la confiance de l\u2019institution sous-r\u00e9gionale dans la junte militaire qui semble avoir finalement mis beaucoup d\u2019eau dans son th\u00e9. Reste maintenant la question de la dissolution officielle du CNSP (Conseil national de salut du peuple).<\/em> <em>Cela dit, apr\u00e8s ce petit retard \u00e0 l\u2019allumage qui a contribu\u00e9 \u00e0 crisper quelque peu l\u2019atmosph\u00e8re entre les putschistes et la CEDEAO, l\u2019on esp\u00e8re que la Transition malienne est enfin pr\u00eate \u00e0 prendre son envol, dans un ciel plut\u00f4t d\u00e9gag\u00e9. En tout cas, avec ces lib\u00e9rations qui viennent couronner un ensemble de concessions faites par Assimi Go\u00efta et ses camarades sous la pression plus internationale que nationale, on peut dire que les tombeurs d\u2019IBK se sont donn\u00e9 les moyens d\u2019agir dans un climat plut\u00f4t apais\u00e9. Car, cela pourrait permettre de calmer la tension sociale et d\u2019aller \u00e0 la r\u00e9conciliation, quand on sait que ce genre de ruptures brutales dans l\u2019histoire d\u2019un pays, sont des parenth\u00e8ses douloureuses qui se referment rarement sans laisser de cicatrices en termes de fracture et de ranc\u0153urs sociales en tous genres. C\u2019est pourquoi, loin d\u2019\u00eatre anodin, c\u2019est un geste d\u2019apaisement \u00e0 saluer \u00e0 sa juste valeur, m\u00eame si le communiqu\u00e9 officiel pr\u00e9cise, \u00e0 toutes fins utiles, que les int\u00e9ress\u00e9s restent \u00e0 la disposition de la Justice. Toujours est-il que ce geste traduit la volont\u00e9 des autorit\u00e9s de la Transition, d\u2019inscrire leur action dans le cadre de la l\u00e9galit\u00e9 et du respect des textes.\u00a0 Et cela est bon pour le Mali.<\/em><\/p>\n<p class=\"c3\"><em>\u00a0<\/em><\/p>\n<p class=\"c4\"><strong><em>Ces lib\u00e9rations constituent un bon signal pour la Transition malienne<\/em><\/strong><\/p>\n<p class=\"c4\"><strong><em>\u00a0<\/em><\/strong><\/p>\n<p class=\"c3\"><em>Surtout dans ce contexte de pr\u00e9carit\u00e9 o\u00f9 l\u2019on n\u2019a pas besoin d\u2019en rajouter \u00e0 la complexit\u00e9 de la situation avec des r\u00e9flexes de r\u00e9gime d\u2019exception, quand on sait l\u2019immensit\u00e9 des d\u00e9fis qui attendent la nouvelle \u00e9quipe qui, avec le souffle permanent de la menace djihadiste dans la nuque, a pour mission principale de conduire le Mali \u00e0 des \u00e9lections libres, transparentes et cr\u00e9dibles, pour signer le retour du pays \u00e0 l\u2019ordre constitutionnel normal. C\u2019est pourquoi l\u2019on peut s\u2019attendre \u00e0 ce que le pr\u00e9sident en exercice de la CEDEAO, le Ghan\u00e9en Nana Akufo-Addo, qui est annonc\u00e9 cette semaine dans la capitale malienne, f\u00e9licite, au passage, \u00a0\u00a0les autorit\u00e9s int\u00e9rimaires de Bamako, pour ces lib\u00e9rations. Une visite qui serait le couronnement d\u2019un mois et demi de fortes tractations, pour mettre le train de la transition malienne sur les rails. Mais, au-del\u00e0 de la CEDEAO, la satisfaction des Maliens serait beaucoup plus aboutie si le feuilleton de la lib\u00e9ration annonc\u00e9e du chef de file de l\u2019opposition, Souma\u00efla Ciss\u00e9, et de l\u2019otage fran\u00e7aise, Sophie P\u00e9tronin, connaissait une fin\u00a0 heureuse, apr\u00e8s les espoirs froidement douch\u00e9s des premiers jours, qui ont plong\u00e9 leurs familles et leurs proches dans une attente encore plus angoissante.<\/em> <em>En tout \u00e9tat de cause, ces lib\u00e9rations constituent un bon signal pour la Transition malienne. Car, ce sont autant de points positifs marqu\u00e9s par les autorit\u00e9s locales pour le bonheur des Maliens et des d\u00e9mocrates du continent.\u00a0 Il leur appartient \u00e0 pr\u00e9sent de se montrer \u00e0 la hauteur de l\u2019histoire et de leur mission, en conduisant le bateau de la transition malienne \u00e0 bon port, \u00e0 l\u2019horizon 2022. En attendant, par ce geste, on peut dire que le pr\u00e9sident Bah N\u2019Daw et son \u00e9quipe ont prouv\u00e9 \u00e0 la CEDEAO qu\u2019ils sont dignes de confiance. A l\u2019institution sous-r\u00e9gionale de savoir le leur rendre en aidant au mieux le Mali \u00e0 traverser cette difficile parenth\u00e8se de son histoire plut\u00f4t mouvement\u00e9e.<\/em><\/p>\n<p class=\"c3\"><em>\u00a0<\/em><\/p>\n<p class=\"c4\"><strong><em>\u00a0\u00ab\u00a0Le Pays\u00a0\u00bb<\/em><\/strong><\/p>\n<p class=\"c4\"><strong><em>\u00a0<\/em><\/strong><\/p>\n<p class=\"c3\"><em>\u00a0<\/em><\/p>\n<p>Auteur: Le Pays<br \/>\n<a href=\"http:\/\/lepays.bf\/liberation-de-prisonniers-politiques-au-mali\/\">Cliquez ici pour lire l&rsquo;article depuis sa source.<\/a><\/p>\n","protected":false},"excerpt":{"rendered":"<p>Objets d\u2019arrestations extrajudiciaires lors du coup d\u2019Etat du 18 ao\u00fbt dernier qui a renvers\u00e9 le pr\u00e9sident Ibrahim Boubacar K\u00e9\u00efta (IBK), douze personnalit\u00e9s de l\u2019ancien r\u00e9gime ont \u00e9t\u00e9 lib\u00e9r\u00e9es par les putschistes de Kati, le 7 octobre dernier. Au nombre de ces ex-prisonniers politiques, figurent l\u2019ancien Premier ministre, Boubou Ciss\u00e9, l\u2019ancien pr\u00e9sident de l\u2019Assembl\u00e9e nationale, Moussa [&hellip;]<\/p>\n","protected":false},"author":1813,"featured_media":0,"comment_status":"closed","ping_status":"closed","sticky":false,"template":"","format":"standard","meta":{"fifu_image_url":"","fifu_image_alt":"","footnotes":""},"categories":[73,81],"tags":[],"class_list":["post-101222","post","type-post","status-publish","format-standard","hentry","category-actualite","category-burkina-faso"],"_links":{"self":[{"href":"https:\/\/linitiative.ca\/International\/wp-json\/wp\/v2\/posts\/101222","targetHints":{"allow":["GET"]}}],"collection":[{"href":"https:\/\/linitiative.ca\/International\/wp-json\/wp\/v2\/posts"}],"about":[{"href":"https:\/\/linitiative.ca\/International\/wp-json\/wp\/v2\/types\/post"}],"author":[{"embeddable":true,"href":"https:\/\/linitiative.ca\/International\/wp-json\/wp\/v2\/users\/1813"}],"replies":[{"embeddable":true,"href":"https:\/\/linitiative.ca\/International\/wp-json\/wp\/v2\/comments?post=101222"}],"version-history":[{"count":0,"href":"https:\/\/linitiative.ca\/International\/wp-json\/wp\/v2\/posts\/101222\/revisions"}],"wp:attachment":[{"href":"https:\/\/linitiative.ca\/International\/wp-json\/wp\/v2\/media?parent=101222"}],"wp:term":[{"taxonomy":"category","embeddable":true,"href":"https:\/\/linitiative.ca\/International\/wp-json\/wp\/v2\/categories?post=101222"},{"taxonomy":"post_tag","embeddable":true,"href":"https:\/\/linitiative.ca\/International\/wp-json\/wp\/v2\/tags?post=101222"}],"curies":[{"name":"wp","href":"https:\/\/api.w.org\/{rel}","templated":true}]}}