{"id":101224,"date":"2020-10-08T16:12:59","date_gmt":"2020-10-08T20:12:59","guid":{"rendered":"https:\/\/linitiative.ca\/International\/manifs-annoncees-de-lopposition-en-cote-divoire-apres-la-mission-de-la-diplomatie-preventive\/"},"modified":"2020-10-08T16:12:59","modified_gmt":"2020-10-08T20:12:59","slug":"manifs-annoncees-de-lopposition-en-cote-divoire-apres-la-mission-de-la-diplomatie-preventive","status":"publish","type":"post","link":"https:\/\/linitiative.ca\/International\/manifs-annoncees-de-lopposition-en-cote-divoire-apres-la-mission-de-la-diplomatie-preventive\/","title":{"rendered":"MANIFS ANNONCEES DE L\u2019OPPOSITION EN COTE D\u2019IVOIRE APRES LA MISSION DE LA DIPLOMATIE PREVENTIVE"},"content":{"rendered":"<div class=\"stream-item stream-item-above-post-content\">\n<p><noscript><\/p>\n<p><a href=\"\/\/www3.smartadserver.com\/ac?jump=1&amp;nwid=2136&amp;siteid=240610&amp;pgname=rg&amp;fmtid=49046&amp;visit=m&amp;tmstp=[timestamp]&amp;out=nonrich\" target=\"_blank\" rel=\"noopener noreferrer\"><img decoding=\"async\" src=\"http:\/\/www3.smartadserver.com\/ac?out=nonrich&amp;nwid=2136&amp;siteid=240610&amp;pgname=rg&amp;fmtid=49046&amp;visit=m&amp;tmstp=[timestamp]\" border=\"0\" alt=\"\"\/><\/a><\/p>\n<p><\/noscript><\/div>\n<p class=\"c3\"><em>La m\u00e9t\u00e9o politique en R\u00e9publique de C\u00f4te d\u2019Ivoire annonce de fortes turbulences pour le week-end prochain avec l\u2019appel \u00e0 manifester de l\u2019opposition pour barrer la route au 3<sup>e<\/sup> mandat du pr\u00e9sident Alassane Dramane Ouattara (ADO). Cet orage annonc\u00e9 prouve, si besoin en est, que les acteurs politiques ivoiriens ont \u00e9cout\u00e9 les missi dominici de la communaut\u00e9 internationale venus pr\u00eacher pour des \u00e9lections apais\u00e9es, sans vraiment les entendre. Apr\u00e8s le sermon des ap\u00f4tres de la paix, les protagonistes de la sc\u00e8ne politique ivoirienne sont donc repartis, chacun de son c\u00f4t\u00e9, continuer \u00e0 fourbir ses armes pour en d\u00e9coudre avec le camp adverse. Pendant qu\u2019en effet, l\u2019opposition table encore sur sa position, \u00e0 la limite maximaliste,\u00a0 c\u2019est-\u00e0-dire emp\u00eacher par tous les moyens, le scrutin du 31 octobre prochain, le camp du pr\u00e9sident Ouattara refuse de tendre la main \u00e0 ses d\u00e9tracteurs et maintient ses mesures r\u00e9pressives pour quiconque viendrait \u00e0 braver l\u2019interdiction de manifester d\u00e9cr\u00e9t\u00e9e au lendemain des violences qui ont endeuill\u00e9 le pays, \u00e0 l\u2019annonce de la candidature du pr\u00e9sident sortant \u00e0 sa propre succession. Cette cristallisation des positions est, pour le moins que l\u2019on puisse dire, lourde de tous les dangers pour un pays connu pour ses \u00e9ruptions meurtri\u00e8res li\u00e9es \u00e0 la politique et ses crises \u00e9lectorales apocalyptiques. Mais faut-il pour autant redouter le pire ?<\/em> <em>M\u00eame si ce sc\u00e9nario n\u2019est pas \u00e0 exclure, l\u2019on peut se poser la question suivante\u00a0: de quels moyens dispose, v\u00e9ritablement, l\u2019opposition pour mettre \u00e0 ex\u00e9cution les menaces qu\u2019elle ne cesse de prof\u00e9rer ?<\/em><\/p>\n<p class=\"c3\"><em>\u00a0<\/em><\/p>\n<p class=\"c4\"><strong><em>Il faut donc craindre le tonnerre et\u00a0 la foudre<\/em><\/strong><\/p>\n<p class=\"c4\"><strong><em>\u00a0<\/em><\/strong><\/p>\n<p class=\"c3\"><em>Il n\u2019est pas certain, en effet, que les Ivoiriens, \u00e9chaud\u00e9s par les pr\u00e9c\u00e9dentes crises politiques dont on n\u2019a pas encore fini de panser toutes les blessures, soient encore pr\u00eats \u00e0 servir de chair \u00e0 canon pour les hommes politiques. Pour preuve, le mot d\u2019ordre de d\u00e9sob\u00e9issance civile d\u00e9cr\u00e9t\u00e9e par les leaders de l\u2019opposition, peine \u00e0 prendre forme. Et pendant que les opposants se perdent en conjectures de toutes natures, ADO, lui, semble prendre chaque jour un peu plus d\u2019avance sur ses concurrents. Multipliant les sorties sur le terrain et les gestes de bonne volont\u00e9 comme la r\u00e9cente augmentation du prix d\u2019achat du cacao ou la r\u00e9alisation d\u2019infrastructures au b\u00e9n\u00e9fice des populations, le candidat-pr\u00e9sident accro\u00eet sa cote de sympathie face \u00e0 une opposition qui semble en panne de strat\u00e9gie de lutte et de propositions concr\u00e8tes. Il faut donc craindre que cette opposition, \u00e0 force de gesticulations, ne vienne \u00e0 perdre de vue l\u2019essentiel qu\u2019est la campagne o\u00f9 l\u2019occasion lui est offerte de d\u00e9fendre ses projets de soci\u00e9t\u00e9 devant les \u00e9lecteurs.<\/em> <em>Cela dit, ADO aurait tort de croire, comme il l\u2019affiche par sa s\u00e9r\u00e9nit\u00e9, que devant \u00ab\u00a0il n\u2019y a rien, c\u2019est ma\u00efs seulement\u00a0\u00bb comme le disait le plus redoutable de ses adversaires politiques, l\u2019ex-pr\u00e9sident Laurent Gbagbo. Jamais, de m\u00e9moire d\u2019homme, aucun pr\u00e9sident n\u2019a quitt\u00e9 de lui-m\u00eame le pouvoir en C\u00f4te d\u2019Ivoire, apr\u00e8s la mort du p\u00e8re fondateur de la Nation, F\u00e9lix Houphou\u00ebt Boigny. ADO aurait tort de penser que cela n\u2019arrive qu\u2019aux autres. Et puis, le tout n\u2019est pas de gagner les \u00e9lections, encore faut-il pouvoir gouverner et surtout faire mieux que lors des mandats pr\u00e9c\u00e9dents. Or, tout laisse croire que l\u2019apr\u00e8s-\u00e9lection ne sera pas de tout repos quand on conna\u00eet l\u2019\u00e2ge du pr\u00e9sident ADO et la fougue de certains de ses opposants qui appartiennent \u00e0 une autre g\u00e9n\u00e9ration.\u00a0 Le ciel ivoirien se charge donc lentement mais s\u00fbrement d\u2019\u00e9lectricit\u00e9. Il faut donc craindre le tonnerre et \u00a0la foudre.<\/em><\/p>\n<p class=\"c4\"><em><strong>Saho<\/strong><\/em><\/p>\n<p class=\"c3\"><em>\u00a0<\/em><\/p>\n<p>Auteur: Le Pays<br \/>\n<a href=\"http:\/\/lepays.bf\/manifs-annoncees-de-lopposition-en-cote-divoire-apres-la-mission-de-la-diplomatie-preventive\/\">Cliquez ici pour lire l&rsquo;article depuis sa source.<\/a><\/p>\n","protected":false},"excerpt":{"rendered":"<p>La m\u00e9t\u00e9o politique en R\u00e9publique de C\u00f4te d\u2019Ivoire annonce de fortes turbulences pour le week-end prochain avec l\u2019appel \u00e0 manifester de l\u2019opposition pour barrer la route au 3e mandat du pr\u00e9sident Alassane Dramane Ouattara (ADO). Cet orage annonc\u00e9 prouve, si besoin en est, que les acteurs politiques ivoiriens ont \u00e9cout\u00e9 les missi dominici de la [&hellip;]<\/p>\n","protected":false},"author":1813,"featured_media":0,"comment_status":"closed","ping_status":"closed","sticky":false,"template":"","format":"standard","meta":{"fifu_image_url":"","fifu_image_alt":"","footnotes":""},"categories":[73,81],"tags":[],"class_list":["post-101224","post","type-post","status-publish","format-standard","hentry","category-actualite","category-burkina-faso"],"_links":{"self":[{"href":"https:\/\/linitiative.ca\/International\/wp-json\/wp\/v2\/posts\/101224","targetHints":{"allow":["GET"]}}],"collection":[{"href":"https:\/\/linitiative.ca\/International\/wp-json\/wp\/v2\/posts"}],"about":[{"href":"https:\/\/linitiative.ca\/International\/wp-json\/wp\/v2\/types\/post"}],"author":[{"embeddable":true,"href":"https:\/\/linitiative.ca\/International\/wp-json\/wp\/v2\/users\/1813"}],"replies":[{"embeddable":true,"href":"https:\/\/linitiative.ca\/International\/wp-json\/wp\/v2\/comments?post=101224"}],"version-history":[{"count":0,"href":"https:\/\/linitiative.ca\/International\/wp-json\/wp\/v2\/posts\/101224\/revisions"}],"wp:attachment":[{"href":"https:\/\/linitiative.ca\/International\/wp-json\/wp\/v2\/media?parent=101224"}],"wp:term":[{"taxonomy":"category","embeddable":true,"href":"https:\/\/linitiative.ca\/International\/wp-json\/wp\/v2\/categories?post=101224"},{"taxonomy":"post_tag","embeddable":true,"href":"https:\/\/linitiative.ca\/International\/wp-json\/wp\/v2\/tags?post=101224"}],"curies":[{"name":"wp","href":"https:\/\/api.w.org\/{rel}","templated":true}]}}