{"id":101225,"date":"2020-10-08T16:48:53","date_gmt":"2020-10-08T20:48:53","guid":{"rendered":"https:\/\/linitiative.ca\/International\/liberation-de-soumaila-cisse-et-de-sophie-petronin\/"},"modified":"2020-10-08T16:48:53","modified_gmt":"2020-10-08T20:48:53","slug":"liberation-de-soumaila-cisse-et-de-sophie-petronin","status":"publish","type":"post","link":"https:\/\/linitiative.ca\/International\/liberation-de-soumaila-cisse-et-de-sophie-petronin\/","title":{"rendered":"LIBERATION DE SOUMAILA CISSE ET DE SOPHIE PETRONIN  \u00a0"},"content":{"rendered":"<div class=\"stream-item stream-item-above-post-content\">\n<p><noscript><\/p>\n<p><a href=\"\/\/www3.smartadserver.com\/ac?jump=1&amp;nwid=2136&amp;siteid=240610&amp;pgname=rg&amp;fmtid=49046&amp;visit=m&amp;tmstp=[timestamp]&amp;out=nonrich\" target=\"_blank\" rel=\"noopener noreferrer\"><img decoding=\"async\" src=\"http:\/\/www3.smartadserver.com\/ac?out=nonrich&amp;nwid=2136&amp;siteid=240610&amp;pgname=rg&amp;fmtid=49046&amp;visit=m&amp;tmstp=[timestamp]\" border=\"0\" alt=\"\"\/><\/a><\/p>\n<p><\/noscript><\/div>\n<p class=\"c3\"><em>\u00ab\u00a0L\u2019\u00e9ternit\u00e9, c\u2019est long, surtout vers la fin\u00a0\u00bb disait Woody Allen. Ainsi pourrait-on dire de l\u2019interminable attente de la lib\u00e9ration de Souma\u00efla Ciss\u00e9 et de Sophie P\u00e9tronin, qui a donn\u00e9 lieu \u00e0 un emballement m\u00e9diatique exceptionnel o\u00f9 les fake news le disputaient aux supputations de toute nature, depuis l\u2019\u00e9largissement de plus d\u2019une centaine de terroristes comme monnaie d\u2019\u00e9change par les autorit\u00e9s du pays. Mais, comme le dit l\u2019adage populaire,\u00a0\u00ab\u00a0quelle que soit la dur\u00e9e de la nuit, le jour finit par se lever \u00bb. Enfin, l\u2019ex-chef de file de l\u2019opposition politique malienne, enlev\u00e9 le 25 mars 2020 en pleine campagne \u00e9lectorale dans la r\u00e9gion de Niafounk\u00e9 et l\u2019humanitaire fran\u00e7aise, elle aussi kidnapp\u00e9e quatre ann\u00e9es plus t\u00f4t, pr\u00e9cis\u00e9ment le 24 d\u00e9cembre 2016 \u00e0 Gao, ont recouvr\u00e9 la libert\u00e9. Ces d\u00e9sormais ex-otages que tout s\u00e9parait mais qui ont vu leur destin li\u00e9 par les liens de la captivit\u00e9, ont pu rallier la capitale malienne, Bamako, o\u00f9 tr\u00e9pignaient d\u2019impatience leurs familles et proches.<\/em> <em>C\u2019est peu de dire que ce retour \u00e0 la libert\u00e9 est un immense soulagement pour les otages eux-m\u00eames d\u2019abord.<\/em><\/p>\n<p class=\"c3\"><em>\u00a0<\/em><\/p>\n<p class=\"c4\"><strong><em>Les effluves de joie masquent difficilement le fait que cette lib\u00e9ration a \u00e9t\u00e9 ch\u00e8rement pay\u00e9e<\/em><\/strong><\/p>\n<p class=\"c3\"><em>\u00a0<\/em><\/p>\n<p class=\"c3\"><em>M\u00eame si, pour l\u2019instant, l\u2019on sait peu de choses de leurs conditions de d\u00e9tention, il n\u2019est pas difficile d\u2019imaginer qu\u2019ils ont v\u00e9cu l\u2019enfer dans le d\u00e9sert malien, ne serait-ce que du simple fait de ne pas pouvoir jouir de la libert\u00e9 d\u2019aller et de venir ou de vivre s\u00e9par\u00e9s de la famille avec la tenace angoisse de ne plus en revoir les membres un jour. Ces longs jours de captivit\u00e9 ne peuvent se solder que par des traumatismes psychologiques et physiques dont les ind\u00e9l\u00e9biles s\u00e9quelles affectent profond\u00e9ment la personnalit\u00e9. Mais le soulagement, c\u2019est aussi pour les familles respectives de ces anciens captifs qui ont scrut\u00e9 pendant longtemps la ligne de l\u2019horizon dans l\u2019espoir du retour de l\u2019\u00eatre disparu. Et cela vaut autant pour la famille biologique que la famille politique pour ce qui est du cas sp\u00e9cifique de Souma\u00efla Ciss\u00e9 dont les partisans n\u2019ont cess\u00e9 de mettre la pression sur les autorit\u00e9s maliennes pour qu\u2019elles trouvent les moyens d\u2019aller arracher des serres des ravisseurs, leur leader. C\u2019est enfin et aussi un grand ouf de soulagement pour les autorit\u00e9s de la Transition au Mali, qui jouaient gros dans ces tractations pour la lib\u00e9ration de l\u2019opposant.\u00a0 Le moins que l\u2019on puisse dire, c\u2019est qu\u2019elles ont r\u00e9ussi un coup de ma\u00eetre l\u00e0 o\u00f9 le r\u00e9gime pr\u00e9c\u00e9dent s\u2019\u00e9tait essay\u00e9 sans engranger le moindre succ\u00e8s. Le gain politique imm\u00e9diat est l\u2019augmentation de leur capital de sympathie aupr\u00e8s des populations. Et cela n\u2019est pas rien pour un pouvoir qui, \u00e0 d\u00e9faut de la l\u00e9galit\u00e9 r\u00e9publicaine, est en qu\u00eate d\u2019une l\u00e9gitimit\u00e9 populaire. A cela, il faut d\u00e9sormais ajouter les faveurs des autorit\u00e9s fran\u00e7aises qui applaudissent \u00e0 se rompre les doigts, la lib\u00e9ration du dernier otage fran\u00e7ais dans le d\u00e9sert saharien. \u00a0\u00a0<\/em> <em>Cela dit, ces effluves de joie masquent difficilement le fait que cette lib\u00e9ration dont on ignore encore tous les dessous, a \u00e9t\u00e9 ch\u00e8rement pay\u00e9e. Des centaines de terroristes ont \u00e9t\u00e9 rel\u00e2ch\u00e9s dans la nature. Il faut s\u2019attendre \u00e0 ce que ces fanatis\u00e9s aillent \u00e0 nouveau se ressourcer aux sources les plus profondes du radicalisme pour revenir semer, \u00e0 tout vent, mort et d\u00e9solation dans toute la sous-r\u00e9gion.<\/em><\/p>\n<p class=\"c3\"><em>\u00a0<\/em><\/p>\n<p class=\"c4\"><strong><em>Le retour de l\u2019exil conduit souvent au pied du tr\u00f4ne<\/em><\/strong><\/p>\n<p class=\"c3\"><em>\u00a0<\/em><\/p>\n<p class=\"c3\"><em>Les craintes de v\u00e9ritables boucheries humaines peuvent \u00eatre d\u2019autant d\u00e9cupl\u00e9es que bien des pays de la sous-r\u00e9gion se pr\u00e9parent \u00e0 aller \u00e0 des \u00e9lections qui ont toujours \u00e9t\u00e9 l\u2019occasion de multiplications d\u2019attaques terroristes. A cela, il faut ajouter les risques de d\u00e9veloppement, dans tout l\u2019espace sah\u00e9lo-saharien, d\u2019une v\u00e9ritable industrie du rapt d\u2019otages. Mais que ne devrait-on pas faire pour sauver des vies, surtout que l\u2019on peut travailler \u00e0 amoindrir les risques \u00e9voqu\u00e9s ?<\/em> <em>En attendant, la question que l\u2019on peut se poser est la suivante : de quoi sera fait l\u2019avenir pour Souma\u00efla Ciss\u00e9 ?\u00a0 Il est difficile de r\u00e9pondre avec certitude \u00e0 cette question dans la mesure o\u00f9 l\u2019on ne sait pas quel est l\u2019\u00e9tat physique et mental de l\u2019homme, au sortir de cette dure \u00e9preuve. Mais une chose est certaine,\u00a0 la captivit\u00e9 a fait de Souma\u00efla Ciss\u00e9, l\u2019homme politique le plus c\u00e9l\u00e8bre au Mali et m\u00eame au-del\u00e0 des fronti\u00e8res maliennes. L\u2019opposant embl\u00e9matique \u00e0 l\u2019ex-pr\u00e9sident Ibrahim Boubacar K\u00e9ita (IBK) peut donc surfer sur cet \u00e9lan de popularit\u00e9 pour aller \u00e0 la conqu\u00eate du palais de Koulouba. Comme dans de nombreuses \u00e9pop\u00e9es africaines, le retour de l\u2019exil conduit souvent au pied du tr\u00f4ne et l\u2019on peut penser que la l\u00e9gende de Souma\u00efla Ciss\u00e9 qui est en train de s\u2019\u00e9crire, ne d\u00e9rogera pas \u00e0 la r\u00e8gle. La probabilit\u00e9 de voir le c\u00e9l\u00e8bre opposant dans le fauteuil pr\u00e9sidentiel est d\u2019autant plus forte que le coup d\u2019Etat a \u00e9loign\u00e9 du pays, le plus farouche de ses adversaires, IBK.\u00a0<\/em> <em>Plus globalement pour le Mali, l\u2019on peut esp\u00e9rer que la lib\u00e9ration des deux otages ouvre une nouvelle page dans les relations entre l\u2019Etat et les groupes arm\u00e9s qui \u00e9cument tout le pays. Ces n\u00e9gociations abouties prouvent que quand les Maliens le veulent, ils peuvent parler le m\u00eame langage dans l\u2019int\u00e9r\u00eat de toutes les parties prenantes \u00e0 cette guerre sans fin qui ravage le pays depuis plus d\u2019une d\u00e9cennie. En tout cas, cette actualit\u00e9 malienne redonne espoir \u00e0 tous les autres otages d\u00e9tenus par les groupes arm\u00e9s du Sahel qui viennent de montrer qu\u2019ils peuvent avoir un visage humain. Et c\u2019est le lieu de penser aux otages burkinab\u00e8 qui sont toujours entre les mains de leurs ravisseurs, en l\u2019occurrence Dr Eliott et le cur\u00e9 de Dori.<\/em><\/p>\n<p class=\"c3\"><em>\u00a0<\/em><\/p>\n<p class=\"c4\"><strong><em>\u00ab\u00a0Le Pays\u00a0\u00bb \u00a0<\/em><\/strong><\/p>\n<p>Auteur: Le Pays<br \/>\n<a href=\"http:\/\/lepays.bf\/liberation-de-soumaila-cisse-et-de-sophie-petronin\/\">Cliquez ici pour lire l&rsquo;article depuis sa source.<\/a><\/p>\n","protected":false},"excerpt":{"rendered":"<p>\u00ab\u00a0L\u2019\u00e9ternit\u00e9, c\u2019est long, surtout vers la fin\u00a0\u00bb disait Woody Allen. Ainsi pourrait-on dire de l\u2019interminable attente de la lib\u00e9ration de Souma\u00efla Ciss\u00e9 et de Sophie P\u00e9tronin, qui a donn\u00e9 lieu \u00e0 un emballement m\u00e9diatique exceptionnel o\u00f9 les fake news le disputaient aux supputations de toute nature, depuis l\u2019\u00e9largissement de plus d\u2019une centaine de terroristes comme [&hellip;]<\/p>\n","protected":false},"author":1813,"featured_media":0,"comment_status":"closed","ping_status":"closed","sticky":false,"template":"","format":"standard","meta":{"fifu_image_url":"","fifu_image_alt":"","footnotes":""},"categories":[73,81],"tags":[],"class_list":["post-101225","post","type-post","status-publish","format-standard","hentry","category-actualite","category-burkina-faso"],"_links":{"self":[{"href":"https:\/\/linitiative.ca\/International\/wp-json\/wp\/v2\/posts\/101225","targetHints":{"allow":["GET"]}}],"collection":[{"href":"https:\/\/linitiative.ca\/International\/wp-json\/wp\/v2\/posts"}],"about":[{"href":"https:\/\/linitiative.ca\/International\/wp-json\/wp\/v2\/types\/post"}],"author":[{"embeddable":true,"href":"https:\/\/linitiative.ca\/International\/wp-json\/wp\/v2\/users\/1813"}],"replies":[{"embeddable":true,"href":"https:\/\/linitiative.ca\/International\/wp-json\/wp\/v2\/comments?post=101225"}],"version-history":[{"count":0,"href":"https:\/\/linitiative.ca\/International\/wp-json\/wp\/v2\/posts\/101225\/revisions"}],"wp:attachment":[{"href":"https:\/\/linitiative.ca\/International\/wp-json\/wp\/v2\/media?parent=101225"}],"wp:term":[{"taxonomy":"category","embeddable":true,"href":"https:\/\/linitiative.ca\/International\/wp-json\/wp\/v2\/categories?post=101225"},{"taxonomy":"post_tag","embeddable":true,"href":"https:\/\/linitiative.ca\/International\/wp-json\/wp\/v2\/tags?post=101225"}],"curies":[{"name":"wp","href":"https:\/\/api.w.org\/{rel}","templated":true}]}}