{"id":101226,"date":"2020-10-08T16:29:57","date_gmt":"2020-10-08T20:29:57","guid":{"rendered":"https:\/\/linitiative.ca\/International\/emploi-des-jeunes-expertise-france-finance-56-projets\/"},"modified":"2020-10-08T16:29:57","modified_gmt":"2020-10-08T20:29:57","slug":"emploi-des-jeunes-expertise-france-finance-56-projets","status":"publish","type":"post","link":"https:\/\/linitiative.ca\/International\/emploi-des-jeunes-expertise-france-finance-56-projets\/","title":{"rendered":"Emploi des jeunes : Expertise France finance 56 projets"},"content":{"rendered":"<div class=\"td-post-featured-image\" readability=\"32\"><a href=\"https:\/\/www.sidwaya.info\/wp-content\/uploads\/2020\/10\/france.jpg\" data-caption=\"Les partenaires au d&#xE9;veloppement ont promis de soutenir les initiatives des jeunes.\"><img loading=\"lazy\" decoding=\"async\" width=\"696\" height=\"374\" class=\"entry-thumb td-modal-image\" src=\"https:\/\/www.sidwaya.info\/wp-content\/uploads\/2020\/10\/france-696x374.jpg\" srcset=\"https:\/\/www.sidwaya.info\/wp-content\/uploads\/2020\/10\/france-696x374.jpg 696w, https:\/\/www.sidwaya.info\/wp-content\/uploads\/2020\/10\/france-300x161.jpg 300w, https:\/\/www.sidwaya.info\/wp-content\/uploads\/2020\/10\/france-768x413.jpg 768w, https:\/\/www.sidwaya.info\/wp-content\/uploads\/2020\/10\/france-781x420.jpg 781w, https:\/\/www.sidwaya.info\/wp-content\/uploads\/2020\/10\/france.jpg 787w\" sizes=\"auto, (max-width: 696px) 100vw, 696px\" alt=\"\" title=\"france\"\/><\/a>Les partenaires au d\u00e9veloppement ont promis de soutenir les initiatives des jeunes.<\/div>\n<p><strong>La 2e \u00e9dition des rencontres r\u00e9gionales et nationales sur la formation professionnelle, la cr\u00e9ation d\u2019entreprise et l\u2019emploi s\u2019est tenue, les 7 et 8 octobre 2020, \u00e0 Ouagadougou. Organis\u00e9 par Expertise France en collaboration avec le minist\u00e8re en charge de la jeunesse, ces journ\u00e9es se veulent un vecteur de l\u2019autoemploi des jeunes.<\/strong><\/p>\n<p>Dans le cadre de son programme d\u2019appui \u00e0 l\u2019emploi dans les zones frontali\u00e8res et p\u00e9riph\u00e9riques du Burkina Faso, Expertise France a pr\u00e9vu d\u2019organiser des rencontres d\u2019\u00e9changes annuels en r\u00e9gion et \u00e0 Ouagadougou sur les th\u00e9matiques \u00ab\u00a0emplois et formation professionnelle\u00a0\u00bb. Fort du succ\u00e8s de l\u2019\u00e9dition de 2019, les acteurs ont jug\u00e9 n\u00e9cessaire d\u2019organiser, cette ann\u00e9e, une 2e \u00e9dition des rencontres nationales de la formation professionnelle et de la cr\u00e9ation d\u2019entreprises.<\/p>\n<p>Ce cadre d\u2019\u00e9changes, accompagn\u00e9 de foire d\u2019exposition-ventes des cr\u00e9ativit\u00e9s des b\u00e9n\u00e9ficiaires des \u00e9ditions \u00e9coul\u00e9es et de panel, a dur\u00e9 deux jours. D\u00e9marr\u00e9 par la visite de stands, le d\u00e9but des activit\u00e9s a \u00e9t\u00e9 donn\u00e9, le mercredi 7 octobre 2020, \u00e0 Ouagadougou, par le Secr\u00e9taire g\u00e9n\u00e9ral (SG) du Minist\u00e8re de la jeunesse et de la promotion de l\u2019entrepreuneuriat des jeunes (MJPEJ), Jean Philippe Dakour\u00e9, en pr\u00e9sence du repr\u00e9sentant d\u2019Expertise France au Burkina Faso, Herv\u00e9 Conan, de l\u2019ambassadeur de la France au Burkina Faso, Luc Hallade et d\u2019\u00e9minentes personnalit\u00e9s de l\u2019Union europ\u00e9enne(UE).<\/p>\n<p>Pour l\u2019ambassadeur, Luc Hallade, la fiert\u00e9 est la diversit\u00e9 des produits expos\u00e9s par les anciens laur\u00e9ats. \u00ab\u00a0Je suis content de voir qu\u2019\u00e0 travers ce programme, la plupart des b\u00e9n\u00e9ficiaires arrivent \u00e0 cr\u00e9er des entreprises, se d\u00e9velopper et cr\u00e9er des emplois pour leur entourage\u00a0\u00bb, s\u2019est r\u00e9joui le diplomate. M\u00eame son de cloche chez le repr\u00e9sentant du ministre en charge de la jeunesse, Jean Philippe Dakour\u00e9. \u00ab\u00a0Je voudrais demander \u00e0 tous ceux qui ont b\u00e9n\u00e9fici\u00e9 de la mise en \u0153uvre de ce programme d\u2019emplois, d\u2019\u00eatre des cr\u00e9ateurs d\u2019emplois et non encore des demandeurs. Il faut cultiver l\u2019initiative priv\u00e9e qui sera gage d\u2019emploi pour notre jeunesse \u00bb, a-t-il lanc\u00e9.<\/p>\n<p>Le souhait du DG adjoint d\u2019Expertise France, Herv\u00e9 Conan, est que ce programme soit \u00e0 la hauteur des enjeux immenses de la formation et de l\u2019emploi des jeunes dans les trois r\u00e9gions b\u00e9n\u00e9ficiaires (Boucle du Mouhoun, Sahel et Nord). A l\u2019\u00e9couter, ce programme d\u2019appui \u00e0 l\u2019emploi est financ\u00e9 par la Commission europ\u00e9enne dans le cadre du fonds fiduciaire d\u2019urgence et mis en \u0153uvre par Expertise France.<\/p>\n<p>\u00ab\u00a0Tous ceux qui ont \u0153uvr\u00e9 pour que ce programme soit \u00e0 la hauteur des enjeux immenses de la formation et l\u2019emploi des jeunes dans les trois r\u00e9gions frontali\u00e8res, nous d\u00e9montrons qu\u2019il est possible d\u2019accompagner le d\u00e9veloppement \u00e9conomique et social des territoires des r\u00e9gions p\u00e9riph\u00e9riques et frontali\u00e8res du Burkina Faso\u00a0\u00bb, a indiqu\u00e9 M. Conan.<\/p>\n<h3>Des projets soutenus<\/h3>\n<p><img decoding=\"async\" loading=\"lazy\" class=\"size-medium wp-image-27570\" src=\"https:\/\/www.sidwaya.info\/wp-content\/uploads\/2020\/10\/france2-234x300.jpg\" alt=\"\" width=\"234\" height=\"300\" srcset=\"https:\/\/www.sidwaya.info\/wp-content\/uploads\/2020\/10\/france2-234x300.jpg 234w, https:\/\/www.sidwaya.info\/wp-content\/uploads\/2020\/10\/france2-696x891.jpg 696w, https:\/\/www.sidwaya.info\/wp-content\/uploads\/2020\/10\/france2-328x420.jpg 328w, https:\/\/www.sidwaya.info\/wp-content\/uploads\/2020\/10\/france2.jpg 700w\" sizes=\"auto, (max-width: 234px) 100vw, 234px\"\/>Le DG adjoint d\u2019Expertise France, Herv\u00e9 Conan :\u00a0\u00ab\u00a0Notre souhait est que ce programme soit \u00e0 la hauteur des enjeux de la formation et de l\u2019emploi des jeunes \u00bb.<\/p>\n<p>Selon les indicateurs d\u2019expertise France, 8133 personnes ont b\u00e9n\u00e9fici\u00e9 des formations dans le cadre de ce programme en raison de 4292 form\u00e9s en m\u00e9tier et 3841 en entrepreneuriat. \u00ab\u00a01521 micro entreprises cr\u00e9\u00e9es ou renforc\u00e9es et 2177 emplois cr\u00e9\u00e9s dont 70% d\u2019emplois f\u00e9minins\u00a0\u00bb, a list\u00e9 le DG adjoint. Les activit\u00e9s des journ\u00e9es de la 2e \u00e9dition des rencontres r\u00e9gionales et nationales sur la formation professionnelle, la cr\u00e9ation d\u2019entreprise et l\u2019emploi se sont \u00e9tal\u00e9es sur deux jours.<\/p>\n<p>La premi\u00e8re journ\u00e9e des activit\u00e9s a \u00e9t\u00e9 couronn\u00e9e par une c\u00e9r\u00e9monie de remise de prix. 56 porteurs de projets d\u2019entreprises venus des trois r\u00e9gions b\u00e9n\u00e9ficiaires du programme ont \u00e9t\u00e9 r\u00e9compens\u00e9s. Ils ont re\u00e7u une somme de 1000 000 \u00e0 3 500 000 F CFA. Le plus grand prix dot\u00e9 de la somme de 3 500 000 F CFA a \u00e9t\u00e9 rafl\u00e9 par Noufou Kan\u00e9 de la r\u00e9gion du Boucle du Mouhoun avec son projet d\u2019embouche bovine. \u00ab Avec ce prix, je vais augmenter le nombre de mes b\u0153ufs qui \u00e9taient \u00e0 plus de trente t\u00eates \u00bb, s\u2019est-t-il r\u00e9joui. Tous comme Noufou Kan\u00e9, Sawadogo Margueritte Estelle et Rebecca Siene, les laur\u00e9ats ont tous salu\u00e9 l\u2019initiative d\u2019Expertise France.<\/p>\n<p>Aux dires des initiateurs du programme de la formation professionnelle, la cr\u00e9ation d\u2019entreprise et l\u2019emploi, les choix des laur\u00e9ats ont \u00e9t\u00e9, entre autres, bas\u00e9s sur le s\u00e9rieux du projet soumis, la base financi\u00e8re dudit projet et son \u00e9volution de mani\u00e8re \u00e0 pouvoir g\u00e9n\u00e9rer des emplois dans l\u2019entourage du porteur. Pour le conseiller sp\u00e9cial du pr\u00e9sident du Faso, Bienvenue Kessoum V\u00e9negda, 55 millions de francs CFA ont \u00e9t\u00e9 distribu\u00e9s aux laur\u00e9ats de cette \u00e9dition. Pour lui, cela \u00e9mane \u00e9galement de l\u2019accompagnement accord\u00e9 depuis l\u2019an pass\u00e9 par le gouvernement burkinab\u00e8, \u00e0 ce programme. \u00ab Je suis satisfait que les laur\u00e9ats soient en majorit\u00e9 des femmes. Les b\u00e9n\u00e9fices leur permettront certainement d\u2019agrandir leurs entreprises et g\u00e9n\u00e9rer des emplois pour leur entourage \u00bb, a souhait\u00e9 M. V\u00e9negda.<\/p>\n<p class=\"c1\"><strong>Mamourou BENAO<\/strong><br \/>(Collaborateur)<\/p>\n<div class=\"td-a-rec td-a-rec-id-content_bottom tdi_30_2f9 td_block_template_1\"><img loading=\"lazy\" decoding=\"async\" class=\"aligncenter size-full wp-image-27454\" src=\"https:\/\/www.sidwaya.info\/wp-content\/uploads\/2020\/10\/PUB-Bandeau-paiement-mobile-siteweb.jpg\" alt=\"\" width=\"728\" height=\"90\"\/><\/div>\n<p>Auteur: JK. Sidwaya<br \/>\n<a href=\"https:\/\/www.sidwaya.info\/blog\/2020\/10\/08\/emploi-des-jeunes-expertise-france-finance-56-projets\/\">Cliquez ici pour lire l&rsquo;article depuis sa source.<\/a><\/p>\n","protected":false},"excerpt":{"rendered":"<p>Les partenaires au d\u00e9veloppement ont promis de soutenir les initiatives des jeunes. La 2e \u00e9dition des rencontres r\u00e9gionales et nationales sur la formation professionnelle, la cr\u00e9ation d\u2019entreprise et l\u2019emploi s\u2019est tenue, les 7 et 8 octobre 2020, \u00e0 Ouagadougou. Organis\u00e9 par Expertise France en collaboration avec le minist\u00e8re en charge de la jeunesse, ces journ\u00e9es [&hellip;]<\/p>\n","protected":false},"author":1816,"featured_media":101227,"comment_status":"closed","ping_status":"closed","sticky":false,"template":"","format":"standard","meta":{"fifu_image_url":"","fifu_image_alt":"","footnotes":""},"categories":[73,81],"tags":[],"class_list":["post-101226","post","type-post","status-publish","format-standard","has-post-thumbnail","hentry","category-actualite","category-burkina-faso"],"_links":{"self":[{"href":"https:\/\/linitiative.ca\/International\/wp-json\/wp\/v2\/posts\/101226","targetHints":{"allow":["GET"]}}],"collection":[{"href":"https:\/\/linitiative.ca\/International\/wp-json\/wp\/v2\/posts"}],"about":[{"href":"https:\/\/linitiative.ca\/International\/wp-json\/wp\/v2\/types\/post"}],"author":[{"embeddable":true,"href":"https:\/\/linitiative.ca\/International\/wp-json\/wp\/v2\/users\/1816"}],"replies":[{"embeddable":true,"href":"https:\/\/linitiative.ca\/International\/wp-json\/wp\/v2\/comments?post=101226"}],"version-history":[{"count":0,"href":"https:\/\/linitiative.ca\/International\/wp-json\/wp\/v2\/posts\/101226\/revisions"}],"wp:featuredmedia":[{"embeddable":true,"href":"https:\/\/linitiative.ca\/International\/wp-json\/"}],"wp:attachment":[{"href":"https:\/\/linitiative.ca\/International\/wp-json\/wp\/v2\/media?parent=101226"}],"wp:term":[{"taxonomy":"category","embeddable":true,"href":"https:\/\/linitiative.ca\/International\/wp-json\/wp\/v2\/categories?post=101226"},{"taxonomy":"post_tag","embeddable":true,"href":"https:\/\/linitiative.ca\/International\/wp-json\/wp\/v2\/tags?post=101226"}],"curies":[{"name":"wp","href":"https:\/\/api.w.org\/{rel}","templated":true}]}}