{"id":101230,"date":"2020-10-08T17:00:31","date_gmt":"2020-10-08T21:00:31","guid":{"rendered":"https:\/\/linitiative.ca\/International\/commande-publique-le-rapport-dactivites-2019-remis-au-premier-ministre\/"},"modified":"2020-10-08T17:00:31","modified_gmt":"2020-10-08T21:00:31","slug":"commande-publique-le-rapport-dactivites-2019-remis-au-premier-ministre","status":"publish","type":"post","link":"https:\/\/linitiative.ca\/International\/commande-publique-le-rapport-dactivites-2019-remis-au-premier-ministre\/","title":{"rendered":"Commande publique : Le rapport d\u2019activit\u00e9s 2019 remis  au Premier ministre"},"content":{"rendered":"<div class=\"td-post-featured-image\" readability=\"33\"><a href=\"https:\/\/www.sidwaya.info\/wp-content\/uploads\/2020\/10\/commande.jpg\" data-caption=\"Le chef du gouvernement a eu la primeur du rapport d&#x2019;activit&#xE9;s 2019 de l&#x2019;institution comme le veut la r&#xE9;glementation.\"><img loading=\"lazy\" decoding=\"async\" width=\"696\" height=\"443\" class=\"entry-thumb td-modal-image\" src=\"https:\/\/www.sidwaya.info\/wp-content\/uploads\/2020\/10\/commande-696x443.jpg\" srcset=\"https:\/\/www.sidwaya.info\/wp-content\/uploads\/2020\/10\/commande-696x443.jpg 696w, https:\/\/www.sidwaya.info\/wp-content\/uploads\/2020\/10\/commande-300x191.jpg 300w, https:\/\/www.sidwaya.info\/wp-content\/uploads\/2020\/10\/commande-768x488.jpg 768w, https:\/\/www.sidwaya.info\/wp-content\/uploads\/2020\/10\/commande-660x420.jpg 660w, https:\/\/www.sidwaya.info\/wp-content\/uploads\/2020\/10\/commande.jpg 780w\" sizes=\"auto, (max-width: 696px) 100vw, 696px\" alt=\"\" title=\"commande\"\/><\/a>Le chef du gouvernement a eu la primeur du rapport d\u2019activit\u00e9s 2019 de l\u2019institution comme le veut la r\u00e9glementation.<\/div>\n<p><strong>Le rapport d\u2019activit\u00e9s 2019 de l\u2019Autorit\u00e9 de r\u00e9gulation de la commande publique (ARCOP) a \u00e9t\u00e9 officiellement remis au Premier ministre, Christophe Joseph marie Dabir\u00e9, le jeudi 8 octobre 2020. Il retrace les activit\u00e9s des trois organes de l\u2019autorit\u00e9 ainsi que des annexes sur les entreprises \u00e9pingl\u00e9es.<\/strong><\/p>\n<p>Le rapport 2019 de l\u2019Autorit\u00e9 de r\u00e9gulation de la commande publique (ARCOP) est structur\u00e9 autour de dix chapitres qui reprennent l\u2019ensemble des activit\u00e9s des trois organes de l\u2019organe de r\u00e9gulation. Il a \u00e9t\u00e9 pr\u00e9sent\u00e9 au Premier ministre, Christophe Joseph marie Dabir\u00e9, en vertu du respect de l\u2019article 6 du d\u00e9cret 50 de la r\u00e9glementation en mati\u00e8re de commande publique, le 8 octobre 2020.\u00a0\u00ab Le conseil de r\u00e9gulation a tenu huit sessions en 2019. L\u2019organe de r\u00e8glement des diff\u00e9rends tr\u00e8s en vue, a tenu 116 sessions sur plus de 900 requ\u00eates.<\/p>\n<p>Le secr\u00e9tariat permanent, la structure transversale, a men\u00e9 des activit\u00e9s qui ont contribu\u00e9 au renforcement des capacit\u00e9s des acteurs de la commande publique en vue de r\u00e9sorber ou pr\u00e9venir les tares du domaine. Il a men\u00e9 des enqu\u00eates, des audits mais aussi l\u2019\u00e9valuation de la performance du syst\u00e8me en vue de renforcer son int\u00e9grit\u00e9 \u00bb, a d\u00e9voil\u00e9 le pr\u00e9sident du Conseil de r\u00e9gulation de l\u2019ARCOP, Dramane Millogo, \u00e0 la presse. Selon lui, Le Premier ministre a f\u00e9licit\u00e9 le conseil pour le rapport.<\/p>\n<p>Il a exhort\u00e9 l\u2019ARCOP \u00e0 mener un travail professionnel, de sorte \u00e0 faire de la commande publique un outil au service du d\u00e9veloppement, d\u00e9barrass\u00e9 de la corruption, de la fraude et du manque de transparence. Le rapport 2019 de l\u2019ARCOP contient par ailleurs cinq annexes, notamment sur les entreprises \u00e9pingl\u00e9es par l\u2019ARCOP. Le pr\u00e9sident du conseil de r\u00e9gulation a donn\u00e9 rendez-vous le 14 octobre 2020 pour d\u00e9voiler tous les d\u00e9tails du rapport \u00e0 l\u2019occasion d\u2019une conf\u00e9rence de presse. Cette rencontre va donner l\u2019occasion aux journalistes et membres des organes de l\u2019ARCOP d\u2019\u00e9changer sur la qualit\u00e9 des infrastructures fournies par les entreprises dans le cadre de la commande publique.<\/p>\n<p class=\"c1\"><strong>Nad\u00e8ge YE<\/strong><\/p>\n<div class=\"td-a-rec td-a-rec-id-content_bottom tdi_30_118 td_block_template_1\"><img loading=\"lazy\" decoding=\"async\" class=\"aligncenter size-full wp-image-27454\" src=\"https:\/\/www.sidwaya.info\/wp-content\/uploads\/2020\/10\/PUB-Bandeau-paiement-mobile-siteweb.jpg\" alt=\"\" width=\"728\" height=\"90\"\/><\/div>\n<p>Auteur: JK. Sidwaya<br \/>\n<a href=\"https:\/\/www.sidwaya.info\/blog\/2020\/10\/08\/commande-publique-le-rapport-dactivites-2019-remis-au-premier-ministre\/\">Cliquez ici pour lire l&rsquo;article depuis sa source.<\/a><\/p>\n","protected":false},"excerpt":{"rendered":"<p>Le chef du gouvernement a eu la primeur du rapport d\u2019activit\u00e9s 2019 de l\u2019institution comme le veut la r\u00e9glementation. Le rapport d\u2019activit\u00e9s 2019 de l\u2019Autorit\u00e9 de r\u00e9gulation de la commande publique (ARCOP) a \u00e9t\u00e9 officiellement remis au Premier ministre, Christophe Joseph marie Dabir\u00e9, le jeudi 8 octobre 2020. Il retrace les activit\u00e9s des trois organes [&hellip;]<\/p>\n","protected":false},"author":1816,"featured_media":101231,"comment_status":"closed","ping_status":"closed","sticky":false,"template":"","format":"standard","meta":{"fifu_image_url":"","fifu_image_alt":"","footnotes":""},"categories":[73,81],"tags":[],"class_list":["post-101230","post","type-post","status-publish","format-standard","has-post-thumbnail","hentry","category-actualite","category-burkina-faso"],"_links":{"self":[{"href":"https:\/\/linitiative.ca\/International\/wp-json\/wp\/v2\/posts\/101230","targetHints":{"allow":["GET"]}}],"collection":[{"href":"https:\/\/linitiative.ca\/International\/wp-json\/wp\/v2\/posts"}],"about":[{"href":"https:\/\/linitiative.ca\/International\/wp-json\/wp\/v2\/types\/post"}],"author":[{"embeddable":true,"href":"https:\/\/linitiative.ca\/International\/wp-json\/wp\/v2\/users\/1816"}],"replies":[{"embeddable":true,"href":"https:\/\/linitiative.ca\/International\/wp-json\/wp\/v2\/comments?post=101230"}],"version-history":[{"count":0,"href":"https:\/\/linitiative.ca\/International\/wp-json\/wp\/v2\/posts\/101230\/revisions"}],"wp:featuredmedia":[{"embeddable":true,"href":"https:\/\/linitiative.ca\/International\/wp-json\/"}],"wp:attachment":[{"href":"https:\/\/linitiative.ca\/International\/wp-json\/wp\/v2\/media?parent=101230"}],"wp:term":[{"taxonomy":"category","embeddable":true,"href":"https:\/\/linitiative.ca\/International\/wp-json\/wp\/v2\/categories?post=101230"},{"taxonomy":"post_tag","embeddable":true,"href":"https:\/\/linitiative.ca\/International\/wp-json\/wp\/v2\/tags?post=101230"}],"curies":[{"name":"wp","href":"https:\/\/api.w.org\/{rel}","templated":true}]}}