{"id":101232,"date":"2020-10-08T17:06:20","date_gmt":"2020-10-08T21:06:20","guid":{"rendered":"https:\/\/linitiative.ca\/International\/foras-regionaux-des-personnes-handicapees-les-preoccupations-du-centre-ouest-repertoriees\/"},"modified":"2020-10-08T17:06:20","modified_gmt":"2020-10-08T21:06:20","slug":"foras-regionaux-des-personnes-handicapees-les-preoccupations-du-centre-ouest-repertoriees","status":"publish","type":"post","link":"https:\/\/linitiative.ca\/International\/foras-regionaux-des-personnes-handicapees-les-preoccupations-du-centre-ouest-repertoriees\/","title":{"rendered":"Foras r\u00e9gionaux des personnes handicap\u00e9es : Les pr\u00e9occupations du Centre-Ouest r\u00e9pertori\u00e9es"},"content":{"rendered":"<div class=\"td-post-featured-image\" readability=\"35\"><a href=\"https:\/\/www.sidwaya.info\/wp-content\/uploads\/2020\/10\/fora.jpg\" data-caption=\"La ministre en charge de la solidarit&#xE9; nationale, Laurence Ilboudo&#xA0;: &#xAB;&#xA0;La tenue des foras r&#xE9;gionaux a pour objectif de recueillir les pr&#xE9;occupations en vue d&#x2019;un plaidoyer aupr&#xE8;s du pr&#xE9;sident du Faso &#xBB;.\"><img loading=\"lazy\" decoding=\"async\" width=\"696\" height=\"522\" class=\"entry-thumb td-modal-image\" src=\"https:\/\/www.sidwaya.info\/wp-content\/uploads\/2020\/10\/fora-696x522.jpg\" srcset=\"https:\/\/www.sidwaya.info\/wp-content\/uploads\/2020\/10\/fora-696x522.jpg 696w, https:\/\/www.sidwaya.info\/wp-content\/uploads\/2020\/10\/fora-300x225.jpg 300w, https:\/\/www.sidwaya.info\/wp-content\/uploads\/2020\/10\/fora-768x576.jpg 768w, https:\/\/www.sidwaya.info\/wp-content\/uploads\/2020\/10\/fora-560x420.jpg 560w, https:\/\/www.sidwaya.info\/wp-content\/uploads\/2020\/10\/fora-80x60.jpg 80w, https:\/\/www.sidwaya.info\/wp-content\/uploads\/2020\/10\/fora-265x198.jpg 265w, https:\/\/www.sidwaya.info\/wp-content\/uploads\/2020\/10\/fora.jpg 787w\" sizes=\"auto, (max-width: 696px) 100vw, 696px\" alt=\"\" title=\"fora\"\/><\/a>La ministre en charge de la solidarit\u00e9 nationale, Laurence Ilboudo\u00a0: \u00ab\u00a0La tenue des foras r\u00e9gionaux a pour objectif de recueillir les pr\u00e9occupations en vue d\u2019un plaidoyer aupr\u00e8s du pr\u00e9sident du Faso \u00bb.<\/div>\n<p><strong>Le forum r\u00e9gional des personnes handicap\u00e9es du Centre-Ouest s\u2019est tenu, le jeudi 8 octobre 2020 \u00e0 Koudougou. Organis\u00e9 par le minist\u00e8re de la Femme, de la Solidarit\u00e9 nationale, de la Famille et de l\u2019Action humanitaire, il a permis de recueillir les pr\u00e9occupations de cette frange de la population en pr\u00e9lude au forum national sur la question.<\/strong><\/p>\n<p class=\"c1\">Le minist\u00e8re de la Femme, de la Solidarit\u00e9 nationale, de la Famille et de l\u2019Action humanitaire poursuit ses rencontres avec les personnes handicap\u00e9es initi\u00e9es dans les 13 r\u00e9gions du pays en vue de la pr\u00e9paration du forum national des personnes handicap\u00e9es pr\u00e9vu pour ce mois d\u2019octobre. La patronne du d\u00e9partement, Laurence Ilboudo et sa d\u00e9l\u00e9gation ont rencontr\u00e9, le jeudi 8 octobre 2020 \u00e0 Koudougou, les personnes vivant avec un handicap \u00e0 la faveur du forum r\u00e9gional du Centre-Ouest. Les d\u00e9l\u00e9gations sont venues des quatre provinces de la r\u00e9gion que sont, le Boulkiemd\u00e9, le Sangui\u00e9, la Sissili et le Ziro pour prendre part \u00e0 cette rencontre dont les travaux ont \u00e9t\u00e9 dirig\u00e9s par la gouverneure, Ir\u00e8ne Coulibaly.<\/p>\n<p class=\"c1\">Dans un premier temps, le maire de Koudougou, Moctar Zongo, a pris la parole pour remercier les autorit\u00e9s du minist\u00e8re en charge de la solidarit\u00e9 nationale pour l\u2019organisation du forum r\u00e9gional et le choix de Koudougou pour abriter la rencontre. D\u00e8s l\u2019entame de son propos \u00e0 l\u2019ouverture des travaux, la ministre Laurence Ilboudo a relev\u00e9 qu\u2019au Burkina Faso, le domaine de la protection et la promotion des personnes handicap\u00e9es a connu des avanc\u00e9es remarquables tant sur le plan social, \u00e9conomique que politique ces derni\u00e8res ann\u00e9es.<\/p>\n<p class=\"c1\">Cependant, a-t-elle fait remarquer, l\u2019analyse globale de la situation r\u00e9v\u00e8le que les personnes handicap\u00e9es rencontrent des difficult\u00e9s dans l\u2019acc\u00e8s aux services sociaux de<\/p>\n<p><img decoding=\"async\" loading=\"lazy\" class=\"size-medium wp-image-27585\" src=\"https:\/\/www.sidwaya.info\/wp-content\/uploads\/2020\/10\/fora2-300x220.jpg\" alt=\"\" width=\"300\" height=\"220\" srcset=\"https:\/\/www.sidwaya.info\/wp-content\/uploads\/2020\/10\/fora2-300x220.jpg 300w, https:\/\/www.sidwaya.info\/wp-content\/uploads\/2020\/10\/fora2-768x564.jpg 768w, https:\/\/www.sidwaya.info\/wp-content\/uploads\/2020\/10\/fora2-696x511.jpg 696w, https:\/\/www.sidwaya.info\/wp-content\/uploads\/2020\/10\/fora2-572x420.jpg 572w, https:\/\/www.sidwaya.info\/wp-content\/uploads\/2020\/10\/fora2-80x60.jpg 80w, https:\/\/www.sidwaya.info\/wp-content\/uploads\/2020\/10\/fora2.jpg 780w\" sizes=\"auto, (max-width: 300px) 100vw, 300px\"\/>Les d\u00e9l\u00e9gations sont venues des quatre provinces pour prendre part \u00e0 ce forum d\u00e9di\u00e9 aux personnes handicap\u00e9es.<\/p>\n<p class=\"c1\">base, \u00e0 la communication, aux sports et loisirs, \u00e0 la participation \u00e0 la vie publique, aux transports, aux infrastructures, \u00e0 l\u2019emploi et \u00e0 la formation professionnelle. La tenue des rencontres r\u00e9gionales avec les personnes handicap\u00e9es a pour objectif de recueillir les pr\u00e9occupations de cette cat\u00e9gorie de citoyens et faire le plaidoyer lors de la rencontre avec le Pr\u00e9sident du Faso, Roch Kabor\u00e9 pendant le forum national des personnes handicap\u00e9es, le 27 octobre 2020. De l\u2019avis de Mme Ilboudo, la situation s\u00e9curitaire actuelle de notre pays est encore plus difficile pour les personnes handicap\u00e9es.<\/p>\n<p class=\"c1\">\u00ab Dans leur fuite, les familles ont tendance \u00e0 abandonner les personnes vivant avec un handicap qui peuvent retarder la marche \u00bb, a-t-elle pr\u00e9cis\u00e9. R\u00e9agissant \u00e0 certaines dol\u00e9ances des femmes, Laurence Ilboudo a laiss\u00e9 entendre que le gouvernement ne peut pas cr\u00e9er un fonds sp\u00e9cifique d\u00e9di\u00e9 aux personnes handicap\u00e9es ni r\u00e9aliser une maison r\u00e9serv\u00e9e uniquement aux femmes handicap\u00e9es. \u00ab Le gouvernement a cr\u00e9\u00e9 des fonds pour les femmes, les jeunes que ce soient ceux vivant avec ou sans handicap \u00bb, s\u2019est justifi\u00e9e Laurence Ilboudo. S\u2019agissant des possibilit\u00e9s d\u2019acc\u00e8s aux b\u00e2timents administratifs, la gouverneure du Centre-Ouest a indiqu\u00e9 que l\u2019Etat travaille \u00e0 la prise en compte de cette pr\u00e9occupation l\u00e9gitime.<\/p>\n<p class=\"c2\"><strong>Beyon Romain NEBIE<\/strong><br \/>beynebie@gmail.com<\/p>\n<hr\/>\n<p><strong>Recommandation de la coordination r\u00e9gionale des personnes handicap\u00e9es du Centre-Ouest\u00a0<\/strong><\/p>\n<p>A l\u2019issue des \u00e9changes, la coordination r\u00e9gionale des personnes handicap\u00e9es du Centre-Ouest, par la voix de sa pr\u00e9sidente, Victorine Guissou, a formul\u00e9 des dol\u00e9ances parmi lesquelles : la construction d\u2019une maison des Femmes handicap\u00e9es, la d\u00e9livrance dans les meilleurs d\u00e9lais de la carte d\u2019invalidit\u00e9, la construction d\u2019un centre de r\u00e9\u00e9ducation adapt\u00e9 pour enfants souffrant d\u2019un handicap moteur ou intellectuel, l\u2019augmentation de la subvention destin\u00e9e au financement des Activit\u00e9s g\u00e9n\u00e9ratrices de revenus (AGR) des personnes handicap\u00e9es. La dotation des enfants handicap\u00e9es en fournitures scolaires et autres pour faire de l\u2019\u00e9ducation inclusive une r\u00e9alit\u00e9 au Burkina Faso.<br \/>B.R.N<\/p>\n<div class=\"td-a-rec td-a-rec-id-content_bottom tdi_30_f45 td_block_template_1\"><img loading=\"lazy\" decoding=\"async\" class=\"aligncenter size-full wp-image-27454\" src=\"https:\/\/www.sidwaya.info\/wp-content\/uploads\/2020\/10\/PUB-Bandeau-paiement-mobile-siteweb.jpg\" alt=\"\" width=\"728\" height=\"90\"\/><\/div>\n<p>Auteur: JK. Sidwaya<br \/>\n<a href=\"https:\/\/www.sidwaya.info\/blog\/2020\/10\/08\/foras-regionaux-des-personnes-handicapees-les-preoccupations-du-centre-ouest-repertoriees\/\">Cliquez ici pour lire l&rsquo;article depuis sa source.<\/a><\/p>\n","protected":false},"excerpt":{"rendered":"<p>La ministre en charge de la solidarit\u00e9 nationale, Laurence Ilboudo\u00a0: \u00ab\u00a0La tenue des foras r\u00e9gionaux a pour objectif de recueillir les pr\u00e9occupations en vue d\u2019un plaidoyer aupr\u00e8s du pr\u00e9sident du Faso \u00bb. Le forum r\u00e9gional des personnes handicap\u00e9es du Centre-Ouest s\u2019est tenu, le jeudi 8 octobre 2020 \u00e0 Koudougou. Organis\u00e9 par le minist\u00e8re de la [&hellip;]<\/p>\n","protected":false},"author":1816,"featured_media":101233,"comment_status":"closed","ping_status":"closed","sticky":false,"template":"","format":"standard","meta":{"fifu_image_url":"","fifu_image_alt":"","footnotes":""},"categories":[73,81],"tags":[],"class_list":["post-101232","post","type-post","status-publish","format-standard","has-post-thumbnail","hentry","category-actualite","category-burkina-faso"],"_links":{"self":[{"href":"https:\/\/linitiative.ca\/International\/wp-json\/wp\/v2\/posts\/101232","targetHints":{"allow":["GET"]}}],"collection":[{"href":"https:\/\/linitiative.ca\/International\/wp-json\/wp\/v2\/posts"}],"about":[{"href":"https:\/\/linitiative.ca\/International\/wp-json\/wp\/v2\/types\/post"}],"author":[{"embeddable":true,"href":"https:\/\/linitiative.ca\/International\/wp-json\/wp\/v2\/users\/1816"}],"replies":[{"embeddable":true,"href":"https:\/\/linitiative.ca\/International\/wp-json\/wp\/v2\/comments?post=101232"}],"version-history":[{"count":0,"href":"https:\/\/linitiative.ca\/International\/wp-json\/wp\/v2\/posts\/101232\/revisions"}],"wp:featuredmedia":[{"embeddable":true,"href":"https:\/\/linitiative.ca\/International\/wp-json\/"}],"wp:attachment":[{"href":"https:\/\/linitiative.ca\/International\/wp-json\/wp\/v2\/media?parent=101232"}],"wp:term":[{"taxonomy":"category","embeddable":true,"href":"https:\/\/linitiative.ca\/International\/wp-json\/wp\/v2\/categories?post=101232"},{"taxonomy":"post_tag","embeddable":true,"href":"https:\/\/linitiative.ca\/International\/wp-json\/wp\/v2\/tags?post=101232"}],"curies":[{"name":"wp","href":"https:\/\/api.w.org\/{rel}","templated":true}]}}