{"id":101234,"date":"2020-10-08T17:35:48","date_gmt":"2020-10-08T21:35:48","guid":{"rendered":"https:\/\/linitiative.ca\/International\/mali-lopposant-soumaila-cisse-enfin-libre\/"},"modified":"2020-10-08T17:35:48","modified_gmt":"2020-10-08T21:35:48","slug":"mali-lopposant-soumaila-cisse-enfin-libre","status":"publish","type":"post","link":"https:\/\/linitiative.ca\/International\/mali-lopposant-soumaila-cisse-enfin-libre\/","title":{"rendered":"Mali : L\u2019opposant Souma\u00efla Ciss\u00e9 enfin libre"},"content":{"rendered":"<div class=\"td-post-featured-image\" readability=\"34\"><a href=\"https:\/\/www.sidwaya.info\/wp-content\/uploads\/2020\/10\/soumi.jpg\" data-caption=\"D&#xE9;tenu pendant pr&#xE8;s de huit mois, Souma&#xEF;la Ciss&#xE9;, a &#xE9;t&#xE9; lib&#xE9;r&#xE9; en compagnie&#x2026;\"><img loading=\"lazy\" decoding=\"async\" width=\"696\" height=\"430\" class=\"entry-thumb td-modal-image\" src=\"https:\/\/www.sidwaya.info\/wp-content\/uploads\/2020\/10\/soumi-696x430.jpg\" srcset=\"https:\/\/www.sidwaya.info\/wp-content\/uploads\/2020\/10\/soumi-696x430.jpg 696w, https:\/\/www.sidwaya.info\/wp-content\/uploads\/2020\/10\/soumi-300x185.jpg 300w, https:\/\/www.sidwaya.info\/wp-content\/uploads\/2020\/10\/soumi-768x475.jpg 768w, https:\/\/www.sidwaya.info\/wp-content\/uploads\/2020\/10\/soumi-680x420.jpg 680w, https:\/\/www.sidwaya.info\/wp-content\/uploads\/2020\/10\/soumi-356x220.jpg 356w, https:\/\/www.sidwaya.info\/wp-content\/uploads\/2020\/10\/soumi.jpg 780w\" sizes=\"auto, (max-width: 696px) 100vw, 696px\" alt=\"\" title=\"soumi\"\/><\/a>D\u00e9tenu pendant pr\u00e8s de huit mois, Souma\u00efla Ciss\u00e9, a \u00e9t\u00e9 lib\u00e9r\u00e9 en compagnie\u2026<\/div>\n<p><strong>Deux otages, la Fran\u00e7aise Sophie P\u00e9tronin et le chef de l\u2019opposition malienne Souma\u00efla Ciss\u00e9, ont \u00e9t\u00e9 lib\u00e9r\u00e9s, le jeudi 8 octobre 2020. Cette lib\u00e9ration intervient apr\u00e8s la remise en libert\u00e9 de plusieurs dizaines de jihadistes par les autorit\u00e9s maliennes.<\/strong><\/p>\n<p>L\u2019une, Sophie P\u00e9tronin, est retenue au Mali depuis le 24 d\u00e9cembre 2016. Elle avait \u00e9t\u00e9 enlev\u00e9e alors qu\u2019elle officiait comme travailleuse humanitaire \u00e0 Gao. L\u2019autre, Souma\u00efla Ciss\u00e9, chef de file de l\u2019opposition malienne, avait \u00e9t\u00e9 enlev\u00e9 par des hommes arm\u00e9s dans le nord du Mali en mars dernier, alors qu\u2019il faisait campagne pour les l\u00e9gislatives.<br \/>Ces deux lib\u00e9rations ont eu lieu apr\u00e8s la lib\u00e9ration par les autorit\u00e9s maliennes de plusieurs dizaines de jihadistes et de pr\u00e9sum\u00e9s jihadistes. Des discussions \u00e9taient engag\u00e9es entre les autorit\u00e9s maliennes et les ravisseurs depuis des mois.<\/p>\n<h3>Les coulisses de la lib\u00e9ration<\/h3>\n<p>La s\u00e9quence de la lib\u00e9ration commence pendant le week-end, lorsque plusieurs dizaines de prisonniers jihadistes sont sortis de leur cellule et convoy\u00e9s vers Tessalit, dans l\u2019extr\u00eame nord du Mali. Ils sont accus\u00e9s d\u2019appartenir \u00e0 des groupes terroristes jihadistes, li\u00e9s \u00e0 Al Qaeda au Maghreb islamique. Diverses sources, s\u00e9curitaires et judiciaires, confirment qu\u2019ils doivent servir de monnaie d\u2019\u00e9change. C\u2019est la premi\u00e8re contrepartie.<br \/>Combien sont-ils pr\u00e9cis\u00e9ment ? 100 ? 150 ? 200 ?<\/p>\n<p><img decoding=\"async\" loading=\"lazy\" class=\"size-medium wp-image-27589\" src=\"https:\/\/www.sidwaya.info\/wp-content\/uploads\/2020\/10\/petronin-300x183.jpg\" alt=\"\" width=\"300\" height=\"183\" srcset=\"https:\/\/www.sidwaya.info\/wp-content\/uploads\/2020\/10\/petronin-300x183.jpg 300w, https:\/\/www.sidwaya.info\/wp-content\/uploads\/2020\/10\/petronin-768x468.jpg 768w, https:\/\/www.sidwaya.info\/wp-content\/uploads\/2020\/10\/petronin-696x424.jpg 696w, https:\/\/www.sidwaya.info\/wp-content\/uploads\/2020\/10\/petronin-690x420.jpg 690w, https:\/\/www.sidwaya.info\/wp-content\/uploads\/2020\/10\/petronin.jpg 780w\" sizes=\"auto, (max-width: 300px) 100vw, 300px\"\/>\u2026de la Fran\u00e7aise, Sophie P\u00e9tronin.<\/p>\n<p>Les diverses sources contact\u00e9es affirment ne pas pouvoir \u00eatre pr\u00e9cises : ces lib\u00e9rations extra-judiciaires sont par d\u00e9finition secr\u00e8tes et, si certains prisonniers \u00e9taient d\u00e9tenus \u00e0 la Maison d\u2019arr\u00eat centrale de Bamako, d\u2019autres sortiraient de sites de la S\u00e9curit\u00e9 d\u2019\u00c9tat, les services de renseignement maliens. Dans tous les cas, c\u2019est un nombre important, tr\u00e8s important, m\u00eame de combattants qui est sur la table.<\/p>\n<p>La d\u00e9cision de les lib\u00e9rer a-t-elle \u00e9t\u00e9 prise par les nouvelles autorit\u00e9s maliennes ? Par le pr\u00e9sident d\u00e9chu, Ibrahim Boubacar Keita, sans qu\u2019il n\u2019ait pu mener l\u2019op\u00e9ration \u00e0 son terme ? La France a-t-elle \u00e9t\u00e9 consult\u00e9e ? Ou la Mission des Nations unies dans le pays ?<br \/>La seconde contrepartie, c\u2019est la ran\u00e7on. \u00c0 ce stade, seules circulent des rumeurs, aucune information fiable. Lors des pr\u00e9c\u00e9dentes lib\u00e9rations d\u2019otages dans la zone, les montants ont atteint plusieurs dizaines de millions d\u2019euros.<\/p>\n<p class=\"c1\"><strong>Source :<\/strong> RFI.fr<\/p>\n<div class=\"td-a-rec td-a-rec-id-content_bottom tdi_30_087 td_block_template_1\"><img loading=\"lazy\" decoding=\"async\" class=\"aligncenter size-full wp-image-27454\" src=\"https:\/\/www.sidwaya.info\/wp-content\/uploads\/2020\/10\/PUB-Bandeau-paiement-mobile-siteweb.jpg\" alt=\"\" width=\"728\" height=\"90\"\/><\/div>\n<p>Auteur: JK. Sidwaya<br \/>\n<a href=\"https:\/\/www.sidwaya.info\/blog\/2020\/10\/08\/mali-lopposant-soumaila-cisse-enfin-libre\/\">Cliquez ici pour lire l&rsquo;article depuis sa source.<\/a><\/p>\n","protected":false},"excerpt":{"rendered":"<p>D\u00e9tenu pendant pr\u00e8s de huit mois, Souma\u00efla Ciss\u00e9, a \u00e9t\u00e9 lib\u00e9r\u00e9 en compagnie\u2026 Deux otages, la Fran\u00e7aise Sophie P\u00e9tronin et le chef de l\u2019opposition malienne Souma\u00efla Ciss\u00e9, ont \u00e9t\u00e9 lib\u00e9r\u00e9s, le jeudi 8 octobre 2020. Cette lib\u00e9ration intervient apr\u00e8s la remise en libert\u00e9 de plusieurs dizaines de jihadistes par les autorit\u00e9s maliennes. L\u2019une, Sophie P\u00e9tronin, [&hellip;]<\/p>\n","protected":false},"author":1816,"featured_media":101235,"comment_status":"closed","ping_status":"closed","sticky":false,"template":"","format":"standard","meta":{"fifu_image_url":"","fifu_image_alt":"","footnotes":""},"categories":[73,81],"tags":[],"class_list":["post-101234","post","type-post","status-publish","format-standard","has-post-thumbnail","hentry","category-actualite","category-burkina-faso"],"_links":{"self":[{"href":"https:\/\/linitiative.ca\/International\/wp-json\/wp\/v2\/posts\/101234","targetHints":{"allow":["GET"]}}],"collection":[{"href":"https:\/\/linitiative.ca\/International\/wp-json\/wp\/v2\/posts"}],"about":[{"href":"https:\/\/linitiative.ca\/International\/wp-json\/wp\/v2\/types\/post"}],"author":[{"embeddable":true,"href":"https:\/\/linitiative.ca\/International\/wp-json\/wp\/v2\/users\/1816"}],"replies":[{"embeddable":true,"href":"https:\/\/linitiative.ca\/International\/wp-json\/wp\/v2\/comments?post=101234"}],"version-history":[{"count":0,"href":"https:\/\/linitiative.ca\/International\/wp-json\/wp\/v2\/posts\/101234\/revisions"}],"wp:featuredmedia":[{"embeddable":true,"href":"https:\/\/linitiative.ca\/International\/wp-json\/"}],"wp:attachment":[{"href":"https:\/\/linitiative.ca\/International\/wp-json\/wp\/v2\/media?parent=101234"}],"wp:term":[{"taxonomy":"category","embeddable":true,"href":"https:\/\/linitiative.ca\/International\/wp-json\/wp\/v2\/categories?post=101234"},{"taxonomy":"post_tag","embeddable":true,"href":"https:\/\/linitiative.ca\/International\/wp-json\/wp\/v2\/tags?post=101234"}],"curies":[{"name":"wp","href":"https:\/\/api.w.org\/{rel}","templated":true}]}}