{"id":101237,"date":"2020-10-08T16:18:02","date_gmt":"2020-10-08T20:18:02","guid":{"rendered":"https:\/\/linitiative.ca\/International\/dialogue-inter-libyen-de-bouznika-la-cen-sad-salue-les-accords-du-2e-round\/"},"modified":"2020-10-08T16:18:02","modified_gmt":"2020-10-08T20:18:02","slug":"dialogue-inter-libyen-de-bouznika-la-cen-sad-salue-les-accords-du-2e-round","status":"publish","type":"post","link":"https:\/\/linitiative.ca\/International\/dialogue-inter-libyen-de-bouznika-la-cen-sad-salue-les-accords-du-2e-round\/","title":{"rendered":"Dialogue inter-libyen de Bouznika : La CEN-SAD salue les accords du 2\u00e8 round"},"content":{"rendered":"<div readability=\"32\">\n<p>Publi\u00e9 le 08.10.2020 \u00e0 21h18 par APA News<\/p>\n<\/div>\n<div readability=\"78\">\n<p>La Communaut\u00e9 des Etats sah\u00e9lo-sahariens (CEN-SAD) a salu\u00e9, jeudi, les accords conclus entre la d\u00e9l\u00e9gation du Haut conseil d\u2019Etat et celle de la Chambre des repr\u00e9sentants dans le cadre du 2-\u00e8me round du dialogue inter-libyen de Bouznika, au MarocDans un communiqu\u00e9, cit\u00e9 par le portail du minist\u00e8re marocain des Affaires \u00e9trang\u00e8res, la CEN-SAD indique avoir suivi avec satisfaction la conclusion, mardi 06 octobre, du deuxi\u00e8me round des n\u00e9gociations de Bouznika entre les parties libyennes sous l\u2019\u00e9gide du Maroc, tout en se f\u00e9licitant de l\u2019accord conclu sur \u00ab\u00a0les m\u00e9canismes et les crit\u00e8res de s\u00e9lection des titulaires des postes de direction des institutions souveraines telles que \u00e9nonc\u00e9es \u00e0 l\u2019article 15 de l\u2019accord de Skhirat sign\u00e9 en d\u00e9cembre 2015\u00a0\u00bb.<\/p>\n<p>Elle a \u00e9galement salu\u00e9 \u00ab\u00a0la volont\u00e9 ferme de toutes les parties de surmonter les divisions politiques actuelles dans l\u2019int\u00e9r\u00eat sup\u00e9rieur de la nation libyenne, ainsi que de leur engagement de prendre d\u00e9sormais comme documents de r\u00e9f\u00e9rence pour un accord global, l\u2019Accord politique Libye de Skhirat de 2015 et les conclusions de la Conf\u00e9rence de Berlin sur la Libye de 2020\u00a0\u00bb.<\/p>\n<p>La CEN-SAD a de m\u00eame renouvel\u00e9 sa plus Haute appr\u00e9ciation \u00e0 Sa Majest\u00e9 le Roi Mohammed VI , Que Dieu L\u2019Assiste, pour \u00ab\u00a0les impulsions donn\u00e9es au dialogue inter-libyen pour la constance dans l\u2019appui aux parties libyennes, preuve suppl\u00e9mentaire de l\u2019engagement constructif du Royaume du Maroc, appr\u00e9ci\u00e9 et salu\u00e9, tant au plan bilat\u00e9ral que multilat\u00e9ral, pour la paix, la s\u00e9curit\u00e9 et le d\u00e9veloppement socio-\u00e9conomique en Afrique\u00a0\u00bb.<\/p>\n<p>La CEN-SAD a, en outre, f\u00e9licit\u00e9 le ministre des Affaires \u00e9trang\u00e8res, de la Coop\u00e9ration africaine et des Marocains r\u00e9sidant \u00e0 l\u2019\u00e9tranger, Nasser Bourita, \u00ab\u00a0pour l\u2019accompagnement fructueux de ces pourparlers inter-libyens\u00a0\u00bb et appuie fortement son appel \u00e0 la Communaut\u00e9 internationale en vue d\u2019un soutien actif et coordonn\u00e9 au processus de paix et de r\u00e9conciliation nationale en Libye.<\/p>\n<p>La Communaut\u00e9 des Etats sah\u00e9lo-sahariens renouvelle sa disponibilit\u00e9 \u00e0 accompagner les parties libyennes dans la mise en \u0153uvre de ce \u00ab\u00a0consensus de Bouznika\u00a0\u00bb, gage de la paix et de la stabilit\u00e9 de la Libye et de l\u2019ensemble de l\u2019espace sah\u00e9lo-saharien, conclut le communiqu\u00e9.<\/p>\n<\/div>\n<p>Auteur: APA News<br \/>\n<a href=\"https:\/\/www.journalducameroun.com\/dialogue-inter-libyen-de-bouznika-la-cen-sad-salue-les-accords-du-2e-round\/\">Cliquez ici pour lire l&rsquo;article depuis sa source.<\/a><\/p>\n","protected":false},"excerpt":{"rendered":"<p>Publi\u00e9 le 08.10.2020 \u00e0 21h18 par APA News La Communaut\u00e9 des Etats sah\u00e9lo-sahariens (CEN-SAD) a salu\u00e9, jeudi, les accords conclus entre la d\u00e9l\u00e9gation du Haut conseil d\u2019Etat et celle de la Chambre des repr\u00e9sentants dans le cadre du 2-\u00e8me round du dialogue inter-libyen de Bouznika, au MarocDans un communiqu\u00e9, cit\u00e9 par le portail du minist\u00e8re [&hellip;]<\/p>\n","protected":false},"author":1965,"featured_media":0,"comment_status":"closed","ping_status":"closed","sticky":false,"template":"","format":"standard","meta":{"fifu_image_url":"","fifu_image_alt":"","footnotes":""},"categories":[73,82],"tags":[],"class_list":["post-101237","post","type-post","status-publish","format-standard","hentry","category-actualite","category-cameroun"],"_links":{"self":[{"href":"https:\/\/linitiative.ca\/International\/wp-json\/wp\/v2\/posts\/101237","targetHints":{"allow":["GET"]}}],"collection":[{"href":"https:\/\/linitiative.ca\/International\/wp-json\/wp\/v2\/posts"}],"about":[{"href":"https:\/\/linitiative.ca\/International\/wp-json\/wp\/v2\/types\/post"}],"author":[{"embeddable":true,"href":"https:\/\/linitiative.ca\/International\/wp-json\/wp\/v2\/users\/1965"}],"replies":[{"embeddable":true,"href":"https:\/\/linitiative.ca\/International\/wp-json\/wp\/v2\/comments?post=101237"}],"version-history":[{"count":0,"href":"https:\/\/linitiative.ca\/International\/wp-json\/wp\/v2\/posts\/101237\/revisions"}],"wp:attachment":[{"href":"https:\/\/linitiative.ca\/International\/wp-json\/wp\/v2\/media?parent=101237"}],"wp:term":[{"taxonomy":"category","embeddable":true,"href":"https:\/\/linitiative.ca\/International\/wp-json\/wp\/v2\/categories?post=101237"},{"taxonomy":"post_tag","embeddable":true,"href":"https:\/\/linitiative.ca\/International\/wp-json\/wp\/v2\/tags?post=101237"}],"curies":[{"name":"wp","href":"https:\/\/api.w.org\/{rel}","templated":true}]}}