{"id":101238,"date":"2020-10-08T17:47:34","date_gmt":"2020-10-08T21:47:34","guid":{"rendered":"https:\/\/linitiative.ca\/International\/cameroun-sonatrel-fait-lacquisition-de-trois-nouveaux-transformateurs-de-60-mva\/"},"modified":"2020-10-08T17:47:34","modified_gmt":"2020-10-08T21:47:34","slug":"cameroun-sonatrel-fait-lacquisition-de-trois-nouveaux-transformateurs-de-60-mva","status":"publish","type":"post","link":"https:\/\/linitiative.ca\/International\/cameroun-sonatrel-fait-lacquisition-de-trois-nouveaux-transformateurs-de-60-mva\/","title":{"rendered":"Cameroun : SONATREL fait l\u2019acquisition de trois nouveaux transformateurs de 60 MVA"},"content":{"rendered":"<div readability=\"32\">\n<p>Publi\u00e9 le 08.10.2020 \u00e0 22h47 par JournalduCameroun.com<\/p>\n<\/div>\n<div readability=\"55\">\n<h2 class=\"c6\">Ils seront install\u00e9s \u00e0 Douala pour augmenter la capacit\u00e9 de fourniture de l\u2019\u00e9nergie \u00e9lectrique dans la ville.<\/h2>\n<p class=\"c7\">Trois <strong>transformateurs<\/strong> d\u2019une puissance de 60 MVA ont \u00e9t\u00e9 r\u00e9ceptionn\u00e9s ce 8 octobre 2020 au port de Douala. R\u00e9ception suivie par Victore Mbemi Nyaknga, Directeur g\u00e9n\u00e9ral de la Soci\u00e9t\u00e9 nationale de transport de l\u2019\u00e9lectricit\u00e9 (SONATREL).<\/p>\n<p class=\"c7\">Ce mat\u00e9riel va \u00eatre install\u00e9 au poste d\u2019interconnexion de Logbaba pour remplacer les trois autres transformateurs de 35 MVA chacun largement d\u00e9pass\u00e9s par la demande.<\/p>\n<p class=\"c7\">Les trois nouveaux transformateurs monophas\u00e9s, avec une puissance totale de 180 MVA, vont permettre de r\u00e9nover le r\u00e9seau de transports de l\u2019\u00e9lectricit\u00e9.<\/p>\n<p class=\"c7\"><em>\u00ab\u00a0Nous avons r\u00e9ceptionn\u00e9 avant trois transformateurs d\u2019une puissance de 50 MVA. Nous les avons install\u00e9s respectivement \u00e0 Limbe dans le Sud-ouest, \u00e0 Kondengui et \u00e0 Ahala dans le Centre\u00a0\u00bb,<\/em> a expliqu\u00e9 le DG de <strong>SONATREL<\/strong>.<\/p>\n<p class=\"c7\">Il ajoute que \u00a0<em>\u00ab\u00a0dans les jours \u00e0 venir, nous allons poursuivre avec la construction des postes de transformations proprement dits. Nous allons commencer par la construction du poste de Nyom II \u00e0 Yaound\u00e9. C\u2019est ce poste-l\u00e0 qui va accueillir l\u2019\u00e9nergie \u00e9lectrique qui viendra du barrage de Nachtigal en construction en ce moment\u00a0\u00bb<\/em>.<\/p>\n<\/div>\n<p>Auteur: Ludovic Amara<br \/>\n<a href=\"https:\/\/www.journalducameroun.com\/cameroun-sonatrel-fait-lacquisition-de-trois-nouveaux-transformateurs-de-60-mva-cameroun\/\">Cliquez ici pour lire l&rsquo;article depuis sa source.<\/a><\/p>\n","protected":false},"excerpt":{"rendered":"<p>Publi\u00e9 le 08.10.2020 \u00e0 22h47 par JournalduCameroun.com Ils seront install\u00e9s \u00e0 Douala pour augmenter la capacit\u00e9 de fourniture de l\u2019\u00e9nergie \u00e9lectrique dans la ville. Trois transformateurs d\u2019une puissance de 60 MVA ont \u00e9t\u00e9 r\u00e9ceptionn\u00e9s ce 8 octobre 2020 au port de Douala. R\u00e9ception suivie par Victore Mbemi Nyaknga, Directeur g\u00e9n\u00e9ral de la Soci\u00e9t\u00e9 nationale de [&hellip;]<\/p>\n","protected":false},"author":1965,"featured_media":0,"comment_status":"closed","ping_status":"closed","sticky":false,"template":"","format":"standard","meta":{"fifu_image_url":"","fifu_image_alt":"","footnotes":""},"categories":[73,82],"tags":[],"class_list":["post-101238","post","type-post","status-publish","format-standard","hentry","category-actualite","category-cameroun"],"_links":{"self":[{"href":"https:\/\/linitiative.ca\/International\/wp-json\/wp\/v2\/posts\/101238","targetHints":{"allow":["GET"]}}],"collection":[{"href":"https:\/\/linitiative.ca\/International\/wp-json\/wp\/v2\/posts"}],"about":[{"href":"https:\/\/linitiative.ca\/International\/wp-json\/wp\/v2\/types\/post"}],"author":[{"embeddable":true,"href":"https:\/\/linitiative.ca\/International\/wp-json\/wp\/v2\/users\/1965"}],"replies":[{"embeddable":true,"href":"https:\/\/linitiative.ca\/International\/wp-json\/wp\/v2\/comments?post=101238"}],"version-history":[{"count":0,"href":"https:\/\/linitiative.ca\/International\/wp-json\/wp\/v2\/posts\/101238\/revisions"}],"wp:attachment":[{"href":"https:\/\/linitiative.ca\/International\/wp-json\/wp\/v2\/media?parent=101238"}],"wp:term":[{"taxonomy":"category","embeddable":true,"href":"https:\/\/linitiative.ca\/International\/wp-json\/wp\/v2\/categories?post=101238"},{"taxonomy":"post_tag","embeddable":true,"href":"https:\/\/linitiative.ca\/International\/wp-json\/wp\/v2\/tags?post=101238"}],"curies":[{"name":"wp","href":"https:\/\/api.w.org\/{rel}","templated":true}]}}