{"id":101239,"date":"2020-10-08T18:03:29","date_gmt":"2020-10-08T22:03:29","guid":{"rendered":"https:\/\/linitiative.ca\/International\/cameroun-paul-biya-presente-ses-condoleances-a-la-famille-du-batonnier-decede-et-aux-avocats\/"},"modified":"2020-10-08T18:03:29","modified_gmt":"2020-10-08T22:03:29","slug":"cameroun-paul-biya-presente-ses-condoleances-a-la-famille-du-batonnier-decede-et-aux-avocats","status":"publish","type":"post","link":"https:\/\/linitiative.ca\/International\/cameroun-paul-biya-presente-ses-condoleances-a-la-famille-du-batonnier-decede-et-aux-avocats\/","title":{"rendered":"Cameroun : Paul Biya pr\u00e9sente ses condol\u00e9ances \u00e0 la famille du B\u00e2tonnier d\u00e9c\u00e9d\u00e9 et aux avocats"},"content":{"rendered":"<div readability=\"32\">\n<p>Publi\u00e9 le 08.10.2020 \u00e0 23h06 par JournalduCameroun.com<\/p>\n<\/div>\n<div readability=\"51\">\n<h2 class=\"c6\">Les deux lettres ont \u00e9t\u00e9 rendues publiques ce jeudi\u00a08\u00a0octobre 2020.<\/h2>\n<p class=\"c7\">Deux courriers \u00e9manant de la pr\u00e9sidence de la R\u00e9publique du Cameroun ont \u00e9t\u00e9 d\u00e9voil\u00e9s ce jour. Les deux correspondances du chef de l\u2019Etat porte sur le d\u00e9c\u00e8s de Charles Tchakoute Patie, B\u00e2tonnier de l\u2019Ordre des avocats d\u00e9c\u00e9d\u00e9 le 3\u00a0octobre en France.<\/p>\n<p class=\"c7\">Dans un des courriers, Paul Biya s\u2019adresse \u00e0 l\u2019\u00e9pouse de l\u2019ancien B\u00e2tonnier \u00e0 qui il pr\u00e9sente ses <em>\u00ab\u2009sinc\u00e8res condol\u00e9ances\u2009\u00bb<\/em>.<\/p>\n<p class=\"c7\">La deuxi\u00e8me correspondance est adress\u00e9e \u00e0 Me Claire Atangana Bikouna, doyenne des avocats qui assure l\u2019int\u00e9rim, par l\u2019entremise de qui le chef de l\u2019Etat adresse ses condol\u00e9ances \u00e0 la famille des avocats.<\/p>\n<p class=\"c7\">En effet, Me Claire Atangana Bikouna a \u00e9t\u00e9 choisie par le Conseil l\u2019Ordre pour assurer la gestion des affaires courantes jusqu\u2019\u00e0 \u00e9lection d\u2019un nouveau B\u00e2tonnier.<\/p>\n<p class=\"c7\">Charles Tchakoute Patie avait \u00e9t\u00e9 \u00e9lu en novembre 2018.<\/p>\n<\/div>\n<p>Auteur: Ludovic Amara<br \/>\n<a href=\"https:\/\/www.journalducameroun.com\/cameroun-paul-biya-presente-ses-condoleances-a-la-famille-du-batonnier-decede-et-aux-avocats\/\">Cliquez ici pour lire l&rsquo;article depuis sa source.<\/a><\/p>\n","protected":false},"excerpt":{"rendered":"<p>Publi\u00e9 le 08.10.2020 \u00e0 23h06 par JournalduCameroun.com Les deux lettres ont \u00e9t\u00e9 rendues publiques ce jeudi\u00a08\u00a0octobre 2020. Deux courriers \u00e9manant de la pr\u00e9sidence de la R\u00e9publique du Cameroun ont \u00e9t\u00e9 d\u00e9voil\u00e9s ce jour. Les deux correspondances du chef de l\u2019Etat porte sur le d\u00e9c\u00e8s de Charles Tchakoute Patie, B\u00e2tonnier de l\u2019Ordre des avocats d\u00e9c\u00e9d\u00e9 le [&hellip;]<\/p>\n","protected":false},"author":1965,"featured_media":0,"comment_status":"closed","ping_status":"closed","sticky":false,"template":"","format":"standard","meta":{"fifu_image_url":"","fifu_image_alt":"","footnotes":""},"categories":[73,82],"tags":[],"class_list":["post-101239","post","type-post","status-publish","format-standard","hentry","category-actualite","category-cameroun"],"_links":{"self":[{"href":"https:\/\/linitiative.ca\/International\/wp-json\/wp\/v2\/posts\/101239","targetHints":{"allow":["GET"]}}],"collection":[{"href":"https:\/\/linitiative.ca\/International\/wp-json\/wp\/v2\/posts"}],"about":[{"href":"https:\/\/linitiative.ca\/International\/wp-json\/wp\/v2\/types\/post"}],"author":[{"embeddable":true,"href":"https:\/\/linitiative.ca\/International\/wp-json\/wp\/v2\/users\/1965"}],"replies":[{"embeddable":true,"href":"https:\/\/linitiative.ca\/International\/wp-json\/wp\/v2\/comments?post=101239"}],"version-history":[{"count":0,"href":"https:\/\/linitiative.ca\/International\/wp-json\/wp\/v2\/posts\/101239\/revisions"}],"wp:attachment":[{"href":"https:\/\/linitiative.ca\/International\/wp-json\/wp\/v2\/media?parent=101239"}],"wp:term":[{"taxonomy":"category","embeddable":true,"href":"https:\/\/linitiative.ca\/International\/wp-json\/wp\/v2\/categories?post=101239"},{"taxonomy":"post_tag","embeddable":true,"href":"https:\/\/linitiative.ca\/International\/wp-json\/wp\/v2\/tags?post=101239"}],"curies":[{"name":"wp","href":"https:\/\/api.w.org\/{rel}","templated":true}]}}