{"id":101240,"date":"2020-10-08T18:03:33","date_gmt":"2020-10-08T22:03:33","guid":{"rendered":"https:\/\/linitiative.ca\/International\/gaborone-inquiet-de-la-hausse-quotidienne-des-cas-de-covid-19\/"},"modified":"2020-10-08T18:03:33","modified_gmt":"2020-10-08T22:03:33","slug":"gaborone-inquiet-de-la-hausse-quotidienne-des-cas-de-covid-19","status":"publish","type":"post","link":"https:\/\/linitiative.ca\/International\/gaborone-inquiet-de-la-hausse-quotidienne-des-cas-de-covid-19\/","title":{"rendered":"Gaborone inquiet de la hausse quotidienne des cas de Covid-19"},"content":{"rendered":"<div readability=\"32\">\n<p>Publi\u00e9 le 08.10.2020 \u00e0 23h18 par APA News<\/p>\n<\/div>\n<div readability=\"66\">\n<p>Le gouvernement du Botswana a exprim\u00e9 son inqui\u00e9tude face \u00e0 l\u2019augmentation quotidienne des infections \u00e0 la Covid-19, alors que le pays a r\u00e9v\u00e9l\u00e9 avoir enregistr\u00e9 plus de 1.200 nouveaux cas sur une p\u00e9riode de 10 jours \u00e0 partir de la fin septembre.Mosepele Mosepele, coordinateur adjoint du groupe de travail pr\u00e9sidentiel en charge de la Covid-19, a d\u00e9clar\u00e9 au quotidien public Daily News que ce pays d\u2019Afrique australe avait enregistr\u00e9 1228 nouveaux cas entre le 24 septembre et le 4 octobre.<\/p>\n<p>\u00a0Cela se traduit par une moyenne quotidienne de 120 cas, contre 20 par jour en ao\u00fbt, a d\u00e9clar\u00e9 Mosepele.<\/p>\n<p>\u00a0Le Botswana a jusqu\u2019\u00e0 pr\u00e9sent r\u00e9ussi \u00e0 contenir la propagation du coronavirus et est l\u2019un des deux pays d\u2019Afrique australe qui comptent moins de 5.000 cas confirm\u00e9s. L\u2019autre est le Lesotho, avec 1.767 cas signal\u00e9s \u00e0 la date de jeudi.<\/p>\n<p>\u00a0Le m\u00eame jour, le Botswana avait enregistr\u00e9 3.172 cas de Covid-19, la capitale Gaborone \u00e9tant consid\u00e9r\u00e9e comme l\u2019\u00e9picentre du virus.<\/p>\n<p>\u00a0Selon M. Mosepele, il semblerait que la propagation du coronavirus soit end\u00e9mique sur les lieux de travail o\u00f9 les employ\u00e9s se r\u00e9unissaient habituellement pour des r\u00e9unions et mangeaient ensemble sans adh\u00e9rer aux protocoles Covid-19.<\/p>\n<p>\u00a0Il a conseill\u00e9 aux employ\u00e9s d\u2019\u00e9viter de converger dans des zones ferm\u00e9es pour le d\u00e9jeuner, mais de prendre plut\u00f4t leurs repas dans des espaces ouverts o\u00f9 ils pourraient pratiquer la distanciation sociale.<\/p>\n<p>\u00a0Il a \u00e9galement appel\u00e9 les employeurs \u00e0 adopter la nouvelle norme du travail par roulement pour minimiser l\u2019interaction entre employ\u00e9s.<\/p>\n<\/div>\n<p>Auteur: APA News<br \/>\n<a href=\"https:\/\/www.journalducameroun.com\/gaborone-inquiet-de-la-hausse-quotidienne-des-cas-de-covid-19\/\">Cliquez ici pour lire l&rsquo;article depuis sa source.<\/a><\/p>\n","protected":false},"excerpt":{"rendered":"<p>Publi\u00e9 le 08.10.2020 \u00e0 23h18 par APA News Le gouvernement du Botswana a exprim\u00e9 son inqui\u00e9tude face \u00e0 l\u2019augmentation quotidienne des infections \u00e0 la Covid-19, alors que le pays a r\u00e9v\u00e9l\u00e9 avoir enregistr\u00e9 plus de 1.200 nouveaux cas sur une p\u00e9riode de 10 jours \u00e0 partir de la fin septembre.Mosepele Mosepele, coordinateur adjoint du groupe [&hellip;]<\/p>\n","protected":false},"author":1965,"featured_media":0,"comment_status":"closed","ping_status":"closed","sticky":false,"template":"","format":"standard","meta":{"fifu_image_url":"","fifu_image_alt":"","footnotes":""},"categories":[73,82],"tags":[],"class_list":["post-101240","post","type-post","status-publish","format-standard","hentry","category-actualite","category-cameroun"],"_links":{"self":[{"href":"https:\/\/linitiative.ca\/International\/wp-json\/wp\/v2\/posts\/101240","targetHints":{"allow":["GET"]}}],"collection":[{"href":"https:\/\/linitiative.ca\/International\/wp-json\/wp\/v2\/posts"}],"about":[{"href":"https:\/\/linitiative.ca\/International\/wp-json\/wp\/v2\/types\/post"}],"author":[{"embeddable":true,"href":"https:\/\/linitiative.ca\/International\/wp-json\/wp\/v2\/users\/1965"}],"replies":[{"embeddable":true,"href":"https:\/\/linitiative.ca\/International\/wp-json\/wp\/v2\/comments?post=101240"}],"version-history":[{"count":0,"href":"https:\/\/linitiative.ca\/International\/wp-json\/wp\/v2\/posts\/101240\/revisions"}],"wp:attachment":[{"href":"https:\/\/linitiative.ca\/International\/wp-json\/wp\/v2\/media?parent=101240"}],"wp:term":[{"taxonomy":"category","embeddable":true,"href":"https:\/\/linitiative.ca\/International\/wp-json\/wp\/v2\/categories?post=101240"},{"taxonomy":"post_tag","embeddable":true,"href":"https:\/\/linitiative.ca\/International\/wp-json\/wp\/v2\/tags?post=101240"}],"curies":[{"name":"wp","href":"https:\/\/api.w.org\/{rel}","templated":true}]}}